{"id":20719,"date":"2020-05-02T12:24:46","date_gmt":"2020-05-02T15:24:46","guid":{"rendered":"http:\/\/www.rtvnoticias.com.ar\/?p=20719"},"modified":"2020-05-02T12:24:49","modified_gmt":"2020-05-02T15:24:49","slug":"hijos-de-padres-separados-pueden-cambiar-de-casa-una-vez-por-semana","status":"publish","type":"post","link":"http:\/\/www.rtvnoticias.com.ar\/?p=20719","title":{"rendered":"Hijos de padres separados pueden cambiar de casa una vez por semana"},"content":{"rendered":"\n<p>El Gobierno nacional autoriz\u00f3 que los ni\u00f1os y adolescentes hijos de padres separados puedan romper la cuarentena una vez por semana para alternar entre las casas de sus padres.<\/p>\n\n\n\n<p>Seg\u00fan se detalla en la Decisi\u00f3n Administrativa 703, publicada hoy en el Bolet\u00edn Oficial, la medida apunta a\u00a0garantizar el derecho de los menores a \u201cmantener relaciones personales y contacto directo con progenitores o referentes afectivos\u201d\u00a0en el marco del aislamiento social, preventivo y obligatorio.<\/p>\n\n\n\n<p>El documento, firmado por el jefe de Gabinete,\u00a0Santiago Cafiero, y los ministros de Salud,\u00a0Gin\u00e9s Gonz\u00e1lez Garc\u00eda; de Desarrollo Social,\u00a0Daniel Arroyo, y de Mujeres, G\u00e9nero y Diversidad,\u00a0Elizabeth G\u00f3mez Alcorta, orden\u00f3\u00a0\u201cincorporar al listado de excepciones al cumplimiento del aislamiento social, preventivo y obligatorio y a la prohibici\u00f3n de circular\u201d\u00a0a los ni\u00f1os, ni\u00f1as y adolescentes que se encuentren en esta situaci\u00f3n.<\/p>\n\n\n\n<p>As\u00ed, quedar\u00e1n exceptuados de la cuarentena y de la prohibici\u00f3n de circular, siempre y cuando se dirijan hacia el domicilio de uno de sus progenitores.\u00a0S\u00f3lo podr\u00e1n trasladarse una vez por semana y deber\u00e1n portar completa la declaraci\u00f3n jurada aprobada por la Resoluci\u00f3n N\u00b0 132\/20 del Ministerio de Desarrollo Social.\u00a0En el caso de familias monoparentales podr\u00e1n ir tambi\u00e9n al hogar de un \u201creferente afectivo\u201d.<\/p>\n\n\n\n<p>En sus considerandos, la norma se\u00f1ala que la Convenci\u00f3n sobre los Derechos del Ni\u00f1o, en su art\u00edculo 9, inciso 3, establece que los Estados siempre respetar\u00e1n el derecho del ni\u00f1o que est\u00e9 separado de uno o de ambos padres a \u201cmantener relaciones personales y contacto directo con ambos de modo regular, salvo si ello es contrario al inter\u00e9s superior del ni\u00f1o\u201d.<\/p>\n\n\n\n<p>El decreto fue firmado por el jefe de Gabinete, Santiago Cafiero, despu\u00e9s de una decisi\u00f3n tomada a instancias de la Secretar\u00eda Nacional de Ni\u00f1ez, Adolescencia y Familia, del Ministerio de Desarrollo Social y del Ministerio de Mujeres. Previamente, la defensora de Ni\u00f1os, Ni\u00f1as y Adolescentes, Marisa Graham, se hab\u00eda pronunciado en el mismo sentido.<\/p>\n\n\n\n<p>Fuente: infobae<\/p>\n<div class=\"sharedaddy sd-sharing-enabled\"><div class=\"robots-nocontent sd-block sd-social sd-social-icon sd-sharing\"><h3 class=\"sd-title\">Comparte esto:<\/h3><div class=\"sd-content\"><ul><li class=\"share-twitter\"><a rel=\"nofollow noopener noreferrer\" data-shared=\"sharing-twitter-20719\" class=\"share-twitter sd-button share-icon no-text\" href=\"http:\/\/www.rtvnoticias.com.ar\/?p=20719&amp;share=twitter\" target=\"_blank\" title=\"Haz clic para compartir en Twitter\"><span><\/span><span class=\"sharing-screen-reader-text\">Haz clic para compartir en Twitter (Se abre en una ventana nueva)<\/span><\/a><\/li><li class=\"share-facebook\"><a rel=\"nofollow noopener noreferrer\" data-shared=\"sharing-facebook-20719\" class=\"share-facebook sd-button share-icon no-text\" href=\"http:\/\/www.rtvnoticias.com.ar\/?p=20719&amp;share=facebook\" target=\"_blank\" title=\"Haz clic para compartir en Facebook\"><span><\/span><span class=\"sharing-screen-reader-text\">Haz clic para compartir en Facebook (Se abre en una ventana nueva)<\/span><\/a><\/li><li class=\"share-jetpack-whatsapp\"><a rel=\"nofollow noopener noreferrer\" data-shared=\"\" class=\"share-jetpack-whatsapp sd-button share-icon no-text\" href=\"http:\/\/www.rtvnoticias.com.ar\/?p=20719&amp;share=jetpack-whatsapp\" target=\"_blank\" title=\"Haz clic para compartir en WhatsApp\"><span><\/span><span class=\"sharing-screen-reader-text\">Haz clic para compartir en WhatsApp (Se abre en una ventana nueva)<\/span><\/a><\/li><li class=\"share-telegram\"><a rel=\"nofollow noopener noreferrer\" data-shared=\"\" class=\"share-telegram sd-button share-icon no-text\" href=\"http:\/\/www.rtvnoticias.com.ar\/?p=20719&amp;share=telegram\" target=\"_blank\" title=\"Haz clic para compartir en Telegram\"><span><\/span><span class=\"sharing-screen-reader-text\">Haz clic para compartir en Telegram (Se abre en una ventana nueva)<\/span><\/a><\/li><li class=\"share-end\"><\/li><\/ul><\/div><\/div><\/div>","protected":false},"excerpt":{"rendered":"<p>El Gobierno nacional autoriz\u00f3 que los ni\u00f1os y adolescentes hijos de padres separados puedan romper la cuarentena una vez por semana para alternar entre las<\/p>\n<div class=\"sharedaddy sd-sharing-enabled\"><div class=\"robots-nocontent sd-block sd-social sd-social-icon sd-sharing\"><h3 class=\"sd-title\">Comparte esto:<\/h3><div class=\"sd-content\"><ul><li class=\"share-twitter\"><a rel=\"nofollow noopener noreferrer\" data-shared=\"sharing-twitter-20719\" class=\"share-twitter sd-button share-icon no-text\" href=\"http:\/\/www.rtvnoticias.com.ar\/?p=20719&amp;share=twitter\" target=\"_blank\" title=\"Haz clic para compartir en Twitter\"><span><\/span><span class=\"sharing-screen-reader-text\">Haz clic para compartir en Twitter (Se abre en una ventana nueva)<\/span><\/a><\/li><li class=\"share-facebook\"><a rel=\"nofollow noopener noreferrer\" data-shared=\"sharing-facebook-20719\" class=\"share-facebook sd-button share-icon no-text\" href=\"http:\/\/www.rtvnoticias.com.ar\/?p=20719&amp;share=facebook\" target=\"_blank\" title=\"Haz clic para compartir en Facebook\"><span><\/span><span class=\"sharing-screen-reader-text\">Haz clic para compartir en Facebook (Se abre en una ventana nueva)<\/span><\/a><\/li><li class=\"share-jetpack-whatsapp\"><a rel=\"nofollow noopener noreferrer\" data-shared=\"\" class=\"share-jetpack-whatsapp sd-button share-icon no-text\" href=\"http:\/\/www.rtvnoticias.com.ar\/?p=20719&amp;share=jetpack-whatsapp\" target=\"_blank\" title=\"Haz clic para compartir en WhatsApp\"><span><\/span><span class=\"sharing-screen-reader-text\">Haz clic para compartir en WhatsApp (Se abre en una ventana nueva)<\/span><\/a><\/li><li class=\"share-telegram\"><a rel=\"nofollow noopener noreferrer\" data-shared=\"\" class=\"share-telegram sd-button share-icon no-text\" href=\"http:\/\/www.rtvnoticias.com.ar\/?p=20719&amp;share=telegram\" target=\"_blank\" title=\"Haz clic para compartir en Telegram\"><span><\/span><span class=\"sharing-screen-reader-text\">Haz clic para compartir en Telegram (Se abre en una ventana nueva)<\/span><\/a><\/li><li class=\"share-end\"><\/li><\/ul><\/div><\/div><\/div>","protected":false},"author":5,"featured_media":20720,"comment_status":"closed","ping_status":"closed","sticky":false,"template":"","format":"standard","meta":{"spay_email":"","jetpack_publicize_message":"","jetpack_is_tweetstorm":false,"jetpack_publicize_feature_enabled":true},"categories":[5],"tags":[3257],"jetpack_featured_media_url":"http:\/\/www.rtvnoticias.com.ar\/wp-content\/uploads\/2020\/05\/padre-ni\u00f1o-caminando.jpg","jetpack_publicize_connections":[],"jetpack_sharing_enabled":true,"_links":{"self":[{"href":"http:\/\/www.rtvnoticias.com.ar\/index.php?rest_route=\/wp\/v2\/posts\/20719"}],"collection":[{"href":"http:\/\/www.rtvnoticias.com.ar\/index.php?rest_route=\/wp\/v2\/posts"}],"about":[{"href":"http:\/\/www.rtvnoticias.com.ar\/index.php?rest_route=\/wp\/v2\/types\/post"}],"author":[{"embeddable":true,"href":"http:\/\/www.rtvnoticias.com.ar\/index.php?rest_route=\/wp\/v2\/users\/5"}],"replies":[{"embeddable":true,"href":"http:\/\/www.rtvnoticias.com.ar\/index.php?rest_route=%2Fwp%2Fv2%2Fcomments&post=20719"}],"version-history":[{"count":1,"href":"http:\/\/www.rtvnoticias.com.ar\/index.php?rest_route=\/wp\/v2\/posts\/20719\/revisions"}],"predecessor-version":[{"id":20721,"href":"http:\/\/www.rtvnoticias.com.ar\/index.php?rest_route=\/wp\/v2\/posts\/20719\/revisions\/20721"}],"wp:featuredmedia":[{"embeddable":true,"href":"http:\/\/www.rtvnoticias.com.ar\/index.php?rest_route=\/wp\/v2\/media\/20720"}],"wp:attachment":[{"href":"http:\/\/www.rtvnoticias.com.ar\/index.php?rest_route=%2Fwp%2Fv2%2Fmedia&parent=20719"}],"wp:term":[{"taxonomy":"category","embeddable":true,"href":"http:\/\/www.rtvnoticias.com.ar\/index.php?rest_route=%2Fwp%2Fv2%2Fcategories&post=20719"},{"taxonomy":"post_tag","embeddable":true,"href":"http:\/\/www.rtvnoticias.com.ar\/index.php?rest_route=%2Fwp%2Fv2%2Ftags&post=20719"}],"curies":[{"name":"wp","href":"https:\/\/api.w.org\/{rel}","templated":true}]}}