{"id":20722,"date":"2020-05-02T12:56:40","date_gmt":"2020-05-02T15:56:40","guid":{"rendered":"http:\/\/www.rtvnoticias.com.ar\/?p=20722"},"modified":"2020-05-02T12:56:46","modified_gmt":"2020-05-02T15:56:46","slug":"covid-19-764-profesionales-de-la-salud-infectados-en-todo-el-pais-los-fallecidos-ascienden-a-9","status":"publish","type":"post","link":"http:\/\/www.rtvnoticias.com.ar\/?p=20722","title":{"rendered":"COVID-19: 764 profesionales de la salud infectados en todo el pa\u00eds. Los fallecidos ascienden a 9"},"content":{"rendered":"\n<p class=\"has-text-color has-background has-very-light-gray-color has-vivid-cyan-blue-background-color\">El personal m\u00e9dico y no m\u00e9dico que se desempe\u00f1a en centros de salud constituye casi el 17% del total de casos detectados en todo el pa\u00eds de coronavirus.&nbsp;A la fecha son&nbsp;764 m\u00e9dicos, enfermeros, kinesi\u00f3logos, instrumentadores, camilleros, personal de limpieza, administrativo y de seguridad con COVID-19 positivo, sobre un total de 4.532 casos confirmados a nivel nacional. Los fallecidos suman 9.<\/p>\n\n\n\n<p>La informaci\u00f3n fue brindada por el Ministerio de Salud de la Naci\u00f3n esta ma\u00f1ana. La cifra supera el 10% del promedio de contagios entre personal sanitario a nivel mundial.&nbsp; La edad promedio del personal sanitario contagiado es de 30-39 a\u00f1os, el 63% son mujeres y el 37% son hombres.<\/p>\n\n\n\n<p>De esos 764 trabajadores de la salud que dieron COVID positivo,&nbsp;ya fallecieron 9, de los cuales 8 ten\u00edan complicaciones previas de salud,&nbsp;de acuerdo a lo informado esta ma\u00f1ana por la secretaria de Acceso a la Salud, Carla Vizzotti. El 3,3% sigue en terapia intensiva y el 26,2% fue dado de alta. A nivel nacional, los muertos totales por coronavirus ascienden a la fecha a 229, con una tasa de letalidad del 5%.<\/p>\n\n\n\n<p>Solo 49 profesionales y empleados del sector de la salud (6,4%) tienen antecedentes de viaje, mientras que 715 contrajeron el virus por transmisi\u00f3n vertical (contacto con paciente infectado), horizontal (por contacto con otros trabajadores de la salud en el \u00e1mbito laboral) o contacto estrecho con una persona con COVID-19.<\/p>\n\n\n\n<p>El n\u00famero del personal sanitario infectado crece a la par de los contagios entre la poblaci\u00f3n, en medio de&nbsp;reclamos porque no cuentan con los equipos de protecci\u00f3n necesarios, falta de capacitaci\u00f3n sobre c\u00f3mo utilizarlos, e insuficientes medidas de prevenci\u00f3n para quienes deben cuidar y atender a los enfermos.<\/p>\n\n\n\n<p>LA PAMPA<\/p>\n\n\n\n<p>Hasta este momento en la provincia de La Pampa no hay contagios en el personal de Salud P\u00fablica, no obstante el gobierno pampeano comenzar\u00e1 con la realizaci\u00f3n de test en las pr\u00f3ximas horas.<\/p>\n\n\n\n<p>La Pampa contin\u00faa hasta el informe de esta ma\u00f1ana sin nuevos casos positivos de COVID-19 en los \u00faltimos 22 d\u00edas.&nbsp;<\/p>\n<div class=\"sharedaddy sd-sharing-enabled\"><div class=\"robots-nocontent sd-block sd-social sd-social-icon sd-sharing\"><h3 class=\"sd-title\">Comparte esto:<\/h3><div class=\"sd-content\"><ul><li class=\"share-twitter\"><a rel=\"nofollow noopener noreferrer\" data-shared=\"sharing-twitter-20722\" class=\"share-twitter sd-button share-icon no-text\" href=\"http:\/\/www.rtvnoticias.com.ar\/?p=20722&amp;share=twitter\" target=\"_blank\" title=\"Haz clic para compartir en Twitter\"><span><\/span><span class=\"sharing-screen-reader-text\">Haz clic para compartir en Twitter (Se abre en una ventana nueva)<\/span><\/a><\/li><li class=\"share-facebook\"><a rel=\"nofollow noopener noreferrer\" data-shared=\"sharing-facebook-20722\" class=\"share-facebook sd-button share-icon no-text\" href=\"http:\/\/www.rtvnoticias.com.ar\/?p=20722&amp;share=facebook\" target=\"_blank\" title=\"Haz clic para compartir en Facebook\"><span><\/span><span class=\"sharing-screen-reader-text\">Haz clic para compartir en Facebook (Se abre en una ventana nueva)<\/span><\/a><\/li><li class=\"share-jetpack-whatsapp\"><a rel=\"nofollow noopener noreferrer\" data-shared=\"\" class=\"share-jetpack-whatsapp sd-button share-icon no-text\" href=\"http:\/\/www.rtvnoticias.com.ar\/?p=20722&amp;share=jetpack-whatsapp\" target=\"_blank\" title=\"Haz clic para compartir en WhatsApp\"><span><\/span><span class=\"sharing-screen-reader-text\">Haz clic para compartir en WhatsApp (Se abre en una ventana nueva)<\/span><\/a><\/li><li class=\"share-telegram\"><a rel=\"nofollow noopener noreferrer\" data-shared=\"\" class=\"share-telegram sd-button share-icon no-text\" href=\"http:\/\/www.rtvnoticias.com.ar\/?p=20722&amp;share=telegram\" target=\"_blank\" title=\"Haz clic para compartir en Telegram\"><span><\/span><span class=\"sharing-screen-reader-text\">Haz clic para compartir en Telegram (Se abre en una ventana nueva)<\/span><\/a><\/li><li class=\"share-end\"><\/li><\/ul><\/div><\/div><\/div>","protected":false},"excerpt":{"rendered":"<p>El personal m\u00e9dico y no m\u00e9dico que se desempe\u00f1a en centros de salud constituye casi el 17% del total de casos detectados en todo el<\/p>\n<div class=\"sharedaddy sd-sharing-enabled\"><div class=\"robots-nocontent sd-block sd-social sd-social-icon sd-sharing\"><h3 class=\"sd-title\">Comparte esto:<\/h3><div class=\"sd-content\"><ul><li class=\"share-twitter\"><a rel=\"nofollow noopener noreferrer\" data-shared=\"sharing-twitter-20722\" class=\"share-twitter sd-button share-icon no-text\" href=\"http:\/\/www.rtvnoticias.com.ar\/?p=20722&amp;share=twitter\" target=\"_blank\" title=\"Haz clic para compartir en Twitter\"><span><\/span><span class=\"sharing-screen-reader-text\">Haz clic para compartir en Twitter (Se abre en una ventana nueva)<\/span><\/a><\/li><li class=\"share-facebook\"><a rel=\"nofollow noopener noreferrer\" data-shared=\"sharing-facebook-20722\" class=\"share-facebook sd-button share-icon no-text\" href=\"http:\/\/www.rtvnoticias.com.ar\/?p=20722&amp;share=facebook\" target=\"_blank\" title=\"Haz clic para compartir en Facebook\"><span><\/span><span class=\"sharing-screen-reader-text\">Haz clic para compartir en Facebook (Se abre en una ventana nueva)<\/span><\/a><\/li><li class=\"share-jetpack-whatsapp\"><a rel=\"nofollow noopener noreferrer\" data-shared=\"\" class=\"share-jetpack-whatsapp sd-button share-icon no-text\" href=\"http:\/\/www.rtvnoticias.com.ar\/?p=20722&amp;share=jetpack-whatsapp\" target=\"_blank\" title=\"Haz clic para compartir en WhatsApp\"><span><\/span><span class=\"sharing-screen-reader-text\">Haz clic para compartir en WhatsApp (Se abre en una ventana nueva)<\/span><\/a><\/li><li class=\"share-telegram\"><a rel=\"nofollow noopener noreferrer\" data-shared=\"\" class=\"share-telegram sd-button share-icon no-text\" href=\"http:\/\/www.rtvnoticias.com.ar\/?p=20722&amp;share=telegram\" target=\"_blank\" title=\"Haz clic para compartir en Telegram\"><span><\/span><span class=\"sharing-screen-reader-text\">Haz clic para compartir en Telegram (Se abre en una ventana nueva)<\/span><\/a><\/li><li class=\"share-end\"><\/li><\/ul><\/div><\/div><\/div>","protected":false},"author":5,"featured_media":19703,"comment_status":"closed","ping_status":"closed","sticky":false,"template":"","format":"standard","meta":{"spay_email":"","jetpack_publicize_message":"","jetpack_is_tweetstorm":false,"jetpack_publicize_feature_enabled":true},"categories":[5],"tags":[3258],"jetpack_featured_media_url":"http:\/\/www.rtvnoticias.com.ar\/wp-content\/uploads\/2020\/04\/corona-viruses-4925839_640.jpg","jetpack_publicize_connections":[],"jetpack_sharing_enabled":true,"_links":{"self":[{"href":"http:\/\/www.rtvnoticias.com.ar\/index.php?rest_route=\/wp\/v2\/posts\/20722"}],"collection":[{"href":"http:\/\/www.rtvnoticias.com.ar\/index.php?rest_route=\/wp\/v2\/posts"}],"about":[{"href":"http:\/\/www.rtvnoticias.com.ar\/index.php?rest_route=\/wp\/v2\/types\/post"}],"author":[{"embeddable":true,"href":"http:\/\/www.rtvnoticias.com.ar\/index.php?rest_route=\/wp\/v2\/users\/5"}],"replies":[{"embeddable":true,"href":"http:\/\/www.rtvnoticias.com.ar\/index.php?rest_route=%2Fwp%2Fv2%2Fcomments&post=20722"}],"version-history":[{"count":1,"href":"http:\/\/www.rtvnoticias.com.ar\/index.php?rest_route=\/wp\/v2\/posts\/20722\/revisions"}],"predecessor-version":[{"id":20723,"href":"http:\/\/www.rtvnoticias.com.ar\/index.php?rest_route=\/wp\/v2\/posts\/20722\/revisions\/20723"}],"wp:featuredmedia":[{"embeddable":true,"href":"http:\/\/www.rtvnoticias.com.ar\/index.php?rest_route=\/wp\/v2\/media\/19703"}],"wp:attachment":[{"href":"http:\/\/www.rtvnoticias.com.ar\/index.php?rest_route=%2Fwp%2Fv2%2Fmedia&parent=20722"}],"wp:term":[{"taxonomy":"category","embeddable":true,"href":"http:\/\/www.rtvnoticias.com.ar\/index.php?rest_route=%2Fwp%2Fv2%2Fcategories&post=20722"},{"taxonomy":"post_tag","embeddable":true,"href":"http:\/\/www.rtvnoticias.com.ar\/index.php?rest_route=%2Fwp%2Fv2%2Ftags&post=20722"}],"curies":[{"name":"wp","href":"https:\/\/api.w.org\/{rel}","templated":true}]}}