{"id":20729,"date":"2020-05-02T20:54:28","date_gmt":"2020-05-02T23:54:28","guid":{"rendered":"http:\/\/www.rtvnoticias.com.ar\/?p=20729"},"modified":"2020-05-02T20:54:38","modified_gmt":"2020-05-02T23:54:38","slug":"comite-de-crisis-se-pidio-responsabilidad-social-con-las-nuevas-aperturas-a-la-cuarentena","status":"publish","type":"post","link":"http:\/\/www.rtvnoticias.com.ar\/?p=20729","title":{"rendered":"Comit\u00e9 de Crisis: se pidi\u00f3 responsabilidad social con las nuevas aperturas a la cuarentena"},"content":{"rendered":"\n<p><strong>Se reuni\u00f3 el Comit\u00e9 de Crisis de General Pico,  conformado por las principales instituciones de la ciudad. La reuni\u00f3n estuvo encabezada por la intendenta Fernanda Alonso y estuvieron presentes el subsecretario de Seguridad Ciudadana de la Provincia de La Pampa, Agust\u00edn Garc\u00eda\u00a0 y el secretario general del  Centro\u00a0 Empleados de Comercio,\u00a0 Daniel Lovera.\u00a0 <\/strong><\/p>\n\n\n\n<p>Se desarroll\u00f3 en el auditorio de Medano, una nueva  reuni\u00f3n del Comit\u00e9 de Crisis local, que cont\u00f3 la presencia de funcionarios locales, provinciales y nacionales y de representantes de diversas instituciones intermedias de la ciudad. <\/p>\n\n\n\n<p>El encuentro fue encabezado por la Intendenta Fernanda Alonso, quien estuvo  acompa\u00f1ada por el Senador Nacional Daniel Lovera y el Subsecretario de Seguridad Ciudadana de la Provincia de La Pampa, Agust\u00edn Garc\u00eda.<\/p>\n\n\n\n<p><strong>Nuevo Marco Normativo y Responsabilidad<\/strong><\/p>\n\n\n\n<p>Alonso record\u00f3 a los asistentes que forman parte del mencionado comit\u00e9, que estas\n reuniones&nbsp; son convocadas en cada ocasi\u00f3n&nbsp; en que se dispone de un marco normativo distinto: \u201cA partir de ayer rige una nueva disposici\u00f3n, en lo que respecta a las&nbsp; caminatas recreativas, y a partir del&nbsp; lunes, en&nbsp; lo comercial tambi\u00e9n habr\u00e1 algunas flexibilizaciones\u201d,\n dijo.<\/p>\n\n\n\n<p>La responsable del Departamento Ejecutivo Local&nbsp; indic\u00f3 la necesidad de que quienes\n tienen una responsabilidad social mayor, deben tener en claro los alcances del nuevo decreto,&nbsp; record\u00f3 tambi\u00e9n que en los negocios de la ciudad, sigue vigente el horario de atenci\u00f3n on line,&nbsp; 9 a 18 horas, pero que desde el lunes 4 de mayo, se incorporar\u00e1\n la modalidad presencial, de 14 a 18:00.<\/p>\n\n\n\n<p>\u201cEsta semana, desde la Direcci\u00f3n de Comercio,&nbsp; organizamos una recorrida, informando\n los protocolos que se tienen que cumplir en los diferentes puntos de venta habilitados para abrir sus puertas\u201d, dijo. Y una vez m\u00e1s apel\u00f3 a la responsabilidad de cada uno, ya que consider\u00f3 que de lo contrario ser\u00e1&nbsp; muy dif\u00edcil controlar el cumplimiento de\n las normas.<\/p>\n\n\n\n<p>Alonso les pidi\u00f3 a los representantes de las instituciones intermedias presentes,&nbsp;\n hacerse cargo de esta responsabilidad,&nbsp; ya que consider\u00f3 que se podr\u00eda&nbsp; producir un retroceso en la flexibilizaci\u00f3n que se ha alcanzado.<\/p>\n\n\n\n<p><strong>Seguridad y Salud<\/strong><\/p>\n\n\n\n<p>En sentido el Dr. Vianello, director del Hospital Gobernador Centeno, indic\u00f3&nbsp; que\n debemos seguir respetando el distanciamiento social, que las caminatas deben ser de no m\u00e1s de dos personas y&nbsp; que se debe tratar de no rozarnos con otras personas \u201cNo debemos desaprender,&nbsp; lo que ven\u00edamos haciendo hasta ahora\u201d.<\/p>\n\n\n\n<p>Todos los presentes coincidieron en su preocupaci\u00f3n por la relajaci\u00f3n percibida\n en la gente durante los \u00faltimos d\u00edas y que se ha manifestado en una mayor circulaci\u00f3n de personas en los lugares p\u00fablicos,&nbsp; muchas veces haciendo caso omiso a las indicaciones que se recomiendan, para evitar riesgo de contagio. Hecho que fue corroborado por\n el Comisario Cristian Dupuy, que inform\u00f3 que en el d\u00eda de ayer se labraron 160 actas y que esperan un n\u00famero similar para este s\u00e1bado.<\/p>\n\n\n\n<p>El subsecretario de Seguridad Ciudadana, por su parte, explic\u00f3 que la seguridad\n se ha&nbsp; reforzado en los diferentes puestos camineros ubicados en la provincia, con una intensidad que no ha habido&nbsp; en mucho tiempo.&nbsp;<\/p>\n\n\n\n<p><strong>Responsabilidad de los Comerciantes<\/strong><\/p>\n\n\n\n<p>Daniel Lovera agradeci\u00f3 a los comerciantes de General Pico, que desde un primer\n momento tuvieron la predisposici\u00f3n de cumplir con las medidas de aislamiento decretadas, a pesar del perjuicio econ\u00f3mico que esto conlleva: \u201cAhora, lo que no tenemos que hacer es relajarnos, cada uno desde su lugar debe hacer docencia, transmitir a la gente\n que no es salir a pasear, sino a comprar lo necesario y manteniendo recaudos\u201d, manifest\u00f3.<\/p>\n\n\n\n<p>Desde&nbsp; el Colegio de farmac\u00e9uticos, se\u00f1alaron que es muy importante que desde los\n comercios se explique y se&nbsp; eduque a la gente: \u201cEl comercio tiene que dar el ejemplo, debe ser el que ponga el l\u00edmites, el comerciante tiene que dar pautas claras\u201d, dijo Lorena Pereyra.<\/p>\n\n\n\n<p>Finalmente los funcionarios y los representantes de instituciones intermedias acordaron\n intensificar la difusi\u00f3n de las medidas preventivas, acrecentar los controles y apelar incesantemente a la responsabilidad que le cabe a cada persona desde su lugar, cualquiera sea, como parte de la comunidad.&nbsp;<\/p>\n<div class=\"sharedaddy sd-sharing-enabled\"><div class=\"robots-nocontent sd-block sd-social sd-social-icon sd-sharing\"><h3 class=\"sd-title\">Comparte esto:<\/h3><div class=\"sd-content\"><ul><li class=\"share-twitter\"><a rel=\"nofollow noopener noreferrer\" data-shared=\"sharing-twitter-20729\" class=\"share-twitter sd-button share-icon no-text\" href=\"http:\/\/www.rtvnoticias.com.ar\/?p=20729&amp;share=twitter\" target=\"_blank\" title=\"Haz clic para compartir en Twitter\"><span><\/span><span class=\"sharing-screen-reader-text\">Haz clic para compartir en Twitter (Se abre en una ventana nueva)<\/span><\/a><\/li><li class=\"share-facebook\"><a rel=\"nofollow noopener noreferrer\" data-shared=\"sharing-facebook-20729\" class=\"share-facebook sd-button share-icon no-text\" href=\"http:\/\/www.rtvnoticias.com.ar\/?p=20729&amp;share=facebook\" target=\"_blank\" title=\"Haz clic para compartir en Facebook\"><span><\/span><span class=\"sharing-screen-reader-text\">Haz clic para compartir en Facebook (Se abre en una ventana nueva)<\/span><\/a><\/li><li class=\"share-jetpack-whatsapp\"><a rel=\"nofollow noopener noreferrer\" data-shared=\"\" class=\"share-jetpack-whatsapp sd-button share-icon no-text\" href=\"http:\/\/www.rtvnoticias.com.ar\/?p=20729&amp;share=jetpack-whatsapp\" target=\"_blank\" title=\"Haz clic para compartir en WhatsApp\"><span><\/span><span class=\"sharing-screen-reader-text\">Haz clic para compartir en WhatsApp (Se abre en una ventana nueva)<\/span><\/a><\/li><li class=\"share-telegram\"><a rel=\"nofollow noopener noreferrer\" data-shared=\"\" class=\"share-telegram sd-button share-icon no-text\" href=\"http:\/\/www.rtvnoticias.com.ar\/?p=20729&amp;share=telegram\" target=\"_blank\" title=\"Haz clic para compartir en Telegram\"><span><\/span><span class=\"sharing-screen-reader-text\">Haz clic para compartir en Telegram (Se abre en una ventana nueva)<\/span><\/a><\/li><li class=\"share-end\"><\/li><\/ul><\/div><\/div><\/div>","protected":false},"excerpt":{"rendered":"<p>Se reuni\u00f3 el Comit\u00e9 de Crisis de General Pico, conformado por las principales instituciones de la ciudad. La reuni\u00f3n estuvo encabezada por la intendenta Fernanda<\/p>\n<div class=\"sharedaddy sd-sharing-enabled\"><div class=\"robots-nocontent sd-block sd-social sd-social-icon sd-sharing\"><h3 class=\"sd-title\">Comparte esto:<\/h3><div class=\"sd-content\"><ul><li class=\"share-twitter\"><a rel=\"nofollow noopener noreferrer\" data-shared=\"sharing-twitter-20729\" class=\"share-twitter sd-button share-icon no-text\" href=\"http:\/\/www.rtvnoticias.com.ar\/?p=20729&amp;share=twitter\" target=\"_blank\" title=\"Haz clic para compartir en Twitter\"><span><\/span><span class=\"sharing-screen-reader-text\">Haz clic para compartir en Twitter (Se abre en una ventana nueva)<\/span><\/a><\/li><li class=\"share-facebook\"><a rel=\"nofollow noopener noreferrer\" data-shared=\"sharing-facebook-20729\" class=\"share-facebook sd-button share-icon no-text\" href=\"http:\/\/www.rtvnoticias.com.ar\/?p=20729&amp;share=facebook\" target=\"_blank\" title=\"Haz clic para compartir en Facebook\"><span><\/span><span class=\"sharing-screen-reader-text\">Haz clic para compartir en Facebook (Se abre en una ventana nueva)<\/span><\/a><\/li><li class=\"share-jetpack-whatsapp\"><a rel=\"nofollow noopener noreferrer\" data-shared=\"\" class=\"share-jetpack-whatsapp sd-button share-icon no-text\" href=\"http:\/\/www.rtvnoticias.com.ar\/?p=20729&amp;share=jetpack-whatsapp\" target=\"_blank\" title=\"Haz clic para compartir en WhatsApp\"><span><\/span><span class=\"sharing-screen-reader-text\">Haz clic para compartir en WhatsApp (Se abre en una ventana nueva)<\/span><\/a><\/li><li class=\"share-telegram\"><a rel=\"nofollow noopener noreferrer\" data-shared=\"\" class=\"share-telegram sd-button share-icon no-text\" href=\"http:\/\/www.rtvnoticias.com.ar\/?p=20729&amp;share=telegram\" target=\"_blank\" title=\"Haz clic para compartir en Telegram\"><span><\/span><span class=\"sharing-screen-reader-text\">Haz clic para compartir en Telegram (Se abre en una ventana nueva)<\/span><\/a><\/li><li class=\"share-end\"><\/li><\/ul><\/div><\/div><\/div>","protected":false},"author":5,"featured_media":20730,"comment_status":"closed","ping_status":"closed","sticky":false,"template":"","format":"standard","meta":{"spay_email":"","jetpack_publicize_message":"","jetpack_is_tweetstorm":false,"jetpack_publicize_feature_enabled":true},"categories":[3,1],"tags":[3259],"jetpack_featured_media_url":"http:\/\/www.rtvnoticias.com.ar\/wp-content\/uploads\/2020\/05\/comit\u00e9-crisis-2.jpg","jetpack_publicize_connections":[],"jetpack_sharing_enabled":true,"_links":{"self":[{"href":"http:\/\/www.rtvnoticias.com.ar\/index.php?rest_route=\/wp\/v2\/posts\/20729"}],"collection":[{"href":"http:\/\/www.rtvnoticias.com.ar\/index.php?rest_route=\/wp\/v2\/posts"}],"about":[{"href":"http:\/\/www.rtvnoticias.com.ar\/index.php?rest_route=\/wp\/v2\/types\/post"}],"author":[{"embeddable":true,"href":"http:\/\/www.rtvnoticias.com.ar\/index.php?rest_route=\/wp\/v2\/users\/5"}],"replies":[{"embeddable":true,"href":"http:\/\/www.rtvnoticias.com.ar\/index.php?rest_route=%2Fwp%2Fv2%2Fcomments&post=20729"}],"version-history":[{"count":1,"href":"http:\/\/www.rtvnoticias.com.ar\/index.php?rest_route=\/wp\/v2\/posts\/20729\/revisions"}],"predecessor-version":[{"id":20731,"href":"http:\/\/www.rtvnoticias.com.ar\/index.php?rest_route=\/wp\/v2\/posts\/20729\/revisions\/20731"}],"wp:featuredmedia":[{"embeddable":true,"href":"http:\/\/www.rtvnoticias.com.ar\/index.php?rest_route=\/wp\/v2\/media\/20730"}],"wp:attachment":[{"href":"http:\/\/www.rtvnoticias.com.ar\/index.php?rest_route=%2Fwp%2Fv2%2Fmedia&parent=20729"}],"wp:term":[{"taxonomy":"category","embeddable":true,"href":"http:\/\/www.rtvnoticias.com.ar\/index.php?rest_route=%2Fwp%2Fv2%2Fcategories&post=20729"},{"taxonomy":"post_tag","embeddable":true,"href":"http:\/\/www.rtvnoticias.com.ar\/index.php?rest_route=%2Fwp%2Fv2%2Ftags&post=20729"}],"curies":[{"name":"wp","href":"https:\/\/api.w.org\/{rel}","templated":true}]}}