{"id":20734,"date":"2020-05-03T08:00:22","date_gmt":"2020-05-03T11:00:22","guid":{"rendered":"http:\/\/www.rtvnoticias.com.ar\/?p=20734"},"modified":"2020-05-02T21:53:43","modified_gmt":"2020-05-03T00:53:43","slug":"san-luis-toma-drastica-decision-empleados-publicos-que-no-cumplan-con-la-cuarentena-seran-echados","status":"publish","type":"post","link":"http:\/\/www.rtvnoticias.com.ar\/?p=20734","title":{"rendered":"San Luis toma dr\u00e1stica decisi\u00f3n: Empleados P\u00fablicos que no cumplan con la cuarentena ser\u00e1n echados"},"content":{"rendered":"\n<p>Los\u00a0empleados p\u00fablicos de la provincia de San Luis que violen el aislamiento social obligatorio\u00a0dispuesto para mitigar el avance del coronavirus\u00a0ser\u00e1n \u00abseparados\u00bb de sus cargos, anunci\u00f3 el gobernador Alberto Rodr\u00edguez Sa\u00e1<\/p>\n\n\n\n<p>\u00abNo son muchos, es un porcentaje muy chiquito\u00bb, aclar\u00f3 y advirti\u00f3 que quienes \u00absean sorprendidos con esta actitud, se les iniciar\u00e1n los\u00a0sumarios\u00a0correspondientes, mientras que en caso de comprobarse que han violado el aislamiento preventivo y obligatorio ser\u00e1n\u00a0separados de la administraci\u00f3n p\u00fablica\u00bb.<\/p>\n\n\n\n<p>Asegur\u00f3 que incumplir con esta medida obligatoria \u00abrepresenta un antecedente penal, una mancha que queda para siempre\u00bb, y agreg\u00f3 que en el listado de infractores \u00abfiguran beneficiarios del\u00a0Plan de Inclusi\u00f3n\u00bb, a quienes de corroborarse esa actitud, \u00ablos vamos a asistir con lo necesario, como en alimentos, pero no volver\u00e1n al Plan\u00bb.<\/p>\n\n\n\n<p>\u00abNo queremos gente as\u00ed\u00bb, sostuvo el gobernador, al mencionar los 303 casos de infractores registrados el s\u00e1bado, que elevan a 1.585 personas la cifra de personas que violaron hasta el momento la cuarentena en todo el territorio sanluise\u00f1o.<\/p>\n\n\n\n<p>Muchas de las personas que no cumplen el aislamiento social \u00abson j\u00f3venes y creen que si les pasar, va a ser algo leve\u00bb, describi\u00f3 el mandatario y destac\u00f3 que \u00abesa no es la cuesti\u00f3n\u00bb porque si adquieren la enfermedad y salen se \u00abconvierten en una fuente de contagio enorme y el virus va a una velocidad impresionante\u00bb.<\/p>\n\n\n\n<p>Finalmente, asegur\u00f3 que se seguir\u00e1 en San Luis \u00abcon la pol\u00edtica de controlar estrictamente que no salgas de tu casa\u00bb y aconsej\u00f3 trayectos de salida cortos, como el de \u00abir al almac\u00e9n m\u00e1s cercano\u00bb y no buscar \u00abpretextos para salir a pasear\u00bb.<\/p>\n<div class=\"sharedaddy sd-sharing-enabled\"><div class=\"robots-nocontent sd-block sd-social sd-social-icon sd-sharing\"><h3 class=\"sd-title\">Comparte esto:<\/h3><div class=\"sd-content\"><ul><li class=\"share-twitter\"><a rel=\"nofollow noopener noreferrer\" data-shared=\"sharing-twitter-20734\" class=\"share-twitter sd-button share-icon no-text\" href=\"http:\/\/www.rtvnoticias.com.ar\/?p=20734&amp;share=twitter\" target=\"_blank\" title=\"Haz clic para compartir en Twitter\"><span><\/span><span class=\"sharing-screen-reader-text\">Haz clic para compartir en Twitter (Se abre en una ventana nueva)<\/span><\/a><\/li><li class=\"share-facebook\"><a rel=\"nofollow noopener noreferrer\" data-shared=\"sharing-facebook-20734\" class=\"share-facebook sd-button share-icon no-text\" href=\"http:\/\/www.rtvnoticias.com.ar\/?p=20734&amp;share=facebook\" target=\"_blank\" title=\"Haz clic para compartir en Facebook\"><span><\/span><span class=\"sharing-screen-reader-text\">Haz clic para compartir en Facebook (Se abre en una ventana nueva)<\/span><\/a><\/li><li class=\"share-jetpack-whatsapp\"><a rel=\"nofollow noopener noreferrer\" data-shared=\"\" class=\"share-jetpack-whatsapp sd-button share-icon no-text\" href=\"http:\/\/www.rtvnoticias.com.ar\/?p=20734&amp;share=jetpack-whatsapp\" target=\"_blank\" title=\"Haz clic para compartir en WhatsApp\"><span><\/span><span class=\"sharing-screen-reader-text\">Haz clic para compartir en WhatsApp (Se abre en una ventana nueva)<\/span><\/a><\/li><li class=\"share-telegram\"><a rel=\"nofollow noopener noreferrer\" data-shared=\"\" class=\"share-telegram sd-button share-icon no-text\" href=\"http:\/\/www.rtvnoticias.com.ar\/?p=20734&amp;share=telegram\" target=\"_blank\" title=\"Haz clic para compartir en Telegram\"><span><\/span><span class=\"sharing-screen-reader-text\">Haz clic para compartir en Telegram (Se abre en una ventana nueva)<\/span><\/a><\/li><li class=\"share-end\"><\/li><\/ul><\/div><\/div><\/div>","protected":false},"excerpt":{"rendered":"<p>Los\u00a0empleados p\u00fablicos de la provincia de San Luis que violen el aislamiento social obligatorio\u00a0dispuesto para mitigar el avance del coronavirus\u00a0ser\u00e1n \u00abseparados\u00bb de sus cargos, anunci\u00f3<\/p>\n<div class=\"sharedaddy sd-sharing-enabled\"><div class=\"robots-nocontent sd-block sd-social sd-social-icon sd-sharing\"><h3 class=\"sd-title\">Comparte esto:<\/h3><div class=\"sd-content\"><ul><li class=\"share-twitter\"><a rel=\"nofollow noopener noreferrer\" data-shared=\"sharing-twitter-20734\" class=\"share-twitter sd-button share-icon no-text\" href=\"http:\/\/www.rtvnoticias.com.ar\/?p=20734&amp;share=twitter\" target=\"_blank\" title=\"Haz clic para compartir en Twitter\"><span><\/span><span class=\"sharing-screen-reader-text\">Haz clic para compartir en Twitter (Se abre en una ventana nueva)<\/span><\/a><\/li><li class=\"share-facebook\"><a rel=\"nofollow noopener noreferrer\" data-shared=\"sharing-facebook-20734\" class=\"share-facebook sd-button share-icon no-text\" href=\"http:\/\/www.rtvnoticias.com.ar\/?p=20734&amp;share=facebook\" target=\"_blank\" title=\"Haz clic para compartir en Facebook\"><span><\/span><span class=\"sharing-screen-reader-text\">Haz clic para compartir en Facebook (Se abre en una ventana nueva)<\/span><\/a><\/li><li class=\"share-jetpack-whatsapp\"><a rel=\"nofollow noopener noreferrer\" data-shared=\"\" class=\"share-jetpack-whatsapp sd-button share-icon no-text\" href=\"http:\/\/www.rtvnoticias.com.ar\/?p=20734&amp;share=jetpack-whatsapp\" target=\"_blank\" title=\"Haz clic para compartir en WhatsApp\"><span><\/span><span class=\"sharing-screen-reader-text\">Haz clic para compartir en WhatsApp (Se abre en una ventana nueva)<\/span><\/a><\/li><li class=\"share-telegram\"><a rel=\"nofollow noopener noreferrer\" data-shared=\"\" class=\"share-telegram sd-button share-icon no-text\" href=\"http:\/\/www.rtvnoticias.com.ar\/?p=20734&amp;share=telegram\" target=\"_blank\" title=\"Haz clic para compartir en Telegram\"><span><\/span><span class=\"sharing-screen-reader-text\">Haz clic para compartir en Telegram (Se abre en una ventana nueva)<\/span><\/a><\/li><li class=\"share-end\"><\/li><\/ul><\/div><\/div><\/div>","protected":false},"author":5,"featured_media":20735,"comment_status":"closed","ping_status":"closed","sticky":false,"template":"","format":"standard","meta":{"spay_email":"","jetpack_publicize_message":"","jetpack_is_tweetstorm":false,"jetpack_publicize_feature_enabled":true},"categories":[5],"tags":[3261],"jetpack_featured_media_url":"http:\/\/www.rtvnoticias.com.ar\/wp-content\/uploads\/2020\/05\/rodr\u00edguez-sa\u00e1.jpg","jetpack_publicize_connections":[],"jetpack_sharing_enabled":true,"_links":{"self":[{"href":"http:\/\/www.rtvnoticias.com.ar\/index.php?rest_route=\/wp\/v2\/posts\/20734"}],"collection":[{"href":"http:\/\/www.rtvnoticias.com.ar\/index.php?rest_route=\/wp\/v2\/posts"}],"about":[{"href":"http:\/\/www.rtvnoticias.com.ar\/index.php?rest_route=\/wp\/v2\/types\/post"}],"author":[{"embeddable":true,"href":"http:\/\/www.rtvnoticias.com.ar\/index.php?rest_route=\/wp\/v2\/users\/5"}],"replies":[{"embeddable":true,"href":"http:\/\/www.rtvnoticias.com.ar\/index.php?rest_route=%2Fwp%2Fv2%2Fcomments&post=20734"}],"version-history":[{"count":1,"href":"http:\/\/www.rtvnoticias.com.ar\/index.php?rest_route=\/wp\/v2\/posts\/20734\/revisions"}],"predecessor-version":[{"id":20736,"href":"http:\/\/www.rtvnoticias.com.ar\/index.php?rest_route=\/wp\/v2\/posts\/20734\/revisions\/20736"}],"wp:featuredmedia":[{"embeddable":true,"href":"http:\/\/www.rtvnoticias.com.ar\/index.php?rest_route=\/wp\/v2\/media\/20735"}],"wp:attachment":[{"href":"http:\/\/www.rtvnoticias.com.ar\/index.php?rest_route=%2Fwp%2Fv2%2Fmedia&parent=20734"}],"wp:term":[{"taxonomy":"category","embeddable":true,"href":"http:\/\/www.rtvnoticias.com.ar\/index.php?rest_route=%2Fwp%2Fv2%2Fcategories&post=20734"},{"taxonomy":"post_tag","embeddable":true,"href":"http:\/\/www.rtvnoticias.com.ar\/index.php?rest_route=%2Fwp%2Fv2%2Ftags&post=20734"}],"curies":[{"name":"wp","href":"https:\/\/api.w.org\/{rel}","templated":true}]}}