{"id":20746,"date":"2020-05-04T11:57:53","date_gmt":"2020-05-04T14:57:53","guid":{"rendered":"http:\/\/www.rtvnoticias.com.ar\/?p=20746"},"modified":"2020-05-04T11:57:59","modified_gmt":"2020-05-04T14:57:59","slug":"aseguran-que-la-cuarentena-va-a-seguir-despues-del-10-de-mayo","status":"publish","type":"post","link":"http:\/\/www.rtvnoticias.com.ar\/?p=20746","title":{"rendered":"Aseguran que \u00abla cuarentena va a seguir despu\u00e9s del 10 de mayo\u00bb"},"content":{"rendered":"\n<p>Con la presi\u00f3n ejercida por sectores de la producci\u00f3n sobre gobernadores e intendentes para que except\u00faen nuevas actividades al aislamiento obligatorio, el presidente Alberto Fern\u00e1ndez comenzar\u00e1 esta semana una nueva ronda de consultas con especialistas sanitarios para finalmente definir con los mandatarios provinciales como proseguir  con la cuarentena administrada despu\u00e9s del pr\u00f3ximo domingo. <\/p>\n\n\n\n<p>El ministro de Producci\u00f3n, Mat\u00edas Kulfas, se\u00f1al\u00f3 este domingo que a lo largo del mes en curso la cuarentena se flexibilizar\u00e1 y ser\u00e1n varias las actividades que volver\u00e1n a funcionar, aunque busc\u00f3 no dar precisiones sobre cu\u00e1ndo se producir\u00e1 la normalizaci\u00f3n de \u00abla actividad econ\u00f3mica\u00bb. <\/p>\n\n\n\n<p>El funcionario se\u00f1al\u00f3 que \u00abla actividad econ\u00f3mica comienza a tomar de a poco otro color\u00bb y afirm\u00f3 que se viene analizando cu\u00e1les ser\u00e1n las \u00abplantas del sector industrial que pueden volver a funcionar\u00bb y destac\u00f3 adem\u00e1s, que se evaluar\u00e1n medidas para ver de qu\u00e9 manera se pueden trasladar los trabajadores a las f\u00e1bricas; en ese sentido puntualiz\u00f3 que \u00abel gran tema a evitar es la aglomeraci\u00f3n en el transporte p\u00fablico\u00bb. <\/p>\n\n\n\n<p>Tambi\u00e9n el titular de la cartera de Salud, Gin\u00e9s Gonz\u00e1lez Garc\u00eda, advirti\u00f3 el s\u00e1bado en el marco de una visita realizada a C\u00f3rdoba con la intenci\u00f3n de hacer entrega de insumos m\u00e9dicos, que \u00abla cuarentena va a seguir despu\u00e9s del 10 de mayo\u00bb, aunque de diferentes maneras en base a la situaci\u00f3n geogr\u00e1fica del pa\u00eds. <\/p>\n\n\n\n<p>\u00abNo es lo mismo una provincia que no tiene casos a una que tiene circulaci\u00f3n comunitaria\u00bb, precis\u00f3 Gonz\u00e1lez Garc\u00eda, quien agreg\u00f3 que no son iguales \u00ablas medidas que debemos tener en los cuidados en cada uno de esos lugares\u00bb. <\/p>\n\n\n\n<p>Si bien los especialistas situaron a las dos \u00faltimas semanas de mayo como el per\u00edodo en que se podr\u00eda producir el mayor pico de contagios por coronavirus en la poblaci\u00f3n, lo cierto es que ante el ahogo econ\u00f3mico que vienen atravesando vastos sectores de la producci\u00f3n, los han llevado a presionar a gobernadores e intendentes para que except\u00faen nuevas actividades al aislamiento. <\/p>\n\n\n\n<p><\/p>\n<div class=\"sharedaddy sd-sharing-enabled\"><div class=\"robots-nocontent sd-block sd-social sd-social-icon sd-sharing\"><h3 class=\"sd-title\">Comparte esto:<\/h3><div class=\"sd-content\"><ul><li class=\"share-twitter\"><a rel=\"nofollow noopener noreferrer\" data-shared=\"sharing-twitter-20746\" class=\"share-twitter sd-button share-icon no-text\" href=\"http:\/\/www.rtvnoticias.com.ar\/?p=20746&amp;share=twitter\" target=\"_blank\" title=\"Haz clic para compartir en Twitter\"><span><\/span><span class=\"sharing-screen-reader-text\">Haz clic para compartir en Twitter (Se abre en una ventana nueva)<\/span><\/a><\/li><li class=\"share-facebook\"><a rel=\"nofollow noopener noreferrer\" data-shared=\"sharing-facebook-20746\" class=\"share-facebook sd-button share-icon no-text\" href=\"http:\/\/www.rtvnoticias.com.ar\/?p=20746&amp;share=facebook\" target=\"_blank\" title=\"Haz clic para compartir en Facebook\"><span><\/span><span class=\"sharing-screen-reader-text\">Haz clic para compartir en Facebook (Se abre en una ventana nueva)<\/span><\/a><\/li><li class=\"share-jetpack-whatsapp\"><a rel=\"nofollow noopener noreferrer\" data-shared=\"\" class=\"share-jetpack-whatsapp sd-button share-icon no-text\" href=\"http:\/\/www.rtvnoticias.com.ar\/?p=20746&amp;share=jetpack-whatsapp\" target=\"_blank\" title=\"Haz clic para compartir en WhatsApp\"><span><\/span><span class=\"sharing-screen-reader-text\">Haz clic para compartir en WhatsApp (Se abre en una ventana nueva)<\/span><\/a><\/li><li class=\"share-telegram\"><a rel=\"nofollow noopener noreferrer\" data-shared=\"\" class=\"share-telegram sd-button share-icon no-text\" href=\"http:\/\/www.rtvnoticias.com.ar\/?p=20746&amp;share=telegram\" target=\"_blank\" title=\"Haz clic para compartir en Telegram\"><span><\/span><span class=\"sharing-screen-reader-text\">Haz clic para compartir en Telegram (Se abre en una ventana nueva)<\/span><\/a><\/li><li class=\"share-end\"><\/li><\/ul><\/div><\/div><\/div>","protected":false},"excerpt":{"rendered":"<p>Con la presi\u00f3n ejercida por sectores de la producci\u00f3n sobre gobernadores e intendentes para que except\u00faen nuevas actividades al aislamiento obligatorio, el presidente Alberto Fern\u00e1ndez<\/p>\n<div class=\"sharedaddy sd-sharing-enabled\"><div class=\"robots-nocontent sd-block sd-social sd-social-icon sd-sharing\"><h3 class=\"sd-title\">Comparte esto:<\/h3><div class=\"sd-content\"><ul><li class=\"share-twitter\"><a rel=\"nofollow noopener noreferrer\" data-shared=\"sharing-twitter-20746\" class=\"share-twitter sd-button share-icon no-text\" href=\"http:\/\/www.rtvnoticias.com.ar\/?p=20746&amp;share=twitter\" target=\"_blank\" title=\"Haz clic para compartir en Twitter\"><span><\/span><span class=\"sharing-screen-reader-text\">Haz clic para compartir en Twitter (Se abre en una ventana nueva)<\/span><\/a><\/li><li class=\"share-facebook\"><a rel=\"nofollow noopener noreferrer\" data-shared=\"sharing-facebook-20746\" class=\"share-facebook sd-button share-icon no-text\" href=\"http:\/\/www.rtvnoticias.com.ar\/?p=20746&amp;share=facebook\" target=\"_blank\" title=\"Haz clic para compartir en Facebook\"><span><\/span><span class=\"sharing-screen-reader-text\">Haz clic para compartir en Facebook (Se abre en una ventana nueva)<\/span><\/a><\/li><li class=\"share-jetpack-whatsapp\"><a rel=\"nofollow noopener noreferrer\" data-shared=\"\" class=\"share-jetpack-whatsapp sd-button share-icon no-text\" href=\"http:\/\/www.rtvnoticias.com.ar\/?p=20746&amp;share=jetpack-whatsapp\" target=\"_blank\" title=\"Haz clic para compartir en WhatsApp\"><span><\/span><span class=\"sharing-screen-reader-text\">Haz clic para compartir en WhatsApp (Se abre en una ventana nueva)<\/span><\/a><\/li><li class=\"share-telegram\"><a rel=\"nofollow noopener noreferrer\" data-shared=\"\" class=\"share-telegram sd-button share-icon no-text\" href=\"http:\/\/www.rtvnoticias.com.ar\/?p=20746&amp;share=telegram\" target=\"_blank\" title=\"Haz clic para compartir en Telegram\"><span><\/span><span class=\"sharing-screen-reader-text\">Haz clic para compartir en Telegram (Se abre en una ventana nueva)<\/span><\/a><\/li><li class=\"share-end\"><\/li><\/ul><\/div><\/div><\/div>","protected":false},"author":7,"featured_media":19164,"comment_status":"closed","ping_status":"closed","sticky":false,"template":"","format":"standard","meta":{"spay_email":"","jetpack_publicize_message":"","jetpack_is_tweetstorm":false,"jetpack_publicize_feature_enabled":true},"categories":[5],"tags":[],"jetpack_featured_media_url":"http:\/\/www.rtvnoticias.com.ar\/wp-content\/uploads\/2020\/03\/guzm\u00e1n-kulfas.jpg","jetpack_publicize_connections":[],"jetpack_sharing_enabled":true,"_links":{"self":[{"href":"http:\/\/www.rtvnoticias.com.ar\/index.php?rest_route=\/wp\/v2\/posts\/20746"}],"collection":[{"href":"http:\/\/www.rtvnoticias.com.ar\/index.php?rest_route=\/wp\/v2\/posts"}],"about":[{"href":"http:\/\/www.rtvnoticias.com.ar\/index.php?rest_route=\/wp\/v2\/types\/post"}],"author":[{"embeddable":true,"href":"http:\/\/www.rtvnoticias.com.ar\/index.php?rest_route=\/wp\/v2\/users\/7"}],"replies":[{"embeddable":true,"href":"http:\/\/www.rtvnoticias.com.ar\/index.php?rest_route=%2Fwp%2Fv2%2Fcomments&post=20746"}],"version-history":[{"count":1,"href":"http:\/\/www.rtvnoticias.com.ar\/index.php?rest_route=\/wp\/v2\/posts\/20746\/revisions"}],"predecessor-version":[{"id":20747,"href":"http:\/\/www.rtvnoticias.com.ar\/index.php?rest_route=\/wp\/v2\/posts\/20746\/revisions\/20747"}],"wp:featuredmedia":[{"embeddable":true,"href":"http:\/\/www.rtvnoticias.com.ar\/index.php?rest_route=\/wp\/v2\/media\/19164"}],"wp:attachment":[{"href":"http:\/\/www.rtvnoticias.com.ar\/index.php?rest_route=%2Fwp%2Fv2%2Fmedia&parent=20746"}],"wp:term":[{"taxonomy":"category","embeddable":true,"href":"http:\/\/www.rtvnoticias.com.ar\/index.php?rest_route=%2Fwp%2Fv2%2Fcategories&post=20746"},{"taxonomy":"post_tag","embeddable":true,"href":"http:\/\/www.rtvnoticias.com.ar\/index.php?rest_route=%2Fwp%2Fv2%2Ftags&post=20746"}],"curies":[{"name":"wp","href":"https:\/\/api.w.org\/{rel}","templated":true}]}}