{"id":20808,"date":"2020-05-09T00:45:48","date_gmt":"2020-05-09T03:45:48","guid":{"rendered":"http:\/\/www.rtvnoticias.com.ar\/?p=20808"},"modified":"2020-05-08T19:55:26","modified_gmt":"2020-05-08T22:55:26","slug":"el-18-de-mayo-se-normaliza-la-actividad-judicial-desde-este-lunes-se-puede-sacar-turnos","status":"publish","type":"post","link":"http:\/\/www.rtvnoticias.com.ar\/?p=20808","title":{"rendered":"El 18 de mayo se normaliza la actividad judicial. Desde este lunes se puede sacar turnos"},"content":{"rendered":"\n<p>El Superior Tribunal de Justicia, a trav\u00e9s del acuerdo 3705, resolvi\u00f3 prorrogar la feria extraordinaria judicial hasta el domingo 17 inclusive, aunque con una novedad importante, a partir del pr\u00f3ximo lunes 11 se autoriz\u00f3 a los abogados, procuradores, auxiliares de la justicia y p\u00fablico en general, a solicitar turnos.<\/p>\n\n\n\n<p> La normalizaci\u00f3n de la actividad judicial en la provincia ser\u00e1 el lunes 18, siempre dentro del contexto de m\u00e1xima emergencia sanitaria dispuesta por el Poder Ejecutivo Provincia.<\/p>\n\n\n\n<p>El acuerdo lleva las firmas de los ministros Jos\u00e9 Roberto Sappa, en su calidad de presidente, Eduardo Fern\u00e1ndez Mend\u00eda, Elena Victoria Fresco, Hugo Oscar D\u00edaz y Fabricio Luis Losi.<\/p>\n\n\n\n<p>All\u00ed el STJ aprob\u00f3 a partir del 18 de mayo la prestaci\u00f3n del servicio de justicia se efectu\u00e9 de acuerdo a las \u201cPautas para el funcionamiento de los organismos del Poder Judicial en el per\u00edodo de m\u00e1xima emergencia sanitaria\u201d por la pandemia del coronavirus y las \u201cMedidas y recomendaciones sanitarias\u201d; y autoriz\u00f3 a la presidencia a \u201csuscribir los convenios necesarios para la implementaci\u00f3n de sistemas de comunicaci\u00f3n electr\u00f3nica con organismos o entidades p\u00fablicas o privadas\u201d.<\/p>\n\n\n\n<p>Todo ello pensando en reducir al m\u00e1ximo posible la circulaci\u00f3n de personas y cuidar la salud del personal judicial y de las personas que concurran a los tribunales. Por eso, adem\u00e1s, se fijaron una serie de disposiciones y recomendaciones sanitarias.<\/p>\n\n\n\n<p>La novedad m\u00e1s saliente ser\u00e1 que la atenci\u00f3n al p\u00fablico se realizar\u00e1 a trav\u00e9s de la asignaci\u00f3n de turnos previos, que deber\u00e1n gestionarse mediante el \u201csistema de turnos on line\u201d que est\u00e1 disponible en la p\u00e1gina web del Poder Judicial\u00a0(justicia.lapampa.gob.ar). <\/p>\n\n\n\n<p>Ese requisito abarca a abogados, procuradores, auxiliares de la justicia y p\u00fablico en general. En los juzgados de paz tambi\u00e9n se aplicar\u00e1 esa modalidad, aunque los turnos deber\u00e1n tramitarse telef\u00f3nicamente a trav\u00e9s de los n\u00fameros que figuran publicados en dicha p\u00e1gina.<\/p>\n\n\n\n<p>La acordada especifica, que todo el personal regresar\u00e1 a sus actividades habituales, de 7 a 13, excepto los magistrados, funcionarios y empleados mayores de 60 a\u00f1os, embarazadas en cualquier trimestre y los grupos de riesgo descriptos en el decreto 555\/20 del PEP (personas con enfermedades respiratorias, card\u00edacas e inmunodeficiencias cong\u00e9nitas o adquiridas \u2013no oncohematol\u00f3gica\u2013, pacientes oncohematol\u00f3gicos y trasplantados, con insuficiencia renal cr\u00f3nica en di\u00e1lisis, diab\u00e9ticos, obesos con \u00edndice de masa corporal mayor a 40, etc.).<\/p>\n\n\n\n<p>Tambi\u00e9n tendr\u00e1 justificada su inasistencia la madre, padre o persona adulta responsable a cargo de un ni\u00f1o, ni\u00f1a o adolescente, y cuya presencia en el hogar resulte indispensable para el cuidado de ellos, mientras dure la suspensi\u00f3n de clases establecida por el citado decreto.<\/p>\n\n\n\n<p><strong>OTROS PUNTOS SALIENTES DEL ACUERDO<\/strong><\/p>\n\n\n\n<p>* La atenci\u00f3n al p\u00fablico ser\u00e1 en el horario habitual de 7 a 12.30.<\/p>\n\n\n\n<p>* En todos los edificios judiciales, excepto en el Centro Judicial de Santa Rosa, habr\u00e1 una \u00fanica entrada para ordenar la circulaci\u00f3n del p\u00fablico, y por razones de seguridad y salubridad.<\/p>\n\n\n\n<p>*\u00a0En cada ingreso a los edificios judiciales se solicitar\u00e1 la constancia del turno asignado.\u00a0La persona debe entrar sin acompa\u00f1antes (en caso de no ser posible, se mantendr\u00e1 la distancia social y f\u00edsica aconsejada por las normas de higiene y salubridad).<\/p>\n\n\n\n<p>* El personal judicial que presente cualquier tipo de sintomatolog\u00eda compatible con el coronavirus (tos, fiebre, dolor de garganta, dificultades respiratorias, anosmia, disgeusia, etc.) deber\u00e1 abstenerse de asistir a su puesto de trabajo y tendr\u00e1 que notificar de ello a la Secretar\u00eda de Recursos Humanos en forma inmediata por correo electr\u00f3nico.<\/p>\n\n\n\n<p>* Cuando el plantel de un organismo se encuentre sustancialmente reducido \u2013por las excepciones previstas\u2013, y ello afecte la prestaci\u00f3n normal del servicio,\u00a0<strong>l<\/strong>a Direcci\u00f3n General\u00a0de Administraci\u00f3n quedar\u00e1 facultada para efectuar \u201creasignaciones transitorias de personal\u201d, establecer horarios rotativos especiales o realizar las modificaciones funcionales que se estimen adecuadas,\u00a0siempre que sea con la conformidad previa del empleado.<\/p>\n\n\n\n<p><strong>*\u00a0El titular de cada organismo, con conocimiento y apoyo de\u00a0la DGA\u00a0y por razones de oportunidad y conveniencia, podr\u00e1 dispensar al personal a su cargo de la concurrencia f\u00edsica al lugar de trabajo.<\/strong>\u00a0Ello significa que los empleados trabajar\u00e1n a distancia siempre y cuando presten su consentimiento. Quien efect\u00fae teletrabajo lo har\u00e1 en condiciones iguales con respecto al que trabaje en forma presencial (c\u00famulo de asignaci\u00f3n de tareas y horarios) y, en ning\u00fan caso, se le exigir\u00e1 la adquisici\u00f3n de equipos o insumos extraordinarios.<\/p>\n\n\n\n<p>*\u00a0Las audiencias en el fuero penal podr\u00e1n ser presenciales, semipresenciales o remotas.\u00a0Estar\u00e1 prohibido del acceso al p\u00fablico. La \u00a0Oficina de Comunicaci\u00f3n Institucional facilitar\u00e1 la informaci\u00f3n a los medios en casos de audiencias donde existan restricciones de acceso. Las consultas a imputados y v\u00edctimas se realizar\u00e1n mediante sistemas de videoconferencia, telefon\u00eda m\u00f3vil o cualquier otro medio tecnol\u00f3gico que garantice la comunicaci\u00f3n a distancia, y que permita al juez tener una opini\u00f3n valedera.\u00a0Se evitar\u00e1, en la medida de lo posible, el traslado de detenidos.\u00a0Los imputados podr\u00e1n seguir los juicios desde sus lugares de detenci\u00f3n.<\/p>\n\n\n\n<p>* Mientras dure el per\u00edodo de alerta m\u00e1xima sanitaria, la presentaci\u00f3n de escritos, documental y la tramitaci\u00f3n en general de\u00a0las causas en los fueros no penales podr\u00e1n efectuarse mediante el Sistema Inform\u00e1tico de Gesti\u00f3n de Expedientes (SIGE) o correos electr\u00f3nicos\u00a0entre el organismo y los profesionales intervinientes, siempre que exista la conformidad expresa del profesional, las partes y el propio organismo. Las audiencias podr\u00e1n ser presenciales, semipresenciales o remotas.<\/p>\n\n\n\n<p>* Durante ese per\u00edodo,\u00a0los procesos de mediaci\u00f3n ser\u00e1n gestionados por los medios presenciales habituales o por sistemas a distancia, seg\u00fan lo dispongan, en cada caso, las Oficinas de Mediaci\u00f3n correspondientes.<\/p>\n\n\n\n<p>* La Oficina de la Mujer y Violencia Dom\u00e9stica (OMyVD) estar\u00e1 a autorizada a atender los casos de su competencia a trav\u00e9s de los medios presenciales habituales, los tel\u00e9fonos de guardia y\/o por medios virtuales (videollamadas, Facebook, WhatsApp, etc.). Tambi\u00e9n qued\u00f3 autorizada a implementar capacitaciones en forma virtual.<\/p>\n\n\n\n<p>*\u00a0El sistema de turnos on line no ser\u00e1 de aplicaci\u00f3n en el \u00e1mbito del Ministerio P\u00fablico\u00a0descripto anteriormente, que deber\u00e1 instrumentar un sistema an\u00e1logo de gesti\u00f3n y atenci\u00f3n al p\u00fablico.\u200b<br><br><\/p>\n<div class=\"sharedaddy sd-sharing-enabled\"><div class=\"robots-nocontent sd-block sd-social sd-social-icon sd-sharing\"><h3 class=\"sd-title\">Comparte esto:<\/h3><div class=\"sd-content\"><ul><li class=\"share-twitter\"><a rel=\"nofollow noopener noreferrer\" data-shared=\"sharing-twitter-20808\" class=\"share-twitter sd-button share-icon no-text\" href=\"http:\/\/www.rtvnoticias.com.ar\/?p=20808&amp;share=twitter\" target=\"_blank\" title=\"Haz clic para compartir en Twitter\"><span><\/span><span class=\"sharing-screen-reader-text\">Haz clic para compartir en Twitter (Se abre en una ventana nueva)<\/span><\/a><\/li><li class=\"share-facebook\"><a rel=\"nofollow noopener noreferrer\" data-shared=\"sharing-facebook-20808\" class=\"share-facebook sd-button share-icon no-text\" href=\"http:\/\/www.rtvnoticias.com.ar\/?p=20808&amp;share=facebook\" target=\"_blank\" title=\"Haz clic para compartir en Facebook\"><span><\/span><span class=\"sharing-screen-reader-text\">Haz clic para compartir en Facebook (Se abre en una ventana nueva)<\/span><\/a><\/li><li class=\"share-jetpack-whatsapp\"><a rel=\"nofollow noopener noreferrer\" data-shared=\"\" class=\"share-jetpack-whatsapp sd-button share-icon no-text\" href=\"http:\/\/www.rtvnoticias.com.ar\/?p=20808&amp;share=jetpack-whatsapp\" target=\"_blank\" title=\"Haz clic para compartir en WhatsApp\"><span><\/span><span class=\"sharing-screen-reader-text\">Haz clic para compartir en WhatsApp (Se abre en una ventana nueva)<\/span><\/a><\/li><li class=\"share-telegram\"><a rel=\"nofollow noopener noreferrer\" data-shared=\"\" class=\"share-telegram sd-button share-icon no-text\" href=\"http:\/\/www.rtvnoticias.com.ar\/?p=20808&amp;share=telegram\" target=\"_blank\" title=\"Haz clic para compartir en Telegram\"><span><\/span><span class=\"sharing-screen-reader-text\">Haz clic para compartir en Telegram (Se abre en una ventana nueva)<\/span><\/a><\/li><li class=\"share-end\"><\/li><\/ul><\/div><\/div><\/div>","protected":false},"excerpt":{"rendered":"<p>El Superior Tribunal de Justicia, a trav\u00e9s del acuerdo 3705, resolvi\u00f3 prorrogar la feria extraordinaria judicial hasta el domingo 17 inclusive, aunque con una novedad<\/p>\n<div class=\"sharedaddy sd-sharing-enabled\"><div class=\"robots-nocontent sd-block sd-social sd-social-icon sd-sharing\"><h3 class=\"sd-title\">Comparte esto:<\/h3><div class=\"sd-content\"><ul><li class=\"share-twitter\"><a rel=\"nofollow noopener noreferrer\" data-shared=\"sharing-twitter-20808\" class=\"share-twitter sd-button share-icon no-text\" href=\"http:\/\/www.rtvnoticias.com.ar\/?p=20808&amp;share=twitter\" target=\"_blank\" title=\"Haz clic para compartir en Twitter\"><span><\/span><span class=\"sharing-screen-reader-text\">Haz clic para compartir en Twitter (Se abre en una ventana nueva)<\/span><\/a><\/li><li class=\"share-facebook\"><a rel=\"nofollow noopener noreferrer\" data-shared=\"sharing-facebook-20808\" class=\"share-facebook sd-button share-icon no-text\" href=\"http:\/\/www.rtvnoticias.com.ar\/?p=20808&amp;share=facebook\" target=\"_blank\" title=\"Haz clic para compartir en Facebook\"><span><\/span><span class=\"sharing-screen-reader-text\">Haz clic para compartir en Facebook (Se abre en una ventana nueva)<\/span><\/a><\/li><li class=\"share-jetpack-whatsapp\"><a rel=\"nofollow noopener noreferrer\" data-shared=\"\" class=\"share-jetpack-whatsapp sd-button share-icon no-text\" href=\"http:\/\/www.rtvnoticias.com.ar\/?p=20808&amp;share=jetpack-whatsapp\" target=\"_blank\" title=\"Haz clic para compartir en WhatsApp\"><span><\/span><span class=\"sharing-screen-reader-text\">Haz clic para compartir en WhatsApp (Se abre en una ventana nueva)<\/span><\/a><\/li><li class=\"share-telegram\"><a rel=\"nofollow noopener noreferrer\" data-shared=\"\" class=\"share-telegram sd-button share-icon no-text\" href=\"http:\/\/www.rtvnoticias.com.ar\/?p=20808&amp;share=telegram\" target=\"_blank\" title=\"Haz clic para compartir en Telegram\"><span><\/span><span class=\"sharing-screen-reader-text\">Haz clic para compartir en Telegram (Se abre en una ventana nueva)<\/span><\/a><\/li><li class=\"share-end\"><\/li><\/ul><\/div><\/div><\/div>","protected":false},"author":5,"featured_media":20809,"comment_status":"closed","ping_status":"closed","sticky":false,"template":"","format":"standard","meta":{"spay_email":"","jetpack_publicize_message":"","jetpack_is_tweetstorm":false,"jetpack_publicize_feature_enabled":true},"categories":[4],"tags":[3266],"jetpack_featured_media_url":"http:\/\/www.rtvnoticias.com.ar\/wp-content\/uploads\/2020\/05\/justicia.jpg","jetpack_publicize_connections":[],"jetpack_sharing_enabled":true,"_links":{"self":[{"href":"http:\/\/www.rtvnoticias.com.ar\/index.php?rest_route=\/wp\/v2\/posts\/20808"}],"collection":[{"href":"http:\/\/www.rtvnoticias.com.ar\/index.php?rest_route=\/wp\/v2\/posts"}],"about":[{"href":"http:\/\/www.rtvnoticias.com.ar\/index.php?rest_route=\/wp\/v2\/types\/post"}],"author":[{"embeddable":true,"href":"http:\/\/www.rtvnoticias.com.ar\/index.php?rest_route=\/wp\/v2\/users\/5"}],"replies":[{"embeddable":true,"href":"http:\/\/www.rtvnoticias.com.ar\/index.php?rest_route=%2Fwp%2Fv2%2Fcomments&post=20808"}],"version-history":[{"count":1,"href":"http:\/\/www.rtvnoticias.com.ar\/index.php?rest_route=\/wp\/v2\/posts\/20808\/revisions"}],"predecessor-version":[{"id":20810,"href":"http:\/\/www.rtvnoticias.com.ar\/index.php?rest_route=\/wp\/v2\/posts\/20808\/revisions\/20810"}],"wp:featuredmedia":[{"embeddable":true,"href":"http:\/\/www.rtvnoticias.com.ar\/index.php?rest_route=\/wp\/v2\/media\/20809"}],"wp:attachment":[{"href":"http:\/\/www.rtvnoticias.com.ar\/index.php?rest_route=%2Fwp%2Fv2%2Fmedia&parent=20808"}],"wp:term":[{"taxonomy":"category","embeddable":true,"href":"http:\/\/www.rtvnoticias.com.ar\/index.php?rest_route=%2Fwp%2Fv2%2Fcategories&post=20808"},{"taxonomy":"post_tag","embeddable":true,"href":"http:\/\/www.rtvnoticias.com.ar\/index.php?rest_route=%2Fwp%2Fv2%2Ftags&post=20808"}],"curies":[{"name":"wp","href":"https:\/\/api.w.org\/{rel}","templated":true}]}}