{"id":20812,"date":"2020-05-08T21:41:31","date_gmt":"2020-05-09T00:41:31","guid":{"rendered":"http:\/\/www.rtvnoticias.com.ar\/?p=20812"},"modified":"2020-05-08T21:41:37","modified_gmt":"2020-05-09T00:41:37","slug":"toda-la-argentina-menos-el-amba-pasa-a-la-fase-4-dijo-alberto-fernandez","status":"publish","type":"post","link":"http:\/\/www.rtvnoticias.com.ar\/?p=20812","title":{"rendered":"\u00abToda la Argentina, menos el AMBA, pasa a la fase 4\u00bb, dijo Alberto Fern\u00e1ndez"},"content":{"rendered":"\n<p>El presidente Alberto Fern\u00e1ndez reafirm\u00f3 que la regi\u00f3n del AMBA continuar\u00e1 con la cuarentena obligatoria tal cual como se realiz\u00f3 hasta ahora, a diferencia del resto del pa\u00eds, que iniciar\u00e1 la fase 4 del aislamiento, es decir que se habilitan ciertas flexibilizaciones.<\/p>\n\n\n\n<p>\u00abNo es un avance ni un retroceso, sino trabajar con seriedad, el objetivo no se pudo alcanzar\u00bb, argument\u00f3 el jefe de Estado, en una conferencia de prensa en la quinta de Olivos.<\/p>\n\n\n\n<p>La ciudad de Buenos Aires tendr\u00e1 \u00abcortas\u00bb salidas para los ni\u00f1os los fines de semana, las cuales dar\u00e1 detalles Horacio Rodr\u00edguez Larreta en el d\u00eda de ma\u00f1ana. En tanto Axel Kicillof ratific\u00f3 la continuidad de la cuarentena dio detalles generales de las flexibilizaci\u00f3n que tendr\u00e1n localidades del interior de la provincia que no hayan tenido casos.<\/p>\n\n\n\n<p>Concluidos los anuncios, el presidente se prest\u00f3 a una conferencia de prensa, reiterando que los adultos mayores deben quedarse en casa y que las clases \u00abno es prioridad\u00bb por ahora.<\/p>\n\n\n\n<p>Resalt\u00f3 el trabajo realizado por todos los gobernadores y cumplimiento que ha tenido la sociedad del aislamiento.  Reiter\u00f3 que \u00absi nos seguimos cuidando, podremos pasar a otra fase, sino deberemos retroceder\u00bb. <\/p>\n\n\n\n<p><strong>LA PAMPA YA FLEXIBILIZ\u00d3 <\/strong><\/p>\n\n\n\n<p>Cabe recordar que la provincia de La Pampa flexibiliz\u00f3 varios sectores en las \u00faltimas horas y que este s\u00e1bado comienza la utilizaci\u00f3n obligatoria del tapaboca.<\/p>\n\n\n\n<p>Tambi\u00e9n se conoci\u00f3 hoy que el pr\u00f3ximo 18 de mayo regresa la actividad judicial con un protocolo que incluye la atenci\u00f3n por turnos, los cuales pueden solicitarse a partir de este lunes.<\/p>\n<div class=\"sharedaddy sd-sharing-enabled\"><div class=\"robots-nocontent sd-block sd-social sd-social-icon sd-sharing\"><h3 class=\"sd-title\">Comparte esto:<\/h3><div class=\"sd-content\"><ul><li class=\"share-twitter\"><a rel=\"nofollow noopener noreferrer\" data-shared=\"sharing-twitter-20812\" class=\"share-twitter sd-button share-icon no-text\" href=\"http:\/\/www.rtvnoticias.com.ar\/?p=20812&amp;share=twitter\" target=\"_blank\" title=\"Haz clic para compartir en Twitter\"><span><\/span><span class=\"sharing-screen-reader-text\">Haz clic para compartir en Twitter (Se abre en una ventana nueva)<\/span><\/a><\/li><li class=\"share-facebook\"><a rel=\"nofollow noopener noreferrer\" data-shared=\"sharing-facebook-20812\" class=\"share-facebook sd-button share-icon no-text\" href=\"http:\/\/www.rtvnoticias.com.ar\/?p=20812&amp;share=facebook\" target=\"_blank\" title=\"Haz clic para compartir en Facebook\"><span><\/span><span class=\"sharing-screen-reader-text\">Haz clic para compartir en Facebook (Se abre en una ventana nueva)<\/span><\/a><\/li><li class=\"share-jetpack-whatsapp\"><a rel=\"nofollow noopener noreferrer\" data-shared=\"\" class=\"share-jetpack-whatsapp sd-button share-icon no-text\" href=\"http:\/\/www.rtvnoticias.com.ar\/?p=20812&amp;share=jetpack-whatsapp\" target=\"_blank\" title=\"Haz clic para compartir en WhatsApp\"><span><\/span><span class=\"sharing-screen-reader-text\">Haz clic para compartir en WhatsApp (Se abre en una ventana nueva)<\/span><\/a><\/li><li class=\"share-telegram\"><a rel=\"nofollow noopener noreferrer\" data-shared=\"\" class=\"share-telegram sd-button share-icon no-text\" href=\"http:\/\/www.rtvnoticias.com.ar\/?p=20812&amp;share=telegram\" target=\"_blank\" title=\"Haz clic para compartir en Telegram\"><span><\/span><span class=\"sharing-screen-reader-text\">Haz clic para compartir en Telegram (Se abre en una ventana nueva)<\/span><\/a><\/li><li class=\"share-end\"><\/li><\/ul><\/div><\/div><\/div>","protected":false},"excerpt":{"rendered":"<p>El presidente Alberto Fern\u00e1ndez reafirm\u00f3 que la regi\u00f3n del AMBA continuar\u00e1 con la cuarentena obligatoria tal cual como se realiz\u00f3 hasta ahora, a diferencia del<\/p>\n<div class=\"sharedaddy sd-sharing-enabled\"><div class=\"robots-nocontent sd-block sd-social sd-social-icon sd-sharing\"><h3 class=\"sd-title\">Comparte esto:<\/h3><div class=\"sd-content\"><ul><li class=\"share-twitter\"><a rel=\"nofollow noopener noreferrer\" data-shared=\"sharing-twitter-20812\" class=\"share-twitter sd-button share-icon no-text\" href=\"http:\/\/www.rtvnoticias.com.ar\/?p=20812&amp;share=twitter\" target=\"_blank\" title=\"Haz clic para compartir en Twitter\"><span><\/span><span class=\"sharing-screen-reader-text\">Haz clic para compartir en Twitter (Se abre en una ventana nueva)<\/span><\/a><\/li><li class=\"share-facebook\"><a rel=\"nofollow noopener noreferrer\" data-shared=\"sharing-facebook-20812\" class=\"share-facebook sd-button share-icon no-text\" href=\"http:\/\/www.rtvnoticias.com.ar\/?p=20812&amp;share=facebook\" target=\"_blank\" title=\"Haz clic para compartir en Facebook\"><span><\/span><span class=\"sharing-screen-reader-text\">Haz clic para compartir en Facebook (Se abre en una ventana nueva)<\/span><\/a><\/li><li class=\"share-jetpack-whatsapp\"><a rel=\"nofollow noopener noreferrer\" data-shared=\"\" class=\"share-jetpack-whatsapp sd-button share-icon no-text\" href=\"http:\/\/www.rtvnoticias.com.ar\/?p=20812&amp;share=jetpack-whatsapp\" target=\"_blank\" title=\"Haz clic para compartir en WhatsApp\"><span><\/span><span class=\"sharing-screen-reader-text\">Haz clic para compartir en WhatsApp (Se abre en una ventana nueva)<\/span><\/a><\/li><li class=\"share-telegram\"><a rel=\"nofollow noopener noreferrer\" data-shared=\"\" class=\"share-telegram sd-button share-icon no-text\" href=\"http:\/\/www.rtvnoticias.com.ar\/?p=20812&amp;share=telegram\" target=\"_blank\" title=\"Haz clic para compartir en Telegram\"><span><\/span><span class=\"sharing-screen-reader-text\">Haz clic para compartir en Telegram (Se abre en una ventana nueva)<\/span><\/a><\/li><li class=\"share-end\"><\/li><\/ul><\/div><\/div><\/div>","protected":false},"author":5,"featured_media":20813,"comment_status":"closed","ping_status":"closed","sticky":false,"template":"","format":"standard","meta":{"spay_email":"","jetpack_publicize_message":"","jetpack_is_tweetstorm":false,"jetpack_publicize_feature_enabled":true},"categories":[1],"tags":[],"jetpack_featured_media_url":"http:\/\/www.rtvnoticias.com.ar\/wp-content\/uploads\/2020\/05\/fern\u00e1ndez-corona-fase4.jpg","jetpack_publicize_connections":[],"jetpack_sharing_enabled":true,"_links":{"self":[{"href":"http:\/\/www.rtvnoticias.com.ar\/index.php?rest_route=\/wp\/v2\/posts\/20812"}],"collection":[{"href":"http:\/\/www.rtvnoticias.com.ar\/index.php?rest_route=\/wp\/v2\/posts"}],"about":[{"href":"http:\/\/www.rtvnoticias.com.ar\/index.php?rest_route=\/wp\/v2\/types\/post"}],"author":[{"embeddable":true,"href":"http:\/\/www.rtvnoticias.com.ar\/index.php?rest_route=\/wp\/v2\/users\/5"}],"replies":[{"embeddable":true,"href":"http:\/\/www.rtvnoticias.com.ar\/index.php?rest_route=%2Fwp%2Fv2%2Fcomments&post=20812"}],"version-history":[{"count":1,"href":"http:\/\/www.rtvnoticias.com.ar\/index.php?rest_route=\/wp\/v2\/posts\/20812\/revisions"}],"predecessor-version":[{"id":20814,"href":"http:\/\/www.rtvnoticias.com.ar\/index.php?rest_route=\/wp\/v2\/posts\/20812\/revisions\/20814"}],"wp:featuredmedia":[{"embeddable":true,"href":"http:\/\/www.rtvnoticias.com.ar\/index.php?rest_route=\/wp\/v2\/media\/20813"}],"wp:attachment":[{"href":"http:\/\/www.rtvnoticias.com.ar\/index.php?rest_route=%2Fwp%2Fv2%2Fmedia&parent=20812"}],"wp:term":[{"taxonomy":"category","embeddable":true,"href":"http:\/\/www.rtvnoticias.com.ar\/index.php?rest_route=%2Fwp%2Fv2%2Fcategories&post=20812"},{"taxonomy":"post_tag","embeddable":true,"href":"http:\/\/www.rtvnoticias.com.ar\/index.php?rest_route=%2Fwp%2Fv2%2Ftags&post=20812"}],"curies":[{"name":"wp","href":"https:\/\/api.w.org\/{rel}","templated":true}]}}