{"id":20822,"date":"2020-05-10T00:37:38","date_gmt":"2020-05-10T03:37:38","guid":{"rendered":"http:\/\/www.rtvnoticias.com.ar\/?p=20822"},"modified":"2020-05-09T13:42:36","modified_gmt":"2020-05-09T16:42:36","slug":"alonso-se-reunio-con-funcionarios-del-ministerio-de-la-produccion","status":"publish","type":"post","link":"http:\/\/www.rtvnoticias.com.ar\/?p=20822","title":{"rendered":"Alonso se reuni\u00f3 con funcionarios del Ministerio de la Producci\u00f3n"},"content":{"rendered":"\n<p>La intendenta de General Pico, Fernanda Alonso, acompa\u00f1ada por el secretario de Econom\u00eda, Luis Anconetani,\u00a0 se\u00a0 reuni\u00f3 con la directora general de Desarrollo Agroalimentario,  Bel\u00e9n Paesani\u00a0 y el subdirector de Cadenas Alimentarias, Nicol\u00e1s Tobal, del Ministerio de la Producci\u00f3n de la Provincia.<\/p>\n\n\n\n<p>Los funcionarios avanzaron en temas vinculados con el Parque Agroalimentario, acompa\u00f1amiento y asistencia t\u00e9cnicas a Pymes, entre otros.<\/p>\n\n\n\n<p><strong>Parque Agroalimentario<\/strong><\/p>\n\n\n\n<p>La reuni\u00f3n tuvo por objeto analizar las acciones conjuntas, que se llevar\u00e1n a cabo en las \u00e1reas que dependen\n del Ministerio de Producci\u00f3n de la Provincia y que&nbsp; tienen que ver, puntualmente,&nbsp; con el Parque Agroalimentario de la ciudad, seg\u00fan inform\u00f3 el secretario de Econom\u00eda de la Municipalidad: \u201cEn este momento se est\u00e1 por trasladar la cabina sanitaria, que depende\n de la Direcci\u00f3n de Comercio de la Municipalidad de General Pico, al Parque Agroalimentario, por lo que estamos estudiando las obras que ser\u00e1n necesarias y que se har\u00e1n en forma conjunta, entre la Provincia y el Municipio\u201d, explic\u00f3 Anconetani.<\/p>\n\n\n\n<p>Y a\u00f1adi\u00f3 que tambi\u00e9n se analiz\u00f3 c\u00f3mo ser\u00e1 el acceso&nbsp; y el convenio que habr\u00e1 que firmar con la Provincia,\n para realizar el traslado de la cabina sanitaria que hoy se encuentra ubicada en la circunvalaci\u00f3n, en inmediaciones de la Zona Franca.&nbsp;<\/p>\n\n\n\n<p><strong>Nuevo Ingreso<\/strong><\/p>\n\n\n\n<p>Por su parte, los funcionarios territoriales que tienen sus oficinas en nuestra ciudad, en calle 21 entre\n 26 y 28, donde funciona la delegaci\u00f3n de la sede Provincial Norte del Ministerio de la Producci\u00f3n, comentaron que est\u00e1n empezando a articular acciones entre el&nbsp; Municipio y la Provincia.<\/p>\n\n\n\n<p>&nbsp;\u201cDesde el Ministerio hemos cedido al Municipio, dentro del Parque Agroalimentario,&nbsp; un espacio para\n que funcione la oficina de la cabina sanitaria\u201d, dijo Bel\u00e9n Paesani.<\/p>\n\n\n\n<p>Paesani y Tobal se mostraron&nbsp; muy satisfechos por la celeridad con que se pudo realizar la apertura de\n un nuevo ingreso al Parque Agroalimentario, que seg\u00fan detallaron&nbsp; beneficiar\u00e1 el desplazamiento de los camiones, que deber\u00e1n pasar por esa cabina sanitaria, pero tambi\u00e9n para los emprendimientos que ya est\u00e1n activos y funcionando&nbsp; dentro del parque.&nbsp;&nbsp;<\/p>\n\n\n\n<p><strong>Acompa\u00f1amiento y Asistencia t\u00e9cnica a las PYMES<\/strong><\/p>\n\n\n\n<p>Los funcionarios dependientes del Ministerio de la Producci\u00f3n, adem\u00e1s, aprovecharon la oportunidad para\n comentarle a la intendenta el \u00e1mbito de incumbencia del \u00e1rea en la que se desempe\u00f1an, que es puntualmente el de acompa\u00f1amiento y asistencia t\u00e9cnica a las PYMES dedicadas a la producci\u00f3n de alimentos.<\/p>\n\n\n\n<p>\u201cConversamos con la intendenta sobre algunas acciones que podemos empezar a desarrollar en un futuro\n pr\u00f3ximo,&nbsp; en la&nbsp; producci\u00f3n de productos pampeanos y de c\u00f3mo trabajar en forma conjunta con algunas estructuras que dependen del Ministerio, como el laboratorio de calidad de Alimentos pampeanos y de capacitaciones, que desde el \u00e1rea podemos desarrollar, trabajando\n en temas que son de inter\u00e9s del&nbsp; Municipio y de la Provincia\u201d, manifest\u00f3 Paesani.&nbsp;&nbsp;&nbsp;&nbsp;&nbsp;<br><\/p>\n<div class=\"sharedaddy sd-sharing-enabled\"><div class=\"robots-nocontent sd-block sd-social sd-social-icon sd-sharing\"><h3 class=\"sd-title\">Comparte esto:<\/h3><div class=\"sd-content\"><ul><li class=\"share-twitter\"><a rel=\"nofollow noopener noreferrer\" data-shared=\"sharing-twitter-20822\" class=\"share-twitter sd-button share-icon no-text\" href=\"http:\/\/www.rtvnoticias.com.ar\/?p=20822&amp;share=twitter\" target=\"_blank\" title=\"Haz clic para compartir en Twitter\"><span><\/span><span class=\"sharing-screen-reader-text\">Haz clic para compartir en Twitter (Se abre en una ventana nueva)<\/span><\/a><\/li><li class=\"share-facebook\"><a rel=\"nofollow noopener noreferrer\" data-shared=\"sharing-facebook-20822\" class=\"share-facebook sd-button share-icon no-text\" href=\"http:\/\/www.rtvnoticias.com.ar\/?p=20822&amp;share=facebook\" target=\"_blank\" title=\"Haz clic para compartir en Facebook\"><span><\/span><span class=\"sharing-screen-reader-text\">Haz clic para compartir en Facebook (Se abre en una ventana nueva)<\/span><\/a><\/li><li class=\"share-jetpack-whatsapp\"><a rel=\"nofollow noopener noreferrer\" data-shared=\"\" class=\"share-jetpack-whatsapp sd-button share-icon no-text\" href=\"http:\/\/www.rtvnoticias.com.ar\/?p=20822&amp;share=jetpack-whatsapp\" target=\"_blank\" title=\"Haz clic para compartir en WhatsApp\"><span><\/span><span class=\"sharing-screen-reader-text\">Haz clic para compartir en WhatsApp (Se abre en una ventana nueva)<\/span><\/a><\/li><li class=\"share-telegram\"><a rel=\"nofollow noopener noreferrer\" data-shared=\"\" class=\"share-telegram sd-button share-icon no-text\" href=\"http:\/\/www.rtvnoticias.com.ar\/?p=20822&amp;share=telegram\" target=\"_blank\" title=\"Haz clic para compartir en Telegram\"><span><\/span><span class=\"sharing-screen-reader-text\">Haz clic para compartir en Telegram (Se abre en una ventana nueva)<\/span><\/a><\/li><li class=\"share-end\"><\/li><\/ul><\/div><\/div><\/div>","protected":false},"excerpt":{"rendered":"<p>La intendenta de General Pico, Fernanda Alonso, acompa\u00f1ada por el secretario de Econom\u00eda, Luis Anconetani,\u00a0 se\u00a0 reuni\u00f3 con la directora general de Desarrollo Agroalimentario, Bel\u00e9n<\/p>\n<div class=\"sharedaddy sd-sharing-enabled\"><div class=\"robots-nocontent sd-block sd-social sd-social-icon sd-sharing\"><h3 class=\"sd-title\">Comparte esto:<\/h3><div class=\"sd-content\"><ul><li class=\"share-twitter\"><a rel=\"nofollow noopener noreferrer\" data-shared=\"sharing-twitter-20822\" class=\"share-twitter sd-button share-icon no-text\" href=\"http:\/\/www.rtvnoticias.com.ar\/?p=20822&amp;share=twitter\" target=\"_blank\" title=\"Haz clic para compartir en Twitter\"><span><\/span><span class=\"sharing-screen-reader-text\">Haz clic para compartir en Twitter (Se abre en una ventana nueva)<\/span><\/a><\/li><li class=\"share-facebook\"><a rel=\"nofollow noopener noreferrer\" data-shared=\"sharing-facebook-20822\" class=\"share-facebook sd-button share-icon no-text\" href=\"http:\/\/www.rtvnoticias.com.ar\/?p=20822&amp;share=facebook\" target=\"_blank\" title=\"Haz clic para compartir en Facebook\"><span><\/span><span class=\"sharing-screen-reader-text\">Haz clic para compartir en Facebook (Se abre en una ventana nueva)<\/span><\/a><\/li><li class=\"share-jetpack-whatsapp\"><a rel=\"nofollow noopener noreferrer\" data-shared=\"\" class=\"share-jetpack-whatsapp sd-button share-icon no-text\" href=\"http:\/\/www.rtvnoticias.com.ar\/?p=20822&amp;share=jetpack-whatsapp\" target=\"_blank\" title=\"Haz clic para compartir en WhatsApp\"><span><\/span><span class=\"sharing-screen-reader-text\">Haz clic para compartir en WhatsApp (Se abre en una ventana nueva)<\/span><\/a><\/li><li class=\"share-telegram\"><a rel=\"nofollow noopener noreferrer\" data-shared=\"\" class=\"share-telegram sd-button share-icon no-text\" href=\"http:\/\/www.rtvnoticias.com.ar\/?p=20822&amp;share=telegram\" target=\"_blank\" title=\"Haz clic para compartir en Telegram\"><span><\/span><span class=\"sharing-screen-reader-text\">Haz clic para compartir en Telegram (Se abre en una ventana nueva)<\/span><\/a><\/li><li class=\"share-end\"><\/li><\/ul><\/div><\/div><\/div>","protected":false},"author":5,"featured_media":20823,"comment_status":"closed","ping_status":"closed","sticky":false,"template":"","format":"standard","meta":{"spay_email":"","jetpack_publicize_message":"","jetpack_is_tweetstorm":false,"jetpack_publicize_feature_enabled":true},"categories":[3],"tags":[],"jetpack_featured_media_url":"http:\/\/www.rtvnoticias.com.ar\/wp-content\/uploads\/2020\/05\/alonso-producci\u00f3n.jpg","jetpack_publicize_connections":[],"jetpack_sharing_enabled":true,"_links":{"self":[{"href":"http:\/\/www.rtvnoticias.com.ar\/index.php?rest_route=\/wp\/v2\/posts\/20822"}],"collection":[{"href":"http:\/\/www.rtvnoticias.com.ar\/index.php?rest_route=\/wp\/v2\/posts"}],"about":[{"href":"http:\/\/www.rtvnoticias.com.ar\/index.php?rest_route=\/wp\/v2\/types\/post"}],"author":[{"embeddable":true,"href":"http:\/\/www.rtvnoticias.com.ar\/index.php?rest_route=\/wp\/v2\/users\/5"}],"replies":[{"embeddable":true,"href":"http:\/\/www.rtvnoticias.com.ar\/index.php?rest_route=%2Fwp%2Fv2%2Fcomments&post=20822"}],"version-history":[{"count":1,"href":"http:\/\/www.rtvnoticias.com.ar\/index.php?rest_route=\/wp\/v2\/posts\/20822\/revisions"}],"predecessor-version":[{"id":20824,"href":"http:\/\/www.rtvnoticias.com.ar\/index.php?rest_route=\/wp\/v2\/posts\/20822\/revisions\/20824"}],"wp:featuredmedia":[{"embeddable":true,"href":"http:\/\/www.rtvnoticias.com.ar\/index.php?rest_route=\/wp\/v2\/media\/20823"}],"wp:attachment":[{"href":"http:\/\/www.rtvnoticias.com.ar\/index.php?rest_route=%2Fwp%2Fv2%2Fmedia&parent=20822"}],"wp:term":[{"taxonomy":"category","embeddable":true,"href":"http:\/\/www.rtvnoticias.com.ar\/index.php?rest_route=%2Fwp%2Fv2%2Fcategories&post=20822"},{"taxonomy":"post_tag","embeddable":true,"href":"http:\/\/www.rtvnoticias.com.ar\/index.php?rest_route=%2Fwp%2Fv2%2Ftags&post=20822"}],"curies":[{"name":"wp","href":"https:\/\/api.w.org\/{rel}","templated":true}]}}