{"id":20826,"date":"2020-05-09T13:57:40","date_gmt":"2020-05-09T16:57:40","guid":{"rendered":"http:\/\/www.rtvnoticias.com.ar\/?p=20826"},"modified":"2020-05-09T13:57:44","modified_gmt":"2020-05-09T16:57:44","slug":"hilario-lagos-secuestran-vehiculo-cuyos-ocupantes-intentaban-ingresar-sin-permiso-a-la-provincia-por-caminos-vecinales","status":"publish","type":"post","link":"http:\/\/www.rtvnoticias.com.ar\/?p=20826","title":{"rendered":"Hilario Lagos: Secuestran veh\u00edculo cuyos ocupantes intentaban ingresar sin permiso a la provincia por caminos vecinales"},"content":{"rendered":"\n<p> En la madrugada de este s\u00e1bado, la polic\u00eda de Hilario Lagos observ\u00f3 el ingreso a la localidad de un autom\u00f3vil Renault Megane color oscuro, proveniente del sur de C\u00f3rdoba, con dos ocupantes a bordo. Identificados los mismos no logran justificar su presencia en el lugar aduciendo que se hallaban perdidos y que se dirig\u00edan a la localidad de Quem\u00fa Quem\u00fa. Se les secuestr\u00f3 el veh\u00edculo y fueron notificados en libertad a disposici\u00f3n de la justicia.<\/p>\n\n\n\n<p>Al indentificar a los ocupantes del veh\u00edculos, \u00e9stos no pudieron justificar la raz\u00f3n por la cual estaban en esa localidad. La polic\u00eda de Lagos tom\u00f3 contacto con el puesto caminero de Realic\u00f3, quienes confirmaron hab\u00eda sido rechazado su ingreso a la provincia dado que proven\u00eda desde C\u00f3rdoba, no obstante los viajeros intentaron continuar viaje tomando por caminos vecinales que los llev\u00f3 hasta Lagos.<\/p>\n\n\n\n<p>Ambos ocupantes del rodado fueron notificados en\u00a0 libertad y puestos a disposici\u00f3n de la justicia por infracci\u00f3n a los art\u00edculos 205 y 239, procediendo al secuestro del automotor y trasladando a las personas a su residencia en la localidad de Quem\u00fa Quem\u00fa.<\/p>\n\n\n\n<p>El sub comisario Ra\u00fal Reveco, a cargo de la dependencia policial de Hilario Lagos, inform\u00f3 tambi\u00e9n que es el segundo veh\u00edculo que registra en estos \u00faltimos d\u00edas\u00a0 proveniente de la provincia de C\u00f3rdoba\u00a0 en infracci\u00f3n a las disposiciones por la cuarentena sin permisos autorizados.<\/p>\n\n\n\n<p>A su vez el funcionario policial recalc\u00f3 a la poblaci\u00f3n seguir manteniendo los cuidados para evitar la circulaci\u00f3n del virus Covid 19.<\/p>\n\n\n\n<p>Gentileza: A. S\u00e1nchez<\/p>\n\n\n\n<p><\/p>\n<div class=\"sharedaddy sd-sharing-enabled\"><div class=\"robots-nocontent sd-block sd-social sd-social-icon sd-sharing\"><h3 class=\"sd-title\">Comparte esto:<\/h3><div class=\"sd-content\"><ul><li class=\"share-twitter\"><a rel=\"nofollow noopener noreferrer\" data-shared=\"sharing-twitter-20826\" class=\"share-twitter sd-button share-icon no-text\" href=\"http:\/\/www.rtvnoticias.com.ar\/?p=20826&amp;share=twitter\" target=\"_blank\" title=\"Haz clic para compartir en Twitter\"><span><\/span><span class=\"sharing-screen-reader-text\">Haz clic para compartir en Twitter (Se abre en una ventana nueva)<\/span><\/a><\/li><li class=\"share-facebook\"><a rel=\"nofollow noopener noreferrer\" data-shared=\"sharing-facebook-20826\" class=\"share-facebook sd-button share-icon no-text\" href=\"http:\/\/www.rtvnoticias.com.ar\/?p=20826&amp;share=facebook\" target=\"_blank\" title=\"Haz clic para compartir en Facebook\"><span><\/span><span class=\"sharing-screen-reader-text\">Haz clic para compartir en Facebook (Se abre en una ventana nueva)<\/span><\/a><\/li><li class=\"share-jetpack-whatsapp\"><a rel=\"nofollow noopener noreferrer\" data-shared=\"\" class=\"share-jetpack-whatsapp sd-button share-icon no-text\" href=\"http:\/\/www.rtvnoticias.com.ar\/?p=20826&amp;share=jetpack-whatsapp\" target=\"_blank\" title=\"Haz clic para compartir en WhatsApp\"><span><\/span><span class=\"sharing-screen-reader-text\">Haz clic para compartir en WhatsApp (Se abre en una ventana nueva)<\/span><\/a><\/li><li class=\"share-telegram\"><a rel=\"nofollow noopener noreferrer\" data-shared=\"\" class=\"share-telegram sd-button share-icon no-text\" href=\"http:\/\/www.rtvnoticias.com.ar\/?p=20826&amp;share=telegram\" target=\"_blank\" title=\"Haz clic para compartir en Telegram\"><span><\/span><span class=\"sharing-screen-reader-text\">Haz clic para compartir en Telegram (Se abre en una ventana nueva)<\/span><\/a><\/li><li class=\"share-end\"><\/li><\/ul><\/div><\/div><\/div>","protected":false},"excerpt":{"rendered":"<p>En la madrugada de este s\u00e1bado, la polic\u00eda de Hilario Lagos observ\u00f3 el ingreso a la localidad de un autom\u00f3vil Renault Megane color oscuro, proveniente<\/p>\n<div class=\"sharedaddy sd-sharing-enabled\"><div class=\"robots-nocontent sd-block sd-social sd-social-icon sd-sharing\"><h3 class=\"sd-title\">Comparte esto:<\/h3><div class=\"sd-content\"><ul><li class=\"share-twitter\"><a rel=\"nofollow noopener noreferrer\" data-shared=\"sharing-twitter-20826\" class=\"share-twitter sd-button share-icon no-text\" href=\"http:\/\/www.rtvnoticias.com.ar\/?p=20826&amp;share=twitter\" target=\"_blank\" title=\"Haz clic para compartir en Twitter\"><span><\/span><span class=\"sharing-screen-reader-text\">Haz clic para compartir en Twitter (Se abre en una ventana nueva)<\/span><\/a><\/li><li class=\"share-facebook\"><a rel=\"nofollow noopener noreferrer\" data-shared=\"sharing-facebook-20826\" class=\"share-facebook sd-button share-icon no-text\" href=\"http:\/\/www.rtvnoticias.com.ar\/?p=20826&amp;share=facebook\" target=\"_blank\" title=\"Haz clic para compartir en Facebook\"><span><\/span><span class=\"sharing-screen-reader-text\">Haz clic para compartir en Facebook (Se abre en una ventana nueva)<\/span><\/a><\/li><li class=\"share-jetpack-whatsapp\"><a rel=\"nofollow noopener noreferrer\" data-shared=\"\" class=\"share-jetpack-whatsapp sd-button share-icon no-text\" href=\"http:\/\/www.rtvnoticias.com.ar\/?p=20826&amp;share=jetpack-whatsapp\" target=\"_blank\" title=\"Haz clic para compartir en WhatsApp\"><span><\/span><span class=\"sharing-screen-reader-text\">Haz clic para compartir en WhatsApp (Se abre en una ventana nueva)<\/span><\/a><\/li><li class=\"share-telegram\"><a rel=\"nofollow noopener noreferrer\" data-shared=\"\" class=\"share-telegram sd-button share-icon no-text\" href=\"http:\/\/www.rtvnoticias.com.ar\/?p=20826&amp;share=telegram\" target=\"_blank\" title=\"Haz clic para compartir en Telegram\"><span><\/span><span class=\"sharing-screen-reader-text\">Haz clic para compartir en Telegram (Se abre en una ventana nueva)<\/span><\/a><\/li><li class=\"share-end\"><\/li><\/ul><\/div><\/div><\/div>","protected":false},"author":5,"featured_media":20827,"comment_status":"closed","ping_status":"closed","sticky":false,"template":"","format":"standard","meta":{"spay_email":"","jetpack_publicize_message":"","jetpack_is_tweetstorm":false,"jetpack_publicize_feature_enabled":true},"categories":[3],"tags":[],"jetpack_featured_media_url":"http:\/\/www.rtvnoticias.com.ar\/wp-content\/uploads\/2020\/05\/lagos.jpg","jetpack_publicize_connections":[],"jetpack_sharing_enabled":true,"_links":{"self":[{"href":"http:\/\/www.rtvnoticias.com.ar\/index.php?rest_route=\/wp\/v2\/posts\/20826"}],"collection":[{"href":"http:\/\/www.rtvnoticias.com.ar\/index.php?rest_route=\/wp\/v2\/posts"}],"about":[{"href":"http:\/\/www.rtvnoticias.com.ar\/index.php?rest_route=\/wp\/v2\/types\/post"}],"author":[{"embeddable":true,"href":"http:\/\/www.rtvnoticias.com.ar\/index.php?rest_route=\/wp\/v2\/users\/5"}],"replies":[{"embeddable":true,"href":"http:\/\/www.rtvnoticias.com.ar\/index.php?rest_route=%2Fwp%2Fv2%2Fcomments&post=20826"}],"version-history":[{"count":1,"href":"http:\/\/www.rtvnoticias.com.ar\/index.php?rest_route=\/wp\/v2\/posts\/20826\/revisions"}],"predecessor-version":[{"id":20828,"href":"http:\/\/www.rtvnoticias.com.ar\/index.php?rest_route=\/wp\/v2\/posts\/20826\/revisions\/20828"}],"wp:featuredmedia":[{"embeddable":true,"href":"http:\/\/www.rtvnoticias.com.ar\/index.php?rest_route=\/wp\/v2\/media\/20827"}],"wp:attachment":[{"href":"http:\/\/www.rtvnoticias.com.ar\/index.php?rest_route=%2Fwp%2Fv2%2Fmedia&parent=20826"}],"wp:term":[{"taxonomy":"category","embeddable":true,"href":"http:\/\/www.rtvnoticias.com.ar\/index.php?rest_route=%2Fwp%2Fv2%2Fcategories&post=20826"},{"taxonomy":"post_tag","embeddable":true,"href":"http:\/\/www.rtvnoticias.com.ar\/index.php?rest_route=%2Fwp%2Fv2%2Ftags&post=20826"}],"curies":[{"name":"wp","href":"https:\/\/api.w.org\/{rel}","templated":true}]}}