{"id":20839,"date":"2020-05-11T00:12:11","date_gmt":"2020-05-11T03:12:11","guid":{"rendered":"http:\/\/www.rtvnoticias.com.ar\/?p=20839"},"modified":"2020-05-10T21:06:59","modified_gmt":"2020-05-11T00:06:59","slug":"el-poder-judicial-comienza-a-dar-turnos-on-line-y-retoma-actividades-el-18-de-mayo","status":"publish","type":"post","link":"http:\/\/www.rtvnoticias.com.ar\/?p=20839","title":{"rendered":"El Poder Judicial comienza a dar turnos on line y retoma actividades el 18 de mayo"},"content":{"rendered":"\n<p>El Poder Judicial comenzar\u00e1 hoy con el otorgamiento de turnos on line a abogados, procuradores, auxiliares de la justicia y p\u00fablico en general, los cuales deber\u00e1n tramitarse a trav\u00e9s de la p\u00e1gina web justicia.lapampa.gob.ar.<strong>\u00a0<\/strong>La constancia del turno ser\u00e1 un requisito indispensable para ingresar a los edificios judiciales cuando la actividad se normalice el lunes 18.<\/p>\n\n\n\n<p>Los turnos v\u00e1lidos ser\u00e1n los que se entreguen a partir del primer minuto de ma\u00f1ana, ya que se detectaron gestiones on line para obtenerlos en las \u00faltimas horas. Sin embargo, esos turnos \u00a0ser\u00e1n invalidados.<\/p>\n\n\n\n<p>El Superior Tribunal de Justicia dispuso el viernes, por intermedio del acuerdo 3705, extender la feria extraordinaria judicial hasta el pr\u00f3ximo domingo y volver a la actividad completa el lunes 18. Como ese regreso ser\u00e1 con atenci\u00f3n a profesionales y p\u00fablico por un sistema de turnos, se autoriz\u00f3 a ir solicit\u00e1ndolos con una semana de antelaci\u00f3n.<\/p>\n\n\n\n<p>Ese mecanismo on line no ser\u00e1 de aplicaci\u00f3n en el \u00e1mbito del Ministerio P\u00fablico, que deber\u00e1 instrumentar un sistema an\u00e1logo de gesti\u00f3n y atenci\u00f3n al p\u00fablico, tal como qued\u00f3 estipulado en la acordada.<\/p>\n\n\n\n<p>Cuando se reanude la actividad, la prestaci\u00f3n del servicio de justicia ser\u00e1 sin limitantes, aunque bajo las \u201cpautas para el funcionamiento de los organismos del Poder Judicial en el per\u00edodo de m\u00e1xima emergencia sanitaria\u201d y las \u201cmedidas y recomendaciones sanitarias\u201d ordenadas por el STJ, en el marco de la pandemia del Covid-19.<\/p>\n\n\n\n<p>Tambi\u00e9n el lunes 18 comenzar\u00e1n a funcionar a pleno los juzgados de paz. En el caso de esos organismos los turnos deber\u00e1n gestionarse telef\u00f3nicamente a trav\u00e9s de los n\u00fameros que figuran publicados la web.<\/p>\n\n\n\n<p>Ese d\u00eda todo el personal judicial volver\u00e1 a su horario habitual de 7 a 13, a excepci\u00f3n de los magistrados, funcionarios y empleados mayores de 60 a\u00f1os, embarazadas en cualquier trimestre, los grupos de riesgo descriptos en el decreto 555\/20 del Poder Ejecutivo Provincial y las madres, padres o personas adultas responsable a cargo de un ni\u00f1o, ni\u00f1a o adolescente, y cuya presencia en el hogar resulte indispensable para el cuidado de ellos, mientras dure la suspensi\u00f3n de clases.<\/p>\n\n\n\n<p>\u200b&nbsp;<\/p>\n<div class=\"sharedaddy sd-sharing-enabled\"><div class=\"robots-nocontent sd-block sd-social sd-social-icon sd-sharing\"><h3 class=\"sd-title\">Comparte esto:<\/h3><div class=\"sd-content\"><ul><li class=\"share-twitter\"><a rel=\"nofollow noopener noreferrer\" data-shared=\"sharing-twitter-20839\" class=\"share-twitter sd-button share-icon no-text\" href=\"http:\/\/www.rtvnoticias.com.ar\/?p=20839&amp;share=twitter\" target=\"_blank\" title=\"Haz clic para compartir en Twitter\"><span><\/span><span class=\"sharing-screen-reader-text\">Haz clic para compartir en Twitter (Se abre en una ventana nueva)<\/span><\/a><\/li><li class=\"share-facebook\"><a rel=\"nofollow noopener noreferrer\" data-shared=\"sharing-facebook-20839\" class=\"share-facebook sd-button share-icon no-text\" href=\"http:\/\/www.rtvnoticias.com.ar\/?p=20839&amp;share=facebook\" target=\"_blank\" title=\"Haz clic para compartir en Facebook\"><span><\/span><span class=\"sharing-screen-reader-text\">Haz clic para compartir en Facebook (Se abre en una ventana nueva)<\/span><\/a><\/li><li class=\"share-jetpack-whatsapp\"><a rel=\"nofollow noopener noreferrer\" data-shared=\"\" class=\"share-jetpack-whatsapp sd-button share-icon no-text\" href=\"http:\/\/www.rtvnoticias.com.ar\/?p=20839&amp;share=jetpack-whatsapp\" target=\"_blank\" title=\"Haz clic para compartir en WhatsApp\"><span><\/span><span class=\"sharing-screen-reader-text\">Haz clic para compartir en WhatsApp (Se abre en una ventana nueva)<\/span><\/a><\/li><li class=\"share-telegram\"><a rel=\"nofollow noopener noreferrer\" data-shared=\"\" class=\"share-telegram sd-button share-icon no-text\" href=\"http:\/\/www.rtvnoticias.com.ar\/?p=20839&amp;share=telegram\" target=\"_blank\" title=\"Haz clic para compartir en Telegram\"><span><\/span><span class=\"sharing-screen-reader-text\">Haz clic para compartir en Telegram (Se abre en una ventana nueva)<\/span><\/a><\/li><li class=\"share-end\"><\/li><\/ul><\/div><\/div><\/div>","protected":false},"excerpt":{"rendered":"<p>El Poder Judicial comenzar\u00e1 hoy con el otorgamiento de turnos on line a abogados, procuradores, auxiliares de la justicia y p\u00fablico en general, los cuales<\/p>\n<div class=\"sharedaddy sd-sharing-enabled\"><div class=\"robots-nocontent sd-block sd-social sd-social-icon sd-sharing\"><h3 class=\"sd-title\">Comparte esto:<\/h3><div class=\"sd-content\"><ul><li class=\"share-twitter\"><a rel=\"nofollow noopener noreferrer\" data-shared=\"sharing-twitter-20839\" class=\"share-twitter sd-button share-icon no-text\" href=\"http:\/\/www.rtvnoticias.com.ar\/?p=20839&amp;share=twitter\" target=\"_blank\" title=\"Haz clic para compartir en Twitter\"><span><\/span><span class=\"sharing-screen-reader-text\">Haz clic para compartir en Twitter (Se abre en una ventana nueva)<\/span><\/a><\/li><li class=\"share-facebook\"><a rel=\"nofollow noopener noreferrer\" data-shared=\"sharing-facebook-20839\" class=\"share-facebook sd-button share-icon no-text\" href=\"http:\/\/www.rtvnoticias.com.ar\/?p=20839&amp;share=facebook\" target=\"_blank\" title=\"Haz clic para compartir en Facebook\"><span><\/span><span class=\"sharing-screen-reader-text\">Haz clic para compartir en Facebook (Se abre en una ventana nueva)<\/span><\/a><\/li><li class=\"share-jetpack-whatsapp\"><a rel=\"nofollow noopener noreferrer\" data-shared=\"\" class=\"share-jetpack-whatsapp sd-button share-icon no-text\" href=\"http:\/\/www.rtvnoticias.com.ar\/?p=20839&amp;share=jetpack-whatsapp\" target=\"_blank\" title=\"Haz clic para compartir en WhatsApp\"><span><\/span><span class=\"sharing-screen-reader-text\">Haz clic para compartir en WhatsApp (Se abre en una ventana nueva)<\/span><\/a><\/li><li class=\"share-telegram\"><a rel=\"nofollow noopener noreferrer\" data-shared=\"\" class=\"share-telegram sd-button share-icon no-text\" href=\"http:\/\/www.rtvnoticias.com.ar\/?p=20839&amp;share=telegram\" target=\"_blank\" title=\"Haz clic para compartir en Telegram\"><span><\/span><span class=\"sharing-screen-reader-text\">Haz clic para compartir en Telegram (Se abre en una ventana nueva)<\/span><\/a><\/li><li class=\"share-end\"><\/li><\/ul><\/div><\/div><\/div>","protected":false},"author":5,"featured_media":20840,"comment_status":"closed","ping_status":"closed","sticky":false,"template":"","format":"standard","meta":{"spay_email":"","jetpack_publicize_message":"","jetpack_is_tweetstorm":false,"jetpack_publicize_feature_enabled":true},"categories":[4],"tags":[3268],"jetpack_featured_media_url":"http:\/\/www.rtvnoticias.com.ar\/wp-content\/uploads\/2020\/05\/stj-turnos.jpg","jetpack_publicize_connections":[],"jetpack_sharing_enabled":true,"_links":{"self":[{"href":"http:\/\/www.rtvnoticias.com.ar\/index.php?rest_route=\/wp\/v2\/posts\/20839"}],"collection":[{"href":"http:\/\/www.rtvnoticias.com.ar\/index.php?rest_route=\/wp\/v2\/posts"}],"about":[{"href":"http:\/\/www.rtvnoticias.com.ar\/index.php?rest_route=\/wp\/v2\/types\/post"}],"author":[{"embeddable":true,"href":"http:\/\/www.rtvnoticias.com.ar\/index.php?rest_route=\/wp\/v2\/users\/5"}],"replies":[{"embeddable":true,"href":"http:\/\/www.rtvnoticias.com.ar\/index.php?rest_route=%2Fwp%2Fv2%2Fcomments&post=20839"}],"version-history":[{"count":1,"href":"http:\/\/www.rtvnoticias.com.ar\/index.php?rest_route=\/wp\/v2\/posts\/20839\/revisions"}],"predecessor-version":[{"id":20841,"href":"http:\/\/www.rtvnoticias.com.ar\/index.php?rest_route=\/wp\/v2\/posts\/20839\/revisions\/20841"}],"wp:featuredmedia":[{"embeddable":true,"href":"http:\/\/www.rtvnoticias.com.ar\/index.php?rest_route=\/wp\/v2\/media\/20840"}],"wp:attachment":[{"href":"http:\/\/www.rtvnoticias.com.ar\/index.php?rest_route=%2Fwp%2Fv2%2Fmedia&parent=20839"}],"wp:term":[{"taxonomy":"category","embeddable":true,"href":"http:\/\/www.rtvnoticias.com.ar\/index.php?rest_route=%2Fwp%2Fv2%2Fcategories&post=20839"},{"taxonomy":"post_tag","embeddable":true,"href":"http:\/\/www.rtvnoticias.com.ar\/index.php?rest_route=%2Fwp%2Fv2%2Ftags&post=20839"}],"curies":[{"name":"wp","href":"https:\/\/api.w.org\/{rel}","templated":true}]}}