{"id":20847,"date":"2020-05-11T17:54:57","date_gmt":"2020-05-11T20:54:57","guid":{"rendered":"http:\/\/www.rtvnoticias.com.ar\/?p=20847"},"modified":"2020-05-11T17:55:02","modified_gmt":"2020-05-11T20:55:02","slug":"la-pampa-envio-a-nacion-un-listado-con-205-personas-habilitadas-para-regresar-a-la-provincia","status":"publish","type":"post","link":"http:\/\/www.rtvnoticias.com.ar\/?p=20847","title":{"rendered":"La Pampa envi\u00f3 a Naci\u00f3n un listado con 205 personas habilitadas para regresar a la provincia"},"content":{"rendered":"\n<p>El Gobierno provincial envi\u00f3 a Naci\u00f3n el listado de las primeras 205 personas habilitadas para reingresar a La Pampa en el marco del programa \u201cRegreso a Casa\u201d. En cuanto el Gobierno nacional emita los permisos de circulaci\u00f3n los inscriptos podr\u00e1n volver y cumplir con los 14 d\u00edas de aislamiento en los hoteles previstos para estos casos.<\/p>\n\n\n\n<p>La n\u00f3mina con los datos del resto de los pampeanos que se han registrado y comprometido a cumplir con los protocolos dispuestos para reingresar a la provincia ser\u00e1 remitida&nbsp;al Gobierno nacional a \u00faltima hora de hoy.<\/p>\n\n\n\n<p>Un procedimiento similar se aplicar\u00e1 a los pampeanos que retornen del extranjero. En estos casos tambi\u00e9n estar\u00e1n&nbsp;obligados a cumplir con el&nbsp;aislamiento de 14 d\u00edas en hoteles definidos por el Ministerio de Salud P\u00fablica.<\/p>\n\n\n\n<p>El programa \u201cRegreso a Casa\u201d fue instrumentado desde el Gobierno de La Pampa con el objetivo de facilitar el regreso de los pampeanos que fueron sorprendidos por la pandemia en otra provincia.<\/p>\n\n\n\n<p>A tal fin se dise\u00f1\u00f3 una log\u00edstica para garantizar que quienes se comprometieran a cumplir los protocolos de seguridad puedan regresar a La Pampa y aislarse por el t\u00e9rmino de 14 d\u00edas en lugares dispuestos y monitoreados por el Ministerio de Salud P\u00fablica. Los gastos que generen el alojamiento, la alimentaci\u00f3n y el monitoreo sanitario ser\u00e1n afrontados con recursos del Estado.<\/p>\n\n\n\n<p>La n\u00f3mina que elabora la Provincia de La Pampa tiene el sentido de organizar el operativo a trav\u00e9s de \u201ccupos\u201d reducidos de regreso. De esta forma, es el Gobierno provincial quien coordina con el Gobierno nacional cu\u00e1ntas personas por d\u00eda estar\u00e1n habilitadas para reingresar.<\/p>\n\n\n\n<p>El fraccionamiento apunta a que el ingreso pueda ser controlado y monitoreado por personal del Ministerio de Salud, de modo tal que se preserven todos los requerimientos epidemiol\u00f3gicos para reducir al m\u00ednimo los riesgos de contagio.<br><\/p>\n<div class=\"sharedaddy sd-sharing-enabled\"><div class=\"robots-nocontent sd-block sd-social sd-social-icon sd-sharing\"><h3 class=\"sd-title\">Comparte esto:<\/h3><div class=\"sd-content\"><ul><li class=\"share-twitter\"><a rel=\"nofollow noopener noreferrer\" data-shared=\"sharing-twitter-20847\" class=\"share-twitter sd-button share-icon no-text\" href=\"http:\/\/www.rtvnoticias.com.ar\/?p=20847&amp;share=twitter\" target=\"_blank\" title=\"Haz clic para compartir en Twitter\"><span><\/span><span class=\"sharing-screen-reader-text\">Haz clic para compartir en Twitter (Se abre en una ventana nueva)<\/span><\/a><\/li><li class=\"share-facebook\"><a rel=\"nofollow noopener noreferrer\" data-shared=\"sharing-facebook-20847\" class=\"share-facebook sd-button share-icon no-text\" href=\"http:\/\/www.rtvnoticias.com.ar\/?p=20847&amp;share=facebook\" target=\"_blank\" title=\"Haz clic para compartir en Facebook\"><span><\/span><span class=\"sharing-screen-reader-text\">Haz clic para compartir en Facebook (Se abre en una ventana nueva)<\/span><\/a><\/li><li class=\"share-jetpack-whatsapp\"><a rel=\"nofollow noopener noreferrer\" data-shared=\"\" class=\"share-jetpack-whatsapp sd-button share-icon no-text\" href=\"http:\/\/www.rtvnoticias.com.ar\/?p=20847&amp;share=jetpack-whatsapp\" target=\"_blank\" title=\"Haz clic para compartir en WhatsApp\"><span><\/span><span class=\"sharing-screen-reader-text\">Haz clic para compartir en WhatsApp (Se abre en una ventana nueva)<\/span><\/a><\/li><li class=\"share-telegram\"><a rel=\"nofollow noopener noreferrer\" data-shared=\"\" class=\"share-telegram sd-button share-icon no-text\" href=\"http:\/\/www.rtvnoticias.com.ar\/?p=20847&amp;share=telegram\" target=\"_blank\" title=\"Haz clic para compartir en Telegram\"><span><\/span><span class=\"sharing-screen-reader-text\">Haz clic para compartir en Telegram (Se abre en una ventana nueva)<\/span><\/a><\/li><li class=\"share-end\"><\/li><\/ul><\/div><\/div><\/div>","protected":false},"excerpt":{"rendered":"<p>El Gobierno provincial envi\u00f3 a Naci\u00f3n el listado de las primeras 205 personas habilitadas para reingresar a La Pampa en el marco del programa \u201cRegreso<\/p>\n<div class=\"sharedaddy sd-sharing-enabled\"><div class=\"robots-nocontent sd-block sd-social sd-social-icon sd-sharing\"><h3 class=\"sd-title\">Comparte esto:<\/h3><div class=\"sd-content\"><ul><li class=\"share-twitter\"><a rel=\"nofollow noopener noreferrer\" data-shared=\"sharing-twitter-20847\" class=\"share-twitter sd-button share-icon no-text\" href=\"http:\/\/www.rtvnoticias.com.ar\/?p=20847&amp;share=twitter\" target=\"_blank\" title=\"Haz clic para compartir en Twitter\"><span><\/span><span class=\"sharing-screen-reader-text\">Haz clic para compartir en Twitter (Se abre en una ventana nueva)<\/span><\/a><\/li><li class=\"share-facebook\"><a rel=\"nofollow noopener noreferrer\" data-shared=\"sharing-facebook-20847\" class=\"share-facebook sd-button share-icon no-text\" href=\"http:\/\/www.rtvnoticias.com.ar\/?p=20847&amp;share=facebook\" target=\"_blank\" title=\"Haz clic para compartir en Facebook\"><span><\/span><span class=\"sharing-screen-reader-text\">Haz clic para compartir en Facebook (Se abre en una ventana nueva)<\/span><\/a><\/li><li class=\"share-jetpack-whatsapp\"><a rel=\"nofollow noopener noreferrer\" data-shared=\"\" class=\"share-jetpack-whatsapp sd-button share-icon no-text\" href=\"http:\/\/www.rtvnoticias.com.ar\/?p=20847&amp;share=jetpack-whatsapp\" target=\"_blank\" title=\"Haz clic para compartir en WhatsApp\"><span><\/span><span class=\"sharing-screen-reader-text\">Haz clic para compartir en WhatsApp (Se abre en una ventana nueva)<\/span><\/a><\/li><li class=\"share-telegram\"><a rel=\"nofollow noopener noreferrer\" data-shared=\"\" class=\"share-telegram sd-button share-icon no-text\" href=\"http:\/\/www.rtvnoticias.com.ar\/?p=20847&amp;share=telegram\" target=\"_blank\" title=\"Haz clic para compartir en Telegram\"><span><\/span><span class=\"sharing-screen-reader-text\">Haz clic para compartir en Telegram (Se abre en una ventana nueva)<\/span><\/a><\/li><li class=\"share-end\"><\/li><\/ul><\/div><\/div><\/div>","protected":false},"author":5,"featured_media":20848,"comment_status":"closed","ping_status":"closed","sticky":false,"template":"","format":"standard","meta":{"spay_email":"","jetpack_publicize_message":"","jetpack_is_tweetstorm":false,"jetpack_publicize_feature_enabled":true},"categories":[1],"tags":[3264],"jetpack_featured_media_url":"http:\/\/www.rtvnoticias.com.ar\/wp-content\/uploads\/2020\/05\/control-2.jpg","jetpack_publicize_connections":[],"jetpack_sharing_enabled":true,"_links":{"self":[{"href":"http:\/\/www.rtvnoticias.com.ar\/index.php?rest_route=\/wp\/v2\/posts\/20847"}],"collection":[{"href":"http:\/\/www.rtvnoticias.com.ar\/index.php?rest_route=\/wp\/v2\/posts"}],"about":[{"href":"http:\/\/www.rtvnoticias.com.ar\/index.php?rest_route=\/wp\/v2\/types\/post"}],"author":[{"embeddable":true,"href":"http:\/\/www.rtvnoticias.com.ar\/index.php?rest_route=\/wp\/v2\/users\/5"}],"replies":[{"embeddable":true,"href":"http:\/\/www.rtvnoticias.com.ar\/index.php?rest_route=%2Fwp%2Fv2%2Fcomments&post=20847"}],"version-history":[{"count":1,"href":"http:\/\/www.rtvnoticias.com.ar\/index.php?rest_route=\/wp\/v2\/posts\/20847\/revisions"}],"predecessor-version":[{"id":20849,"href":"http:\/\/www.rtvnoticias.com.ar\/index.php?rest_route=\/wp\/v2\/posts\/20847\/revisions\/20849"}],"wp:featuredmedia":[{"embeddable":true,"href":"http:\/\/www.rtvnoticias.com.ar\/index.php?rest_route=\/wp\/v2\/media\/20848"}],"wp:attachment":[{"href":"http:\/\/www.rtvnoticias.com.ar\/index.php?rest_route=%2Fwp%2Fv2%2Fmedia&parent=20847"}],"wp:term":[{"taxonomy":"category","embeddable":true,"href":"http:\/\/www.rtvnoticias.com.ar\/index.php?rest_route=%2Fwp%2Fv2%2Fcategories&post=20847"},{"taxonomy":"post_tag","embeddable":true,"href":"http:\/\/www.rtvnoticias.com.ar\/index.php?rest_route=%2Fwp%2Fv2%2Ftags&post=20847"}],"curies":[{"name":"wp","href":"https:\/\/api.w.org\/{rel}","templated":true}]}}