{"id":20858,"date":"2020-05-13T00:38:48","date_gmt":"2020-05-13T03:38:48","guid":{"rendered":"http:\/\/www.rtvnoticias.com.ar\/?p=20858"},"modified":"2020-05-12T17:48:57","modified_gmt":"2020-05-12T20:48:57","slug":"alonso-acompanara-a-bomberos-a-gestionar-fondos-para-para-la-institucion","status":"publish","type":"post","link":"http:\/\/www.rtvnoticias.com.ar\/?p=20858","title":{"rendered":"Alonso acompa\u00f1ar\u00e1 a Bomberos a gestionar fondos para para la instituci\u00f3n"},"content":{"rendered":"\n<p>El presidente de la Asociaci\u00f3n Bomberos Voluntarios,  Hugo Santamarina y el tesorero de la entidad, Alejandro Zavattero,  se entrevistaron con la intendenta de la ciudad, Fernanda Alonso, con el fin de gestionar en forma conjunta, fondos para la instituci\u00f3n. Estuvo presente tambi\u00e9n el secretario de Gobierno, Pablo Pildain. <\/p>\n\n\n\n<p>\u201cComo es de p\u00fablico conocimiento a la instituci\u00f3n cada vez le cuesta m\u00e1s sostenerse econ\u00f3micamente, por\n la dimensi\u00f3n que tiene, es muy grande, acorde con la cantidad de habitantes que tiene la ciudad\u201d, explic\u00f3 Zavattero. Quien coment\u00f3 adem\u00e1s que la idea es llegar al Gobierno Provincial, con el acompa\u00f1amiento de la intendenta de la ciudad.<\/p>\n\n\n\n<p>\u201cB\u00e1sicamente buscamos gestionar fondos, para darle una soluci\u00f3n definitiva, al problema econ\u00f3mico\u201d, se\u00f1al\u00f3\n el jefe del cuerpo activo.<\/p>\n\n\n\n<p><strong>Costos<\/strong><\/p>\n\n\n\n<p>Por su parte, el presidente de la Asociaci\u00f3n, detall\u00f3 que hoy la instituci\u00f3n recauda entre el 35 y el\n 40 por ciento de los gastos que necesita derogar mensualmente: \u201cEsa diferencia la tenemos que conseguir si o si de alguna manera, por eso queremos gestionar ante la Provincia, para ver de qu\u00e9 manera podemos achicar la brecha\u201d, dijo Santamarina.<\/p>\n\n\n\n<p>Hoy Bomberos&nbsp; voluntarios est\u00e1 trabajando con 65 efectivos, m\u00e1s los efectivos afectados a la reserva&nbsp;\n y al cuerpo auxiliar.&nbsp;&nbsp;&nbsp;<\/p>\n\n\n\n<p>Los directivos coincidieron en se\u00f1alar que es muy dif\u00edcil saber el costo que tiene cada servicio, \u201cpero\n cuando se llega a fin de a\u00f1o hay que comprar 4 o cinco cubiertas, baterias, o reparar alternadores y burros de arranque&nbsp; para la unidades\u201d, subrayan.<\/p>\n\n\n\n<p>El a\u00f1o pasado se hicieron desde el cuartel casi 800 salidas, que implicaron para la instituci\u00f3n un costo\n que ronda los 500.000 pesos mensuales. \u201cSiempre y cuando no tengamos una rotura grande como ha sucedido con el cami\u00f3n americano, que es uno de los pilares para atender los siniestros. Estamos hablando de una reparaci\u00f3n que tienen&nbsp; un costo de casi un mill\u00f3n\n ochocientos mil pesos\u201d, manifest\u00f3 Zavattero.<\/p>\n<div class=\"sharedaddy sd-sharing-enabled\"><div class=\"robots-nocontent sd-block sd-social sd-social-icon sd-sharing\"><h3 class=\"sd-title\">Comparte esto:<\/h3><div class=\"sd-content\"><ul><li class=\"share-twitter\"><a rel=\"nofollow noopener noreferrer\" data-shared=\"sharing-twitter-20858\" class=\"share-twitter sd-button share-icon no-text\" href=\"http:\/\/www.rtvnoticias.com.ar\/?p=20858&amp;share=twitter\" target=\"_blank\" title=\"Haz clic para compartir en Twitter\"><span><\/span><span class=\"sharing-screen-reader-text\">Haz clic para compartir en Twitter (Se abre en una ventana nueva)<\/span><\/a><\/li><li class=\"share-facebook\"><a rel=\"nofollow noopener noreferrer\" data-shared=\"sharing-facebook-20858\" class=\"share-facebook sd-button share-icon no-text\" href=\"http:\/\/www.rtvnoticias.com.ar\/?p=20858&amp;share=facebook\" target=\"_blank\" title=\"Haz clic para compartir en Facebook\"><span><\/span><span class=\"sharing-screen-reader-text\">Haz clic para compartir en Facebook (Se abre en una ventana nueva)<\/span><\/a><\/li><li class=\"share-jetpack-whatsapp\"><a rel=\"nofollow noopener noreferrer\" data-shared=\"\" class=\"share-jetpack-whatsapp sd-button share-icon no-text\" href=\"http:\/\/www.rtvnoticias.com.ar\/?p=20858&amp;share=jetpack-whatsapp\" target=\"_blank\" title=\"Haz clic para compartir en WhatsApp\"><span><\/span><span class=\"sharing-screen-reader-text\">Haz clic para compartir en WhatsApp (Se abre en una ventana nueva)<\/span><\/a><\/li><li class=\"share-telegram\"><a rel=\"nofollow noopener noreferrer\" data-shared=\"\" class=\"share-telegram sd-button share-icon no-text\" href=\"http:\/\/www.rtvnoticias.com.ar\/?p=20858&amp;share=telegram\" target=\"_blank\" title=\"Haz clic para compartir en Telegram\"><span><\/span><span class=\"sharing-screen-reader-text\">Haz clic para compartir en Telegram (Se abre en una ventana nueva)<\/span><\/a><\/li><li class=\"share-end\"><\/li><\/ul><\/div><\/div><\/div>","protected":false},"excerpt":{"rendered":"<p>El presidente de la Asociaci\u00f3n Bomberos Voluntarios, Hugo Santamarina y el tesorero de la entidad, Alejandro Zavattero, se entrevistaron con la intendenta de la ciudad,<\/p>\n<div class=\"sharedaddy sd-sharing-enabled\"><div class=\"robots-nocontent sd-block sd-social sd-social-icon sd-sharing\"><h3 class=\"sd-title\">Comparte esto:<\/h3><div class=\"sd-content\"><ul><li class=\"share-twitter\"><a rel=\"nofollow noopener noreferrer\" data-shared=\"sharing-twitter-20858\" class=\"share-twitter sd-button share-icon no-text\" href=\"http:\/\/www.rtvnoticias.com.ar\/?p=20858&amp;share=twitter\" target=\"_blank\" title=\"Haz clic para compartir en Twitter\"><span><\/span><span class=\"sharing-screen-reader-text\">Haz clic para compartir en Twitter (Se abre en una ventana nueva)<\/span><\/a><\/li><li class=\"share-facebook\"><a rel=\"nofollow noopener noreferrer\" data-shared=\"sharing-facebook-20858\" class=\"share-facebook sd-button share-icon no-text\" href=\"http:\/\/www.rtvnoticias.com.ar\/?p=20858&amp;share=facebook\" target=\"_blank\" title=\"Haz clic para compartir en Facebook\"><span><\/span><span class=\"sharing-screen-reader-text\">Haz clic para compartir en Facebook (Se abre en una ventana nueva)<\/span><\/a><\/li><li class=\"share-jetpack-whatsapp\"><a rel=\"nofollow noopener noreferrer\" data-shared=\"\" class=\"share-jetpack-whatsapp sd-button share-icon no-text\" href=\"http:\/\/www.rtvnoticias.com.ar\/?p=20858&amp;share=jetpack-whatsapp\" target=\"_blank\" title=\"Haz clic para compartir en WhatsApp\"><span><\/span><span class=\"sharing-screen-reader-text\">Haz clic para compartir en WhatsApp (Se abre en una ventana nueva)<\/span><\/a><\/li><li class=\"share-telegram\"><a rel=\"nofollow noopener noreferrer\" data-shared=\"\" class=\"share-telegram sd-button share-icon no-text\" href=\"http:\/\/www.rtvnoticias.com.ar\/?p=20858&amp;share=telegram\" target=\"_blank\" title=\"Haz clic para compartir en Telegram\"><span><\/span><span class=\"sharing-screen-reader-text\">Haz clic para compartir en Telegram (Se abre en una ventana nueva)<\/span><\/a><\/li><li class=\"share-end\"><\/li><\/ul><\/div><\/div><\/div>","protected":false},"author":5,"featured_media":20859,"comment_status":"closed","ping_status":"closed","sticky":false,"template":"","format":"standard","meta":{"spay_email":"","jetpack_publicize_message":"","jetpack_is_tweetstorm":false,"jetpack_publicize_feature_enabled":true},"categories":[3],"tags":[3269],"jetpack_featured_media_url":"http:\/\/www.rtvnoticias.com.ar\/wp-content\/uploads\/2020\/05\/alonso-bomberos.png","jetpack_publicize_connections":[],"jetpack_sharing_enabled":true,"_links":{"self":[{"href":"http:\/\/www.rtvnoticias.com.ar\/index.php?rest_route=\/wp\/v2\/posts\/20858"}],"collection":[{"href":"http:\/\/www.rtvnoticias.com.ar\/index.php?rest_route=\/wp\/v2\/posts"}],"about":[{"href":"http:\/\/www.rtvnoticias.com.ar\/index.php?rest_route=\/wp\/v2\/types\/post"}],"author":[{"embeddable":true,"href":"http:\/\/www.rtvnoticias.com.ar\/index.php?rest_route=\/wp\/v2\/users\/5"}],"replies":[{"embeddable":true,"href":"http:\/\/www.rtvnoticias.com.ar\/index.php?rest_route=%2Fwp%2Fv2%2Fcomments&post=20858"}],"version-history":[{"count":1,"href":"http:\/\/www.rtvnoticias.com.ar\/index.php?rest_route=\/wp\/v2\/posts\/20858\/revisions"}],"predecessor-version":[{"id":20860,"href":"http:\/\/www.rtvnoticias.com.ar\/index.php?rest_route=\/wp\/v2\/posts\/20858\/revisions\/20860"}],"wp:featuredmedia":[{"embeddable":true,"href":"http:\/\/www.rtvnoticias.com.ar\/index.php?rest_route=\/wp\/v2\/media\/20859"}],"wp:attachment":[{"href":"http:\/\/www.rtvnoticias.com.ar\/index.php?rest_route=%2Fwp%2Fv2%2Fmedia&parent=20858"}],"wp:term":[{"taxonomy":"category","embeddable":true,"href":"http:\/\/www.rtvnoticias.com.ar\/index.php?rest_route=%2Fwp%2Fv2%2Fcategories&post=20858"},{"taxonomy":"post_tag","embeddable":true,"href":"http:\/\/www.rtvnoticias.com.ar\/index.php?rest_route=%2Fwp%2Fv2%2Ftags&post=20858"}],"curies":[{"name":"wp","href":"https:\/\/api.w.org\/{rel}","templated":true}]}}