{"id":20866,"date":"2020-05-13T00:58:37","date_gmt":"2020-05-13T03:58:37","guid":{"rendered":"http:\/\/www.rtvnoticias.com.ar\/?p=20866"},"modified":"2020-05-12T20:10:07","modified_gmt":"2020-05-12T23:10:07","slug":"el-stj-otorgo-535-turnos-en-los-dos-primeros-dias","status":"publish","type":"post","link":"http:\/\/www.rtvnoticias.com.ar\/?p=20866","title":{"rendered":"El STJ otorg\u00f3 535 turnos en los dos primeros d\u00edas"},"content":{"rendered":"\n<p>El Poder Judicial ya otorg\u00f3 535 turnos para la atenci\u00f3n de abogados, procuradores, auxiliares de la justicia y p\u00fablico en general, durante los dos primeros d\u00edas de la pr\u00f3xima semana, ya que el lunes 18 la actividad judicial se reiniciar\u00e1 luego de la feria extraordinaria. De esa cantidad de turnos, 171 corresponde a General Pico.<\/p>\n\n\n\n<p>La principal novedad del regreso, en el contexto de la pandemia por el coronavirus, ser\u00e1 que los profesionales y el p\u00fablico ser\u00e1n atendidos con turnos previamente asignados, que deber\u00e1n gestionarse a trav\u00e9s de la p\u00e1gina web justicia.lapampa.gob.ar.<\/p>\n\n\n\n<p>Para un mejor ordenamiento, el Superior Tribunal de Justicia dispuso que las solicitudes comenzaran a concederse desde ayer, por lo que hasta ahora se dieron 308 turnos para el lunes y 227 para el pr\u00f3ximo martes, llegando a 535 en esos dos primeros d\u00edas. Con ellos, sumados a los dados para mi\u00e9rcoles, jueves y viernes se alcanzan los 735.<\/p>\n\n\n\n<p>En la Primera Circunscripci\u00f3n, con asiento en Santa Rosa, se entregaron 347 turnos para las dos jornadas iniciales; en la Segunda, con sede en General Pico, 171; en la Tercera, con cabecera en General Acha, 15; y en la Cuarta, con asiento Victoria, cinco.<\/p>\n\n\n\n<p>La recomendaci\u00f3n oficial es respetar los horarios y saber que en el turno otorgado solo podr\u00e1 realizarse el tr\u00e1mite para el cual fue requerido. Ocurre que un profesional pudo haber solicitado m\u00e1s de un turno por d\u00eda ya que tramita expedientes en m\u00e1s de un juzgado. Dicha constancia deber\u00e1 exhibirse para poder ingresar a los edificios judiciales.<\/p>\n\n\n\n<p>Tambi\u00e9n el lunes se normalizar\u00e1 la actividad en los juzgados de paz, aunque en ese caso los turnos deber\u00e1n tramitarse en forma telef\u00f3nica a trav\u00e9s de los n\u00fameros que figuran en la p\u00e1gina web.<\/p>\n\n\n\n<p>El STJ, adem\u00e1s, resolvi\u00f3 por acuerdo una serie de \u201cpautas para el funcionamiento de los organismos del Poder Judicial en el per\u00edodo de m\u00e1xima emergencia sanitaria\u201d y \u201cmedidas y recomendaciones sanitarias\u201d, que se tendr\u00e1n sumamente en cuenta en el reinicio de las tareas habituales.<\/p>\n\n\n\n<p>El lunes todo el personal volver\u00e1 a trabajar en su horario habitual, excepto los magistrados, funcionarios y empleados mayores de 60 a\u00f1os, las embarazadas en cualquier trimestre, los grupos de riesgo y las madres, padres o personas adultas responsable a cargo de ni\u00f1os y adolescentes, y cuya presencia en el hogar resulte indispensable para sus cuidados, hasta tanto contin\u00faen suspendidas las clases.<\/p>\n\n\n\n<p>En esa acordada tambi\u00e9n se autoriz\u00f3 a los titulares de cada organismo a dispensar a personal a su cargo de concurrir f\u00edsicamente a sus lugares de trabajo y continuar con sus tareas a distancia, siempre que sea con la expresa conformidad del empleado y la anuencia de la Direcci\u00f3n General de Administraci\u00f3n.\u200b<br><br><\/p>\n<div class=\"sharedaddy sd-sharing-enabled\"><div class=\"robots-nocontent sd-block sd-social sd-social-icon sd-sharing\"><h3 class=\"sd-title\">Comparte esto:<\/h3><div class=\"sd-content\"><ul><li class=\"share-twitter\"><a rel=\"nofollow noopener noreferrer\" data-shared=\"sharing-twitter-20866\" class=\"share-twitter sd-button share-icon no-text\" href=\"http:\/\/www.rtvnoticias.com.ar\/?p=20866&amp;share=twitter\" target=\"_blank\" title=\"Haz clic para compartir en Twitter\"><span><\/span><span class=\"sharing-screen-reader-text\">Haz clic para compartir en Twitter (Se abre en una ventana nueva)<\/span><\/a><\/li><li class=\"share-facebook\"><a rel=\"nofollow noopener noreferrer\" data-shared=\"sharing-facebook-20866\" class=\"share-facebook sd-button share-icon no-text\" href=\"http:\/\/www.rtvnoticias.com.ar\/?p=20866&amp;share=facebook\" target=\"_blank\" title=\"Haz clic para compartir en Facebook\"><span><\/span><span class=\"sharing-screen-reader-text\">Haz clic para compartir en Facebook (Se abre en una ventana nueva)<\/span><\/a><\/li><li class=\"share-jetpack-whatsapp\"><a rel=\"nofollow noopener noreferrer\" data-shared=\"\" class=\"share-jetpack-whatsapp sd-button share-icon no-text\" href=\"http:\/\/www.rtvnoticias.com.ar\/?p=20866&amp;share=jetpack-whatsapp\" target=\"_blank\" title=\"Haz clic para compartir en WhatsApp\"><span><\/span><span class=\"sharing-screen-reader-text\">Haz clic para compartir en WhatsApp (Se abre en una ventana nueva)<\/span><\/a><\/li><li class=\"share-telegram\"><a rel=\"nofollow noopener noreferrer\" data-shared=\"\" class=\"share-telegram sd-button share-icon no-text\" href=\"http:\/\/www.rtvnoticias.com.ar\/?p=20866&amp;share=telegram\" target=\"_blank\" title=\"Haz clic para compartir en Telegram\"><span><\/span><span class=\"sharing-screen-reader-text\">Haz clic para compartir en Telegram (Se abre en una ventana nueva)<\/span><\/a><\/li><li class=\"share-end\"><\/li><\/ul><\/div><\/div><\/div>","protected":false},"excerpt":{"rendered":"<p>El Poder Judicial ya otorg\u00f3 535 turnos para la atenci\u00f3n de abogados, procuradores, auxiliares de la justicia y p\u00fablico en general, durante los dos primeros<\/p>\n<div class=\"sharedaddy sd-sharing-enabled\"><div class=\"robots-nocontent sd-block sd-social sd-social-icon sd-sharing\"><h3 class=\"sd-title\">Comparte esto:<\/h3><div class=\"sd-content\"><ul><li class=\"share-twitter\"><a rel=\"nofollow noopener noreferrer\" data-shared=\"sharing-twitter-20866\" class=\"share-twitter sd-button share-icon no-text\" href=\"http:\/\/www.rtvnoticias.com.ar\/?p=20866&amp;share=twitter\" target=\"_blank\" title=\"Haz clic para compartir en Twitter\"><span><\/span><span class=\"sharing-screen-reader-text\">Haz clic para compartir en Twitter (Se abre en una ventana nueva)<\/span><\/a><\/li><li class=\"share-facebook\"><a rel=\"nofollow noopener noreferrer\" data-shared=\"sharing-facebook-20866\" class=\"share-facebook sd-button share-icon no-text\" href=\"http:\/\/www.rtvnoticias.com.ar\/?p=20866&amp;share=facebook\" target=\"_blank\" title=\"Haz clic para compartir en Facebook\"><span><\/span><span class=\"sharing-screen-reader-text\">Haz clic para compartir en Facebook (Se abre en una ventana nueva)<\/span><\/a><\/li><li class=\"share-jetpack-whatsapp\"><a rel=\"nofollow noopener noreferrer\" data-shared=\"\" class=\"share-jetpack-whatsapp sd-button share-icon no-text\" href=\"http:\/\/www.rtvnoticias.com.ar\/?p=20866&amp;share=jetpack-whatsapp\" target=\"_blank\" title=\"Haz clic para compartir en WhatsApp\"><span><\/span><span class=\"sharing-screen-reader-text\">Haz clic para compartir en WhatsApp (Se abre en una ventana nueva)<\/span><\/a><\/li><li class=\"share-telegram\"><a rel=\"nofollow noopener noreferrer\" data-shared=\"\" class=\"share-telegram sd-button share-icon no-text\" href=\"http:\/\/www.rtvnoticias.com.ar\/?p=20866&amp;share=telegram\" target=\"_blank\" title=\"Haz clic para compartir en Telegram\"><span><\/span><span class=\"sharing-screen-reader-text\">Haz clic para compartir en Telegram (Se abre en una ventana nueva)<\/span><\/a><\/li><li class=\"share-end\"><\/li><\/ul><\/div><\/div><\/div>","protected":false},"author":5,"featured_media":20809,"comment_status":"closed","ping_status":"closed","sticky":false,"template":"","format":"standard","meta":{"spay_email":"","jetpack_publicize_message":"","jetpack_is_tweetstorm":false,"jetpack_publicize_feature_enabled":true},"categories":[1],"tags":[],"jetpack_featured_media_url":"http:\/\/www.rtvnoticias.com.ar\/wp-content\/uploads\/2020\/05\/justicia.jpg","jetpack_publicize_connections":[],"jetpack_sharing_enabled":true,"_links":{"self":[{"href":"http:\/\/www.rtvnoticias.com.ar\/index.php?rest_route=\/wp\/v2\/posts\/20866"}],"collection":[{"href":"http:\/\/www.rtvnoticias.com.ar\/index.php?rest_route=\/wp\/v2\/posts"}],"about":[{"href":"http:\/\/www.rtvnoticias.com.ar\/index.php?rest_route=\/wp\/v2\/types\/post"}],"author":[{"embeddable":true,"href":"http:\/\/www.rtvnoticias.com.ar\/index.php?rest_route=\/wp\/v2\/users\/5"}],"replies":[{"embeddable":true,"href":"http:\/\/www.rtvnoticias.com.ar\/index.php?rest_route=%2Fwp%2Fv2%2Fcomments&post=20866"}],"version-history":[{"count":1,"href":"http:\/\/www.rtvnoticias.com.ar\/index.php?rest_route=\/wp\/v2\/posts\/20866\/revisions"}],"predecessor-version":[{"id":20867,"href":"http:\/\/www.rtvnoticias.com.ar\/index.php?rest_route=\/wp\/v2\/posts\/20866\/revisions\/20867"}],"wp:featuredmedia":[{"embeddable":true,"href":"http:\/\/www.rtvnoticias.com.ar\/index.php?rest_route=\/wp\/v2\/media\/20809"}],"wp:attachment":[{"href":"http:\/\/www.rtvnoticias.com.ar\/index.php?rest_route=%2Fwp%2Fv2%2Fmedia&parent=20866"}],"wp:term":[{"taxonomy":"category","embeddable":true,"href":"http:\/\/www.rtvnoticias.com.ar\/index.php?rest_route=%2Fwp%2Fv2%2Fcategories&post=20866"},{"taxonomy":"post_tag","embeddable":true,"href":"http:\/\/www.rtvnoticias.com.ar\/index.php?rest_route=%2Fwp%2Fv2%2Ftags&post=20866"}],"curies":[{"name":"wp","href":"https:\/\/api.w.org\/{rel}","templated":true}]}}