{"id":20935,"date":"2020-05-14T19:09:34","date_gmt":"2020-05-14T22:09:34","guid":{"rendered":"http:\/\/www.rtvnoticias.com.ar\/?p=20935"},"modified":"2020-05-14T19:09:39","modified_gmt":"2020-05-14T22:09:39","slug":"fuerte-debate-en-el-concejo-por-contrato-de-alquiler-de-una-vivienda-el-expediente-volvio-a-comision","status":"publish","type":"post","link":"http:\/\/www.rtvnoticias.com.ar\/?p=20935","title":{"rendered":"Fuerte debate en el Concejo por contrato de alquiler de una vivienda. El expediente volvi\u00f3 a comisi\u00f3n"},"content":{"rendered":"\n<p>El Concejo Deliberante de General Pico, presidido por Daniel L\u00f3pez, llev\u00f3 adelante la s\u00e9ptima sesi\u00f3n ordinaria del a\u00f1o con la presencia en el recinto\u00a0\u00a0de todos los y las ediles y con las medidas sanitarias recomendadas ante el contexto de emergencia sanitaria por Covid-19.  El estado de una vivienda que la municipalidad alquila a una familia trajo una fuerte debate y por lo tanto el expediente regres\u00f3 a comisi\u00f3n. <\/p>\n\n\n\n<p>Pasaron a comisiones 7 expedientes municipales, entre ellos un proyecto de Ordenanza sobre la modificaci\u00f3n en la ordenanza 216\/19 denominado \u00abPavimentaci\u00f3n 300 cuadras de General Pico, La Pampa\u00bb, el mismo pretende una extensi\u00f3n en los plazos para hacer frente al pago de tasas por la obra de los y las frentistas. <\/p>\n\n\n\n<figure class=\"wp-block-image\"><img data-attachment-id=\"20937\" data-permalink=\"http:\/\/www.rtvnoticias.com.ar\/?attachment_id=20937\" data-orig-file=\"http:\/\/www.rtvnoticias.com.ar\/wp-content\/uploads\/2020\/05\/concejo-7-1.jpg\" data-orig-size=\"600,400\" data-comments-opened=\"0\" data-image-meta=\"{&quot;aperture&quot;:&quot;3.2&quot;,&quot;credit&quot;:&quot;&quot;,&quot;camera&quot;:&quot;Canon EOS 6D Mark II&quot;,&quot;caption&quot;:&quot;&quot;,&quot;created_timestamp&quot;:&quot;1586854642&quot;,&quot;copyright&quot;:&quot;&quot;,&quot;focal_length&quot;:&quot;50&quot;,&quot;iso&quot;:&quot;1250&quot;,&quot;shutter_speed&quot;:&quot;0.005&quot;,&quot;title&quot;:&quot;&quot;,&quot;orientation&quot;:&quot;1&quot;}\" data-image-title=\"concejo-7\" data-image-description=\"\" data-image-caption=\"\" data-medium-file=\"http:\/\/www.rtvnoticias.com.ar\/wp-content\/uploads\/2020\/05\/concejo-7-1-300x200.jpg\" data-large-file=\"http:\/\/www.rtvnoticias.com.ar\/wp-content\/uploads\/2020\/05\/concejo-7-1.jpg\" decoding=\"async\" loading=\"lazy\" width=\"600\" height=\"400\" src=\"http:\/\/www.rtvnoticias.com.ar\/wp-content\/uploads\/2020\/05\/concejo-7-1.jpg\" alt=\"\" class=\"wp-image-20937\" srcset=\"http:\/\/www.rtvnoticias.com.ar\/wp-content\/uploads\/2020\/05\/concejo-7-1.jpg 600w, http:\/\/www.rtvnoticias.com.ar\/wp-content\/uploads\/2020\/05\/concejo-7-1-300x200.jpg 300w\" sizes=\"(max-width: 600px) 100vw, 600px\" \/><\/figure>\n\n\n\n<p>De esta manera los concejales y las concejalas tratar\u00e1n en comisiones la modificaci\u00f3n del art\u00edculo 4 de dicha ordenanza&nbsp;&nbsp;para modificar el m\u00e9todo de c\u00e1lculo de las cuotas e introducir un sistema de actualizaci\u00f3n en funci\u00f3n a la tasa de conservaci\u00f3n de pavimento para la zona urbana. Y si bien inicialmente el plan prev\u00e9 hasta 60 cuotas esta propuesta establece la posibilidad de ampliar las mismas para casos espec\u00edficos.&nbsp;<\/p>\n\n\n\n<p>El punto 8, un proyecto de resoluci\u00f3n presentado por el bloque Propuesta Federal, solicitando al Municipio informaci\u00f3n sobre contrataciones realizadas, tambi\u00e9n pas\u00f3 a comisiones para su correspondiente tratamiento.<\/p>\n\n\n\n<p><strong>Despachos de comisiones<\/strong><\/p>\n\n\n\n<p>Once fueron los despachos de comisiones que se trataron en la sesi\u00f3n de los cuales m\u00e1s de la mitad fueron aprobados por unanimidad, entre ellos los expedientes internos con correspondencia recibida de vecinos y vecinas de la ciudad sobre la obra de \u00abPavimentaci\u00f3n 300 cuadras de General Pico\u00bb.<\/p>\n\n\n\n<p>Este punto tuvo como antecedente el tratamiento d\u00edas atr\u00e1s en labor parlamentaria, solicitado por el presidente del Concejo Deliberante, Daniel L\u00f3pez, en acuerdo con el bloque opositor UCR, puntualmente con su presidente, Guillermo Coppo. <\/p>\n\n\n\n<p>All\u00ed con la presencia de funcionarios y funcionarias del \u00e1rea de econom\u00eda se\u00a0dieron explicaciones, a la totalidad de los y las ediles, sobre el m\u00e9todo de c\u00e1lculo y las financiaciones. Tambi\u00e9n se analiz\u00f3 la correspondencia de los y las frentistas, que\u00a0\u00a0el cuerpo deliberativo responder\u00e1 a cada firmante.<\/p>\n\n\n\n<p>Por mayor\u00eda, quedaron aprobados expedientes vinculados a contratos de alquiler para familias con bajos recursos. Vinculado con este tema fue el tratamiento del expediente incluido en el punto 13, all\u00ed qued\u00f3 aprobada por unanimidad la moci\u00f3n del concejal Coppo, para continuar su an\u00e1lisis el expediente nuevamente en comisiones.<\/p>\n\n\n\n<p>Adem\u00e1s por unanimidad se aprob\u00f3 la&nbsp;correspondencia recibida por un particular sobre autorizaci\u00f3n de veh\u00edculo de su propiedad, la modificaci\u00f3n e incorporaci\u00f3n de un inciso en el art\u00edculo 367 del proyecto de ordenanza \u201cModificaci\u00f3n de Ordenanza Fiscal y Tarifaria\u201d y finalmente el expediente municipal N\u00b0 3307\/20 Intendencia Municipal sobre adhesi\u00f3n a la ley provincial N\u00b0 3222\/20 incorporaci\u00f3n del art 16 bis de la Ley 1065 y sus modificaciones.<br><\/p>\n<div class=\"sharedaddy sd-sharing-enabled\"><div class=\"robots-nocontent sd-block sd-social sd-social-icon sd-sharing\"><h3 class=\"sd-title\">Comparte esto:<\/h3><div class=\"sd-content\"><ul><li class=\"share-twitter\"><a rel=\"nofollow noopener noreferrer\" data-shared=\"sharing-twitter-20935\" class=\"share-twitter sd-button share-icon no-text\" href=\"http:\/\/www.rtvnoticias.com.ar\/?p=20935&amp;share=twitter\" target=\"_blank\" title=\"Haz clic para compartir en Twitter\"><span><\/span><span class=\"sharing-screen-reader-text\">Haz clic para compartir en Twitter (Se abre en una ventana nueva)<\/span><\/a><\/li><li class=\"share-facebook\"><a rel=\"nofollow noopener noreferrer\" data-shared=\"sharing-facebook-20935\" class=\"share-facebook sd-button share-icon no-text\" href=\"http:\/\/www.rtvnoticias.com.ar\/?p=20935&amp;share=facebook\" target=\"_blank\" title=\"Haz clic para compartir en Facebook\"><span><\/span><span class=\"sharing-screen-reader-text\">Haz clic para compartir en Facebook (Se abre en una ventana nueva)<\/span><\/a><\/li><li class=\"share-jetpack-whatsapp\"><a rel=\"nofollow noopener noreferrer\" data-shared=\"\" class=\"share-jetpack-whatsapp sd-button share-icon no-text\" href=\"http:\/\/www.rtvnoticias.com.ar\/?p=20935&amp;share=jetpack-whatsapp\" target=\"_blank\" title=\"Haz clic para compartir en WhatsApp\"><span><\/span><span class=\"sharing-screen-reader-text\">Haz clic para compartir en WhatsApp (Se abre en una ventana nueva)<\/span><\/a><\/li><li class=\"share-telegram\"><a rel=\"nofollow noopener noreferrer\" data-shared=\"\" class=\"share-telegram sd-button share-icon no-text\" href=\"http:\/\/www.rtvnoticias.com.ar\/?p=20935&amp;share=telegram\" target=\"_blank\" title=\"Haz clic para compartir en Telegram\"><span><\/span><span class=\"sharing-screen-reader-text\">Haz clic para compartir en Telegram (Se abre en una ventana nueva)<\/span><\/a><\/li><li class=\"share-end\"><\/li><\/ul><\/div><\/div><\/div>","protected":false},"excerpt":{"rendered":"<p>El Concejo Deliberante de General Pico, presidido por Daniel L\u00f3pez, llev\u00f3 adelante la s\u00e9ptima sesi\u00f3n ordinaria del a\u00f1o con la presencia en el recinto\u00a0\u00a0de todos<\/p>\n<div class=\"sharedaddy sd-sharing-enabled\"><div class=\"robots-nocontent sd-block sd-social sd-social-icon sd-sharing\"><h3 class=\"sd-title\">Comparte esto:<\/h3><div class=\"sd-content\"><ul><li class=\"share-twitter\"><a rel=\"nofollow noopener noreferrer\" data-shared=\"sharing-twitter-20935\" class=\"share-twitter sd-button share-icon no-text\" href=\"http:\/\/www.rtvnoticias.com.ar\/?p=20935&amp;share=twitter\" target=\"_blank\" title=\"Haz clic para compartir en Twitter\"><span><\/span><span class=\"sharing-screen-reader-text\">Haz clic para compartir en Twitter (Se abre en una ventana nueva)<\/span><\/a><\/li><li class=\"share-facebook\"><a rel=\"nofollow noopener noreferrer\" data-shared=\"sharing-facebook-20935\" class=\"share-facebook sd-button share-icon no-text\" href=\"http:\/\/www.rtvnoticias.com.ar\/?p=20935&amp;share=facebook\" target=\"_blank\" title=\"Haz clic para compartir en Facebook\"><span><\/span><span class=\"sharing-screen-reader-text\">Haz clic para compartir en Facebook (Se abre en una ventana nueva)<\/span><\/a><\/li><li class=\"share-jetpack-whatsapp\"><a rel=\"nofollow noopener noreferrer\" data-shared=\"\" class=\"share-jetpack-whatsapp sd-button share-icon no-text\" href=\"http:\/\/www.rtvnoticias.com.ar\/?p=20935&amp;share=jetpack-whatsapp\" target=\"_blank\" title=\"Haz clic para compartir en WhatsApp\"><span><\/span><span class=\"sharing-screen-reader-text\">Haz clic para compartir en WhatsApp (Se abre en una ventana nueva)<\/span><\/a><\/li><li class=\"share-telegram\"><a rel=\"nofollow noopener noreferrer\" data-shared=\"\" class=\"share-telegram sd-button share-icon no-text\" href=\"http:\/\/www.rtvnoticias.com.ar\/?p=20935&amp;share=telegram\" target=\"_blank\" title=\"Haz clic para compartir en Telegram\"><span><\/span><span class=\"sharing-screen-reader-text\">Haz clic para compartir en Telegram (Se abre en una ventana nueva)<\/span><\/a><\/li><li class=\"share-end\"><\/li><\/ul><\/div><\/div><\/div>","protected":false},"author":5,"featured_media":20936,"comment_status":"closed","ping_status":"closed","sticky":false,"template":"","format":"standard","meta":{"spay_email":"","jetpack_publicize_message":"","jetpack_is_tweetstorm":false,"jetpack_publicize_feature_enabled":true},"categories":[3],"tags":[197],"jetpack_featured_media_url":"http:\/\/www.rtvnoticias.com.ar\/wp-content\/uploads\/2020\/05\/concejo-7.jpg","jetpack_publicize_connections":[],"jetpack_sharing_enabled":true,"_links":{"self":[{"href":"http:\/\/www.rtvnoticias.com.ar\/index.php?rest_route=\/wp\/v2\/posts\/20935"}],"collection":[{"href":"http:\/\/www.rtvnoticias.com.ar\/index.php?rest_route=\/wp\/v2\/posts"}],"about":[{"href":"http:\/\/www.rtvnoticias.com.ar\/index.php?rest_route=\/wp\/v2\/types\/post"}],"author":[{"embeddable":true,"href":"http:\/\/www.rtvnoticias.com.ar\/index.php?rest_route=\/wp\/v2\/users\/5"}],"replies":[{"embeddable":true,"href":"http:\/\/www.rtvnoticias.com.ar\/index.php?rest_route=%2Fwp%2Fv2%2Fcomments&post=20935"}],"version-history":[{"count":1,"href":"http:\/\/www.rtvnoticias.com.ar\/index.php?rest_route=\/wp\/v2\/posts\/20935\/revisions"}],"predecessor-version":[{"id":20938,"href":"http:\/\/www.rtvnoticias.com.ar\/index.php?rest_route=\/wp\/v2\/posts\/20935\/revisions\/20938"}],"wp:featuredmedia":[{"embeddable":true,"href":"http:\/\/www.rtvnoticias.com.ar\/index.php?rest_route=\/wp\/v2\/media\/20936"}],"wp:attachment":[{"href":"http:\/\/www.rtvnoticias.com.ar\/index.php?rest_route=%2Fwp%2Fv2%2Fmedia&parent=20935"}],"wp:term":[{"taxonomy":"category","embeddable":true,"href":"http:\/\/www.rtvnoticias.com.ar\/index.php?rest_route=%2Fwp%2Fv2%2Fcategories&post=20935"},{"taxonomy":"post_tag","embeddable":true,"href":"http:\/\/www.rtvnoticias.com.ar\/index.php?rest_route=%2Fwp%2Fv2%2Ftags&post=20935"}],"curies":[{"name":"wp","href":"https:\/\/api.w.org\/{rel}","templated":true}]}}