{"id":21182,"date":"2020-05-28T00:17:17","date_gmt":"2020-05-28T03:17:17","guid":{"rendered":"http:\/\/www.rtvnoticias.com.ar\/?p=21182"},"modified":"2020-05-27T20:33:54","modified_gmt":"2020-05-27T23:33:54","slug":"gastronomicos-confian-reabrir-a-partir-del-lunes","status":"publish","type":"post","link":"http:\/\/www.rtvnoticias.com.ar\/?p=21182","title":{"rendered":"Gastron\u00f3micos conf\u00edan reabrir a partir del lunes"},"content":{"rendered":"\n<p>Representantes de un grupo de gastron\u00f3micos de la ciudad, due\u00f1os de bares, confiter\u00edas y restaurant, se reunieron con la intendenta Fernanda Alonso, para avanzar en el protocolo a cumplir en caso de flexibilizar la actividad. Del encuentro participaron tambi\u00e9n el secretario de Gobierno, Pablo Pildain; de Econom\u00eda, Luis Anconetani; el director de Habilitaci\u00f3n y Control Comercial, Gabriel Mart\u00edn y referentes del rubro gastron\u00f3mico de la ciudad.&nbsp;<\/p>\n\n\n\n<p>La misma, tuvo por objetivo ultimar detalles respecto de la inminente apertura al p\u00fablico de bares, confiter\u00edas y restaurantes.&nbsp;<\/p>\n\n\n\n<p>\u201cSomos un grupo de gastron\u00f3micos que tenemos bares, restaurantes, confiter\u00edas, todos con gente que atiende en los locales, a diferencia de las rotiserias que no tienen gente sentada en el local, sino que venden para afuera, nosotros solamente nos permitieron el servicio de delivery pero en nuestra actividad particular, el servicio de delivery representa un m\u00ednimo porcentaje que no nos alcanza para cubrir ni el 30% de los costos fijos\u201d, cont\u00f3 Daniel Ferreira, representaci\u00f3n del grupo.<\/p>\n\n\n\n<p>La reuni\u00f3n fue muy positiva, estamos muy contentos por la celeridad que tuvo la Municipalidad en la respuesta, a lo que dijo el Gobernador ayer. Ayer a las 17 horas el Gobernador anunci\u00f3 que iba a haber una flexibilizaci\u00f3n para nuestro sector, a la tardecita nos comunicamos con la municipalidad&nbsp; y nos dieron la reuni\u00f3n para hoy, y probablemente esto se defina en breve y para los primeros d\u00edas de junio estaremos abriendo en forma parcial nuestros locales\u201d, expres\u00f3 con entusiasmo.<\/p>\n\n\n\n<p>\u201cLa apertura es inminente, la celeridad con la que se movi\u00f3 la Municipalidad la verdad que es muy bueno\u201d, insisti\u00f3.<\/p>\n\n\n\n<p>\u201cPor supuesto tendremos un protocolo, ya en una reuni\u00f3n que tuvimos d\u00edas atr\u00e1s con la intendenta, hab\u00edamos presentado un protocolo, gui\u00e1ndonos en otras provincias que ya abrieron y ya tienen protocolos aprobados por Naci\u00f3n, como es el caso de Jujuy que es uno de los m\u00e1s estrictos; probablemente sea muy parecido a este, al cual le agregamos algunos puntos para cumplir con las normas de higiene y seguridad\u201d, sostuvo Ferreyra.&nbsp;<\/p>\n\n\n\n<p>\u201cHoy adem\u00e1s trajimos un ejemplo de un local armado, con los planos, como para que el resto de los bares y restaurantes puedan tener una gu\u00eda\u201d, finaliz\u00f3 Daniel Ferreyra.<\/p>\n<div class=\"sharedaddy sd-sharing-enabled\"><div class=\"robots-nocontent sd-block sd-social sd-social-icon sd-sharing\"><h3 class=\"sd-title\">Comparte esto:<\/h3><div class=\"sd-content\"><ul><li class=\"share-twitter\"><a rel=\"nofollow noopener noreferrer\" data-shared=\"sharing-twitter-21182\" class=\"share-twitter sd-button share-icon no-text\" href=\"http:\/\/www.rtvnoticias.com.ar\/?p=21182&amp;share=twitter\" target=\"_blank\" title=\"Haz clic para compartir en Twitter\"><span><\/span><span class=\"sharing-screen-reader-text\">Haz clic para compartir en Twitter (Se abre en una ventana nueva)<\/span><\/a><\/li><li class=\"share-facebook\"><a rel=\"nofollow noopener noreferrer\" data-shared=\"sharing-facebook-21182\" class=\"share-facebook sd-button share-icon no-text\" href=\"http:\/\/www.rtvnoticias.com.ar\/?p=21182&amp;share=facebook\" target=\"_blank\" title=\"Haz clic para compartir en Facebook\"><span><\/span><span class=\"sharing-screen-reader-text\">Haz clic para compartir en Facebook (Se abre en una ventana nueva)<\/span><\/a><\/li><li class=\"share-jetpack-whatsapp\"><a rel=\"nofollow noopener noreferrer\" data-shared=\"\" class=\"share-jetpack-whatsapp sd-button share-icon no-text\" href=\"http:\/\/www.rtvnoticias.com.ar\/?p=21182&amp;share=jetpack-whatsapp\" target=\"_blank\" title=\"Haz clic para compartir en WhatsApp\"><span><\/span><span class=\"sharing-screen-reader-text\">Haz clic para compartir en WhatsApp (Se abre en una ventana nueva)<\/span><\/a><\/li><li class=\"share-telegram\"><a rel=\"nofollow noopener noreferrer\" data-shared=\"\" class=\"share-telegram sd-button share-icon no-text\" href=\"http:\/\/www.rtvnoticias.com.ar\/?p=21182&amp;share=telegram\" target=\"_blank\" title=\"Haz clic para compartir en Telegram\"><span><\/span><span class=\"sharing-screen-reader-text\">Haz clic para compartir en Telegram (Se abre en una ventana nueva)<\/span><\/a><\/li><li class=\"share-end\"><\/li><\/ul><\/div><\/div><\/div>","protected":false},"excerpt":{"rendered":"<p>Representantes de un grupo de gastron\u00f3micos de la ciudad, due\u00f1os de bares, confiter\u00edas y restaurant, se reunieron con la intendenta Fernanda Alonso, para avanzar en<\/p>\n<div class=\"sharedaddy sd-sharing-enabled\"><div class=\"robots-nocontent sd-block sd-social sd-social-icon sd-sharing\"><h3 class=\"sd-title\">Comparte esto:<\/h3><div class=\"sd-content\"><ul><li class=\"share-twitter\"><a rel=\"nofollow noopener noreferrer\" data-shared=\"sharing-twitter-21182\" class=\"share-twitter sd-button share-icon no-text\" href=\"http:\/\/www.rtvnoticias.com.ar\/?p=21182&amp;share=twitter\" target=\"_blank\" title=\"Haz clic para compartir en Twitter\"><span><\/span><span class=\"sharing-screen-reader-text\">Haz clic para compartir en Twitter (Se abre en una ventana nueva)<\/span><\/a><\/li><li class=\"share-facebook\"><a rel=\"nofollow noopener noreferrer\" data-shared=\"sharing-facebook-21182\" class=\"share-facebook sd-button share-icon no-text\" href=\"http:\/\/www.rtvnoticias.com.ar\/?p=21182&amp;share=facebook\" target=\"_blank\" title=\"Haz clic para compartir en Facebook\"><span><\/span><span class=\"sharing-screen-reader-text\">Haz clic para compartir en Facebook (Se abre en una ventana nueva)<\/span><\/a><\/li><li class=\"share-jetpack-whatsapp\"><a rel=\"nofollow noopener noreferrer\" data-shared=\"\" class=\"share-jetpack-whatsapp sd-button share-icon no-text\" href=\"http:\/\/www.rtvnoticias.com.ar\/?p=21182&amp;share=jetpack-whatsapp\" target=\"_blank\" title=\"Haz clic para compartir en WhatsApp\"><span><\/span><span class=\"sharing-screen-reader-text\">Haz clic para compartir en WhatsApp (Se abre en una ventana nueva)<\/span><\/a><\/li><li class=\"share-telegram\"><a rel=\"nofollow noopener noreferrer\" data-shared=\"\" class=\"share-telegram sd-button share-icon no-text\" href=\"http:\/\/www.rtvnoticias.com.ar\/?p=21182&amp;share=telegram\" target=\"_blank\" title=\"Haz clic para compartir en Telegram\"><span><\/span><span class=\"sharing-screen-reader-text\">Haz clic para compartir en Telegram (Se abre en una ventana nueva)<\/span><\/a><\/li><li class=\"share-end\"><\/li><\/ul><\/div><\/div><\/div>","protected":false},"author":5,"featured_media":21183,"comment_status":"closed","ping_status":"closed","sticky":false,"template":"","format":"standard","meta":{"spay_email":"","jetpack_publicize_message":"","jetpack_is_tweetstorm":false,"jetpack_publicize_feature_enabled":true},"categories":[3],"tags":[3299],"jetpack_featured_media_url":"http:\/\/www.rtvnoticias.com.ar\/wp-content\/uploads\/2020\/05\/alonso-bares.jpg","jetpack_publicize_connections":[],"jetpack_sharing_enabled":true,"_links":{"self":[{"href":"http:\/\/www.rtvnoticias.com.ar\/index.php?rest_route=\/wp\/v2\/posts\/21182"}],"collection":[{"href":"http:\/\/www.rtvnoticias.com.ar\/index.php?rest_route=\/wp\/v2\/posts"}],"about":[{"href":"http:\/\/www.rtvnoticias.com.ar\/index.php?rest_route=\/wp\/v2\/types\/post"}],"author":[{"embeddable":true,"href":"http:\/\/www.rtvnoticias.com.ar\/index.php?rest_route=\/wp\/v2\/users\/5"}],"replies":[{"embeddable":true,"href":"http:\/\/www.rtvnoticias.com.ar\/index.php?rest_route=%2Fwp%2Fv2%2Fcomments&post=21182"}],"version-history":[{"count":1,"href":"http:\/\/www.rtvnoticias.com.ar\/index.php?rest_route=\/wp\/v2\/posts\/21182\/revisions"}],"predecessor-version":[{"id":21184,"href":"http:\/\/www.rtvnoticias.com.ar\/index.php?rest_route=\/wp\/v2\/posts\/21182\/revisions\/21184"}],"wp:featuredmedia":[{"embeddable":true,"href":"http:\/\/www.rtvnoticias.com.ar\/index.php?rest_route=\/wp\/v2\/media\/21183"}],"wp:attachment":[{"href":"http:\/\/www.rtvnoticias.com.ar\/index.php?rest_route=%2Fwp%2Fv2%2Fmedia&parent=21182"}],"wp:term":[{"taxonomy":"category","embeddable":true,"href":"http:\/\/www.rtvnoticias.com.ar\/index.php?rest_route=%2Fwp%2Fv2%2Fcategories&post=21182"},{"taxonomy":"post_tag","embeddable":true,"href":"http:\/\/www.rtvnoticias.com.ar\/index.php?rest_route=%2Fwp%2Fv2%2Ftags&post=21182"}],"curies":[{"name":"wp","href":"https:\/\/api.w.org\/{rel}","templated":true}]}}