{"id":21191,"date":"2020-05-28T18:48:06","date_gmt":"2020-05-28T21:48:06","guid":{"rendered":"http:\/\/www.rtvnoticias.com.ar\/?p=21191"},"modified":"2020-05-28T18:48:07","modified_gmt":"2020-05-28T21:48:07","slug":"implementan-acciones-para-mejorar-la-seguridad-en-general-pico","status":"publish","type":"post","link":"http:\/\/www.rtvnoticias.com.ar\/?p=21191","title":{"rendered":"Implementan acciones para mejorar la seguridad en General Pico"},"content":{"rendered":"\n<p style=\"text-align:center\" class=\"has-background has-very-light-gray-background-color\"><strong><em>El ministro de Seguridad, Horacio di N\u00e1poli, junto a la intendenta de General Pico, Fernanda Alonso y gran parte del equipo de trabajo, realizaron importantes anuncios para mejorar la seguridad en la ciudad.<\/em><\/strong><\/p>\n\n\n\n<p>El primer punto fue el recambio de luces en la ciudad, donde se cambia la antigua iluminaci\u00f3n por luminarias led. La primera etapa que comienza hoy inicia por calle 32 y tiene una proyecci\u00f3n organizada para mejorar los ingresos a los barrios. Es una inversi\u00f3n del Gobierno provincial de 7 millones de pesos a trav\u00e9s de la Administraci\u00f3n Provincial de Energ\u00eda.<br><\/p>\n\n\n\n<p>Otro tema fue la firma de la resoluci\u00f3n municipal para que a partir del 1 de junio las personas que requieran alg\u00fan tr\u00e1mite relacionado a la Licencia de Conducir lo puedan hacer. \u00abEn este tiempo hemos aprovechado el tiempo para hacer una reconversi\u00f3n en el tr\u00e1mite de la licencia\u00bb, agreg\u00f3 Alonso, quien coment\u00f3 que se podr\u00e1 hacer desde la casa utilizando la tecnolog\u00eda. Se har\u00e1 desde la web de la Municipalidad en el link de Atenci\u00f3n Ciudadana.<br><\/p>\n\n\n\n<p>Finalmente, se comenzar\u00e1 con la instalaci\u00f3n de c\u00e1maras de seguridad en la ciudad, \u00abson tres cuestiones que hacen a la seguridad\u00bb, concluy\u00f3 la intendenta.<\/p>\n\n\n\n<p><strong>Ministro de Seguridad<br><\/strong>Horacio di N\u00e1poli inform\u00f3 que ser\u00e1n 40 las c\u00e1maras que comienzan a instalarse, \u00abestar\u00e1n en puntos estrat\u00e9gicos pedidos por autoridades policiales. Esto colabora mucho a la investigaci\u00f3n de hechos delictivos\u00bb.<br><\/p>\n\n\n\n<p>El ministro hizo un reconocimiento a la labor tanto policial como de Salud en estos tiempos de pandemia, por el gran compromiso y contracci\u00f3n al trabajo.<br><\/p>\n\n\n\n<p>Asimismo se refiri\u00f3 al fuerte trabajo en puestos camineros, donde toc\u00f3 vivir varias situaciones complicadas con ingreso de gente sin permiso, \u00abqueremos que el pampeano est\u00e9 seguro\u00bb.<br><\/p>\n\n\n\n<p>Sobre el cierre de algunos puestos camineros, se trabaja en solucionar inconvenientes que se han planteado con algunas localidades, tal el caso del puesto de Trebolares, donde se trasladar\u00e1n a escuchar inquietudes.<br><\/p>\n\n\n\n<p>A modo de cierre y en relaci\u00f3n a las nuevas flexibilizaciones otorgadas en La Pampa, el ministro confi\u00f3 en la responsabilidad social. \u201cLa sociedad ha demostrado que se ha adaptado muy bien a estas cosas\u201d, concluy\u00f3 di N\u00e1poli, quien dijo que continuar\u00e1n las tareas de prevenci\u00f3n y que se actuar\u00e1 cuando se viole alg\u00fan art\u00edculo del C\u00f3digo.<\/p>\n\n\n\n<p><a href=\"https:\/\/youtu.be\/J1otJHVOtWM?t=104\">https:\/\/youtu.be\/J1otJHVOtWM?t=104<\/a><\/p>\n<div class=\"sharedaddy sd-sharing-enabled\"><div class=\"robots-nocontent sd-block sd-social sd-social-icon sd-sharing\"><h3 class=\"sd-title\">Comparte esto:<\/h3><div class=\"sd-content\"><ul><li class=\"share-twitter\"><a rel=\"nofollow noopener noreferrer\" data-shared=\"sharing-twitter-21191\" class=\"share-twitter sd-button share-icon no-text\" href=\"http:\/\/www.rtvnoticias.com.ar\/?p=21191&amp;share=twitter\" target=\"_blank\" title=\"Haz clic para compartir en Twitter\"><span><\/span><span class=\"sharing-screen-reader-text\">Haz clic para compartir en Twitter (Se abre en una ventana nueva)<\/span><\/a><\/li><li class=\"share-facebook\"><a rel=\"nofollow noopener noreferrer\" data-shared=\"sharing-facebook-21191\" class=\"share-facebook sd-button share-icon no-text\" href=\"http:\/\/www.rtvnoticias.com.ar\/?p=21191&amp;share=facebook\" target=\"_blank\" title=\"Haz clic para compartir en Facebook\"><span><\/span><span class=\"sharing-screen-reader-text\">Haz clic para compartir en Facebook (Se abre en una ventana nueva)<\/span><\/a><\/li><li class=\"share-jetpack-whatsapp\"><a rel=\"nofollow noopener noreferrer\" data-shared=\"\" class=\"share-jetpack-whatsapp sd-button share-icon no-text\" href=\"http:\/\/www.rtvnoticias.com.ar\/?p=21191&amp;share=jetpack-whatsapp\" target=\"_blank\" title=\"Haz clic para compartir en WhatsApp\"><span><\/span><span class=\"sharing-screen-reader-text\">Haz clic para compartir en WhatsApp (Se abre en una ventana nueva)<\/span><\/a><\/li><li class=\"share-telegram\"><a rel=\"nofollow noopener noreferrer\" data-shared=\"\" class=\"share-telegram sd-button share-icon no-text\" href=\"http:\/\/www.rtvnoticias.com.ar\/?p=21191&amp;share=telegram\" target=\"_blank\" title=\"Haz clic para compartir en Telegram\"><span><\/span><span class=\"sharing-screen-reader-text\">Haz clic para compartir en Telegram (Se abre en una ventana nueva)<\/span><\/a><\/li><li class=\"share-end\"><\/li><\/ul><\/div><\/div><\/div>","protected":false},"excerpt":{"rendered":"<p>El ministro de Seguridad, Horacio di N\u00e1poli, junto a la intendenta de General Pico, Fernanda Alonso y gran parte del equipo de trabajo, realizaron importantes<\/p>\n<div class=\"sharedaddy sd-sharing-enabled\"><div class=\"robots-nocontent sd-block sd-social sd-social-icon sd-sharing\"><h3 class=\"sd-title\">Comparte esto:<\/h3><div class=\"sd-content\"><ul><li class=\"share-twitter\"><a rel=\"nofollow noopener noreferrer\" data-shared=\"sharing-twitter-21191\" class=\"share-twitter sd-button share-icon no-text\" href=\"http:\/\/www.rtvnoticias.com.ar\/?p=21191&amp;share=twitter\" target=\"_blank\" title=\"Haz clic para compartir en Twitter\"><span><\/span><span class=\"sharing-screen-reader-text\">Haz clic para compartir en Twitter (Se abre en una ventana nueva)<\/span><\/a><\/li><li class=\"share-facebook\"><a rel=\"nofollow noopener noreferrer\" data-shared=\"sharing-facebook-21191\" class=\"share-facebook sd-button share-icon no-text\" href=\"http:\/\/www.rtvnoticias.com.ar\/?p=21191&amp;share=facebook\" target=\"_blank\" title=\"Haz clic para compartir en Facebook\"><span><\/span><span class=\"sharing-screen-reader-text\">Haz clic para compartir en Facebook (Se abre en una ventana nueva)<\/span><\/a><\/li><li class=\"share-jetpack-whatsapp\"><a rel=\"nofollow noopener noreferrer\" data-shared=\"\" class=\"share-jetpack-whatsapp sd-button share-icon no-text\" href=\"http:\/\/www.rtvnoticias.com.ar\/?p=21191&amp;share=jetpack-whatsapp\" target=\"_blank\" title=\"Haz clic para compartir en WhatsApp\"><span><\/span><span class=\"sharing-screen-reader-text\">Haz clic para compartir en WhatsApp (Se abre en una ventana nueva)<\/span><\/a><\/li><li class=\"share-telegram\"><a rel=\"nofollow noopener noreferrer\" data-shared=\"\" class=\"share-telegram sd-button share-icon no-text\" href=\"http:\/\/www.rtvnoticias.com.ar\/?p=21191&amp;share=telegram\" target=\"_blank\" title=\"Haz clic para compartir en Telegram\"><span><\/span><span class=\"sharing-screen-reader-text\">Haz clic para compartir en Telegram (Se abre en una ventana nueva)<\/span><\/a><\/li><li class=\"share-end\"><\/li><\/ul><\/div><\/div><\/div>","protected":false},"author":7,"featured_media":21192,"comment_status":"closed","ping_status":"closed","sticky":false,"template":"","format":"standard","meta":{"spay_email":"","jetpack_publicize_message":"","jetpack_is_tweetstorm":false,"jetpack_publicize_feature_enabled":true},"categories":[3],"tags":[],"jetpack_featured_media_url":"http:\/\/www.rtvnoticias.com.ar\/wp-content\/uploads\/2020\/05\/alonso-dinapoli.jpg","jetpack_publicize_connections":[],"jetpack_sharing_enabled":true,"_links":{"self":[{"href":"http:\/\/www.rtvnoticias.com.ar\/index.php?rest_route=\/wp\/v2\/posts\/21191"}],"collection":[{"href":"http:\/\/www.rtvnoticias.com.ar\/index.php?rest_route=\/wp\/v2\/posts"}],"about":[{"href":"http:\/\/www.rtvnoticias.com.ar\/index.php?rest_route=\/wp\/v2\/types\/post"}],"author":[{"embeddable":true,"href":"http:\/\/www.rtvnoticias.com.ar\/index.php?rest_route=\/wp\/v2\/users\/7"}],"replies":[{"embeddable":true,"href":"http:\/\/www.rtvnoticias.com.ar\/index.php?rest_route=%2Fwp%2Fv2%2Fcomments&post=21191"}],"version-history":[{"count":1,"href":"http:\/\/www.rtvnoticias.com.ar\/index.php?rest_route=\/wp\/v2\/posts\/21191\/revisions"}],"predecessor-version":[{"id":21193,"href":"http:\/\/www.rtvnoticias.com.ar\/index.php?rest_route=\/wp\/v2\/posts\/21191\/revisions\/21193"}],"wp:featuredmedia":[{"embeddable":true,"href":"http:\/\/www.rtvnoticias.com.ar\/index.php?rest_route=\/wp\/v2\/media\/21192"}],"wp:attachment":[{"href":"http:\/\/www.rtvnoticias.com.ar\/index.php?rest_route=%2Fwp%2Fv2%2Fmedia&parent=21191"}],"wp:term":[{"taxonomy":"category","embeddable":true,"href":"http:\/\/www.rtvnoticias.com.ar\/index.php?rest_route=%2Fwp%2Fv2%2Fcategories&post=21191"},{"taxonomy":"post_tag","embeddable":true,"href":"http:\/\/www.rtvnoticias.com.ar\/index.php?rest_route=%2Fwp%2Fv2%2Ftags&post=21191"}],"curies":[{"name":"wp","href":"https:\/\/api.w.org\/{rel}","templated":true}]}}