{"id":21197,"date":"2020-05-28T19:09:13","date_gmt":"2020-05-28T22:09:13","guid":{"rendered":"http:\/\/www.rtvnoticias.com.ar\/?p=21197"},"modified":"2020-05-28T19:09:18","modified_gmt":"2020-05-28T22:09:18","slug":"con-20-puntos-abordados-tuvo-lugar-la-8va-sesion-ordinaria-del-concejo-deliberante","status":"publish","type":"post","link":"http:\/\/www.rtvnoticias.com.ar\/?p=21197","title":{"rendered":"Con 20 puntos abordados, tuvo lugar la 8va sesi\u00f3n ordinaria del Concejo Deliberante"},"content":{"rendered":"\n<p>A partir de las 8.30 horas de la ma\u00f1ana de este jueves, en el Centro Cultural Marac\u00f3, comenz\u00f3 a desarrollarse lo que fue la octava sesi\u00f3n ordinaria del Concejo Deliberante de General Pico.<\/p>\n\n\n\n<p>El presidente del cuerpo deliberativo, Daniel L\u00f3pez, dio apertura a la sesi\u00f3n donde estuvieron presentes la totalidad de los y las ediles.<\/p>\n\n\n\n<p>El izamiento de las banderas estuvo a cargo de los concejales Marcelo Capellino, Roberto G\u00f3mez y de la concejala, Betina Bernal y el orden del d\u00eda, con un total de 20 puntos, comenz\u00f3 con la aprobaci\u00f3n por unanimidad del acta anterior.<\/p>\n\n\n\n<p>Los primeros 5 expedientes municipales tratados en el recinto ingresaron para su abordaje a las comisiones correspondientes.<\/p>\n\n\n\n<p>Mientras que el punto 5 denominado el Expediente Municipal N\u00b0 3736\/20  sobre modificaci\u00f3n de Ordenanza N\u00b0 285\/20, que implica la ampliaci\u00f3n horaria para la atenci\u00f3n al p\u00fablico en el rubro de venta de alimentos, fue en primera instancia unificado con la correspondencia proveniente de comerciantes locales, que le dio origen y luego tratado en sesi\u00f3n.<\/p>\n\n\n\n<p>Este punto, aprobado por unanimidad, finalmente establece que los locales comerciales minoristas que se dediquen a la venta de alimentos y se encuentren incluidos en el Anexo I, que forma parte de dicho expediente, siempre que no se hallen exceptuados en el art\u00edculo 2do. de la Ordenanza N\u00b0 285\/2020, podr\u00e1n permanecer abiertos al p\u00fablico desde las 9 horas hasta las 20 horas, salvo que el Poder Ejecutivo Provincial determine un horario diferente.<\/p>\n\n\n\n<p>El orden del d\u00eda continu\u00f3 con el tratamiento de tres proyectos de Resoluci\u00f3n presentados por el bloque Propuesta Federal, que fueron acompa\u00f1ados por unanimidad. Uno de ellos solicitando al Departamento Ejecutivo Municipal informaci\u00f3n sobre geri\u00e1tricos habilitados en la ciudad, otro vinculado a la implementaci\u00f3n de programas destinados a adultos mayores en el contexto de emergencia sanitaria y,  por \u00faltimo, un proyecto que sugiere al Municipio disposiciones para atenci\u00f3n de personas sordas e hipoac\u00fasicas.  <\/p>\n\n\n\n<p>Por otra parte, fue rechazado por mayor\u00eda, el proyecto de Resoluci\u00f3n del bloque UCR que pretend\u00eda la presencia en el Concejo Deliberante de la Secretaria de Desarrollo Social con la finalidad de que proporcione informaci\u00f3n sobre expedientes de su \u00e1rea. La negativa por parte del bloque oficialista se fund\u00f3 en que no existen en tratamiento, actualmente, expedientes que vinculen al \u00e1rea mencionada.                         <\/p>\n\n\n\n<p>Despachos de Comisiones<\/p>\n\n\n\n<p>Los \u00faltimos 7 puntos del orden del d\u00eda fueron despachos de comisiones que en su totalidad fueron aprobados por unanimidad.<\/p>\n\n\n\n<p>Sin lugar a dudas el punto 18, sobre la modificaci\u00f3n a la Ordenanza N\u00b0 216\/19, despacho de las comisiones N\u00b0 1 2 y 3 fue el m\u00e1s trascendente de los mencionados. Este expediente vinculado al pago de los y las frentistas comprendidos en la obra \u00abPavimentaci\u00f3n 300 cuadras de General Pico, La Pampa\u00bb, proveniente de la Secretaria de  Econom\u00eda no solo fue abordado en dos oportunidades en plenario de comisiones por los y las concejalas, sino que adem\u00e1s requiri\u00f3 de la presencia de los funcionarios de la cartera econ\u00f3mica, a la cabeza de Luis Anconetani, para su an\u00e1lisis correspondiente.<\/p>\n\n\n\n<p>En definitiva la ampliaci\u00f3n de la financiaci\u00f3n por el pago de la obra qued\u00f3 aprobado por unanimidad, y ser\u00e1 la Direcci\u00f3n de Rentas la que tendr\u00e1 la facultad, con dictamen fundado, a extender los planes de pago en concepto de obra de Pavimentaci\u00f3n 300 cuadras  hasta ciento veinte (120) cuotas o hasta ciento ochenta (180) cuotas, previo dictamen fundado sobre informe socio econ\u00f3mico emitido por la Secretar\u00eda de Desarrollo Social. Adem\u00e1s se recalcular\u00e1n los intereses, lo que impactar\u00e1 en un menor valor de la cuota.<\/p>\n<div class=\"sharedaddy sd-sharing-enabled\"><div class=\"robots-nocontent sd-block sd-social sd-social-icon sd-sharing\"><h3 class=\"sd-title\">Comparte esto:<\/h3><div class=\"sd-content\"><ul><li class=\"share-twitter\"><a rel=\"nofollow noopener noreferrer\" data-shared=\"sharing-twitter-21197\" class=\"share-twitter sd-button share-icon no-text\" href=\"http:\/\/www.rtvnoticias.com.ar\/?p=21197&amp;share=twitter\" target=\"_blank\" title=\"Haz clic para compartir en Twitter\"><span><\/span><span class=\"sharing-screen-reader-text\">Haz clic para compartir en Twitter (Se abre en una ventana nueva)<\/span><\/a><\/li><li class=\"share-facebook\"><a rel=\"nofollow noopener noreferrer\" data-shared=\"sharing-facebook-21197\" class=\"share-facebook sd-button share-icon no-text\" href=\"http:\/\/www.rtvnoticias.com.ar\/?p=21197&amp;share=facebook\" target=\"_blank\" title=\"Haz clic para compartir en Facebook\"><span><\/span><span class=\"sharing-screen-reader-text\">Haz clic para compartir en Facebook (Se abre en una ventana nueva)<\/span><\/a><\/li><li class=\"share-jetpack-whatsapp\"><a rel=\"nofollow noopener noreferrer\" data-shared=\"\" class=\"share-jetpack-whatsapp sd-button share-icon no-text\" href=\"http:\/\/www.rtvnoticias.com.ar\/?p=21197&amp;share=jetpack-whatsapp\" target=\"_blank\" title=\"Haz clic para compartir en WhatsApp\"><span><\/span><span class=\"sharing-screen-reader-text\">Haz clic para compartir en WhatsApp (Se abre en una ventana nueva)<\/span><\/a><\/li><li class=\"share-telegram\"><a rel=\"nofollow noopener noreferrer\" data-shared=\"\" class=\"share-telegram sd-button share-icon no-text\" href=\"http:\/\/www.rtvnoticias.com.ar\/?p=21197&amp;share=telegram\" target=\"_blank\" title=\"Haz clic para compartir en Telegram\"><span><\/span><span class=\"sharing-screen-reader-text\">Haz clic para compartir en Telegram (Se abre en una ventana nueva)<\/span><\/a><\/li><li class=\"share-end\"><\/li><\/ul><\/div><\/div><\/div>","protected":false},"excerpt":{"rendered":"<p>A partir de las 8.30 horas de la ma\u00f1ana de este jueves, en el Centro Cultural Marac\u00f3, comenz\u00f3 a desarrollarse lo que fue la octava<\/p>\n<div class=\"sharedaddy sd-sharing-enabled\"><div class=\"robots-nocontent sd-block sd-social sd-social-icon sd-sharing\"><h3 class=\"sd-title\">Comparte esto:<\/h3><div class=\"sd-content\"><ul><li class=\"share-twitter\"><a rel=\"nofollow noopener noreferrer\" data-shared=\"sharing-twitter-21197\" class=\"share-twitter sd-button share-icon no-text\" href=\"http:\/\/www.rtvnoticias.com.ar\/?p=21197&amp;share=twitter\" target=\"_blank\" title=\"Haz clic para compartir en Twitter\"><span><\/span><span class=\"sharing-screen-reader-text\">Haz clic para compartir en Twitter (Se abre en una ventana nueva)<\/span><\/a><\/li><li class=\"share-facebook\"><a rel=\"nofollow noopener noreferrer\" data-shared=\"sharing-facebook-21197\" class=\"share-facebook sd-button share-icon no-text\" href=\"http:\/\/www.rtvnoticias.com.ar\/?p=21197&amp;share=facebook\" target=\"_blank\" title=\"Haz clic para compartir en Facebook\"><span><\/span><span class=\"sharing-screen-reader-text\">Haz clic para compartir en Facebook (Se abre en una ventana nueva)<\/span><\/a><\/li><li class=\"share-jetpack-whatsapp\"><a rel=\"nofollow noopener noreferrer\" data-shared=\"\" class=\"share-jetpack-whatsapp sd-button share-icon no-text\" href=\"http:\/\/www.rtvnoticias.com.ar\/?p=21197&amp;share=jetpack-whatsapp\" target=\"_blank\" title=\"Haz clic para compartir en WhatsApp\"><span><\/span><span class=\"sharing-screen-reader-text\">Haz clic para compartir en WhatsApp (Se abre en una ventana nueva)<\/span><\/a><\/li><li class=\"share-telegram\"><a rel=\"nofollow noopener noreferrer\" data-shared=\"\" class=\"share-telegram sd-button share-icon no-text\" href=\"http:\/\/www.rtvnoticias.com.ar\/?p=21197&amp;share=telegram\" target=\"_blank\" title=\"Haz clic para compartir en Telegram\"><span><\/span><span class=\"sharing-screen-reader-text\">Haz clic para compartir en Telegram (Se abre en una ventana nueva)<\/span><\/a><\/li><li class=\"share-end\"><\/li><\/ul><\/div><\/div><\/div>","protected":false},"author":7,"featured_media":21198,"comment_status":"closed","ping_status":"closed","sticky":false,"template":"","format":"standard","meta":{"spay_email":"","jetpack_publicize_message":"","jetpack_is_tweetstorm":false,"jetpack_publicize_feature_enabled":true},"categories":[3],"tags":[],"jetpack_featured_media_url":"http:\/\/www.rtvnoticias.com.ar\/wp-content\/uploads\/2020\/05\/concejo.jpg","jetpack_publicize_connections":[],"jetpack_sharing_enabled":true,"_links":{"self":[{"href":"http:\/\/www.rtvnoticias.com.ar\/index.php?rest_route=\/wp\/v2\/posts\/21197"}],"collection":[{"href":"http:\/\/www.rtvnoticias.com.ar\/index.php?rest_route=\/wp\/v2\/posts"}],"about":[{"href":"http:\/\/www.rtvnoticias.com.ar\/index.php?rest_route=\/wp\/v2\/types\/post"}],"author":[{"embeddable":true,"href":"http:\/\/www.rtvnoticias.com.ar\/index.php?rest_route=\/wp\/v2\/users\/7"}],"replies":[{"embeddable":true,"href":"http:\/\/www.rtvnoticias.com.ar\/index.php?rest_route=%2Fwp%2Fv2%2Fcomments&post=21197"}],"version-history":[{"count":1,"href":"http:\/\/www.rtvnoticias.com.ar\/index.php?rest_route=\/wp\/v2\/posts\/21197\/revisions"}],"predecessor-version":[{"id":21199,"href":"http:\/\/www.rtvnoticias.com.ar\/index.php?rest_route=\/wp\/v2\/posts\/21197\/revisions\/21199"}],"wp:featuredmedia":[{"embeddable":true,"href":"http:\/\/www.rtvnoticias.com.ar\/index.php?rest_route=\/wp\/v2\/media\/21198"}],"wp:attachment":[{"href":"http:\/\/www.rtvnoticias.com.ar\/index.php?rest_route=%2Fwp%2Fv2%2Fmedia&parent=21197"}],"wp:term":[{"taxonomy":"category","embeddable":true,"href":"http:\/\/www.rtvnoticias.com.ar\/index.php?rest_route=%2Fwp%2Fv2%2Fcategories&post=21197"},{"taxonomy":"post_tag","embeddable":true,"href":"http:\/\/www.rtvnoticias.com.ar\/index.php?rest_route=%2Fwp%2Fv2%2Ftags&post=21197"}],"curies":[{"name":"wp","href":"https:\/\/api.w.org\/{rel}","templated":true}]}}