{"id":21223,"date":"2020-05-31T00:13:03","date_gmt":"2020-05-31T03:13:03","guid":{"rendered":"http:\/\/www.rtvnoticias.com.ar\/?p=21223"},"modified":"2020-05-30T13:19:36","modified_gmt":"2020-05-30T16:19:36","slug":"cooperativa-de-trabajo-la-historica-podria-recibir-apoyo-nacional","status":"publish","type":"post","link":"http:\/\/www.rtvnoticias.com.ar\/?p=21223","title":{"rendered":"Cooperativa de trabajo La Hist\u00f3rica podr\u00eda recibir apoyo nacional"},"content":{"rendered":"\n<p><strong>La intendenta Fernanda Alonso visit\u00f3 la cooperativa La Hist\u00f3rica, en compa\u00f1\u00eda del\u00a0 subsecretario de Cooperativas, Fabi\u00e1n Bruna; la subsecretaria de Econom\u00eda Social, Yolanda Carrizo; el director de Desarrollo Productivo, Lisandro Patek y\u00a0 directores y t\u00e9cnicos Provinciales.<\/strong><\/p>\n\n\n\n<p>Actualmente La Hist\u00f3rica, que cumpli\u00f3 20 a\u00f1os el pasado mes de abril,&nbsp; tiene 26 socios y 4 empleados. Su presidente Mart\u00edn Oderis y el secretario&nbsp; Jos\u00e9 Luis Bosco, se mostraron muy complacidos por la visita de las autoridades y &nbsp; por la posibilidad de&nbsp; profesionalizar al personal de la cooperativa, a partir del ofrecimiento de poder volver a&nbsp; apoyar a las cooperativas, despu\u00e9s de 4 a\u00f1os. El gobierno provincial acerc\u00f3 a La Hist\u00f3rica,&nbsp; la propuesta del Programa Recuperar, destinado precisamente a f\u00e1bricas que han sido recuperadas por sus empleados.<\/p>\n\n\n\n<p><strong>Programa Recuperar<\/strong><\/p>\n\n\n\n<p>\u201cLa propuesta es del Programa Recuperar, que es un Programa Nacional, de la Secretar\u00eda de Econom\u00eda Social de la Naci\u00f3n, dependiente del Ministerio de Desarrollo Social. A nivel provincial trabajamos en conjunto con la Subsecretar\u00eda de Cooperativas y la Subsecretaria de Econom\u00eda Social\u201d, explic\u00f3 Yolanda Carrizo, subsecretaria de Econom\u00eda Social.<\/p>\n\n\n\n<p>Por su parte Fabi\u00e1n Bruna, Titular de la Subsecretar\u00eda de Cooperativas,&nbsp; se\u00f1al\u00f3 que la cooperativa La Hist\u00f3rica, es una de las tres \u00fanicas empresas&nbsp; recuperadas de la provincia \u201cA pedido de nuestro gobernador y de los ministros, estamos acompa\u00f1ando las iniciativas de las tres, esta reuni\u00f3n es para comenzar a delinear posibles financiamientos, para necesidades que tienen que cubrir\u201d<\/p>\n\n\n\n<p>Bruna indic\u00f3 que el monto que se podr\u00eda aportar desde el Programa Recuperar, todav\u00eda no est\u00e1 definido, pero que estima que podr\u00eda rondar los&nbsp; tres millones de pesos y que tendr\u00eda car\u00e1cter de aporte no reintegrable.<\/p>\n\n\n\n<p>\u201cEstamos dispuestos a que esto salga y contamos con el apoyo de Naci\u00f3n, que no nos ha acompa\u00f1ado&nbsp; en los \u00faltimos cuatros a\u00f1os, pero que hoy vuelve a hacerlo\u201d, dijo Bruna.&nbsp;&nbsp;<\/p>\n\n\n\n<p><strong>Apoyo Financiero para Consolidarse en el Mercado<\/strong><\/p>\n\n\n\n<p>El Presidente de La Hist\u00f3rica,&nbsp; Mart\u00edn Oderis y Jos\u00e9 Luis Bosco, secretario de la cooperativa,&nbsp; calificaron como muy positiva la reuni\u00f3n: \u201cEn estos tiempos, lo que realmente necesitamos es una ayuda, esperemos que se concrete, porque lo que nosotros necesitamos es producir y seguir adelante. No nos falta trabajo, pero si nos hace falta el apoyo financiero, hoy tenemos muchas esperanzas de que salga y de seguir avanzando y poder consolidarnos como empresa en el mercado\u201d.<\/p>\n\n\n\n<p>En ese mismo sentido, la intendenta Fernanda Alonso ponder\u00f3 la capacidad de adaptaci\u00f3n y de lucha que ha mostrado La Hist\u00f3rica a lo largo de los a\u00f1os: \u201cUstedes han salido de situaciones m\u00e1s dif\u00edciles que esta pandemia y estos aportes les permitir\u00e1n hacerlo\u201d.<\/p>\n\n\n\n<p><strong>&nbsp;Asesoramiento T\u00e9cnico y Recursos<\/strong><\/p>\n\n\n\n<p>Los funcionarios Provinciales acordaron con los directivos de la cooperativa identificar problem\u00e1ticas para acompa\u00f1arlos con asesoramiento t\u00e9cnico.<\/p>\n\n\n\n<p>\u201cVamos a valorar el esfuerzo que hace La Hist\u00f3rica, no solo en estos tiempos de pandemia, celebramos poder visitarlos con recursos, que es algo que hac\u00eda muchos a\u00f1os que no pod\u00edamos hacer\u201d, concluy\u00f3 la subsecretaria de Econom\u00eda Social, Yolanda Carrizo.<\/p>\n<div class=\"sharedaddy sd-sharing-enabled\"><div class=\"robots-nocontent sd-block sd-social sd-social-icon sd-sharing\"><h3 class=\"sd-title\">Comparte esto:<\/h3><div class=\"sd-content\"><ul><li class=\"share-twitter\"><a rel=\"nofollow noopener noreferrer\" data-shared=\"sharing-twitter-21223\" class=\"share-twitter sd-button share-icon no-text\" href=\"http:\/\/www.rtvnoticias.com.ar\/?p=21223&amp;share=twitter\" target=\"_blank\" title=\"Haz clic para compartir en Twitter\"><span><\/span><span class=\"sharing-screen-reader-text\">Haz clic para compartir en Twitter (Se abre en una ventana nueva)<\/span><\/a><\/li><li class=\"share-facebook\"><a rel=\"nofollow noopener noreferrer\" data-shared=\"sharing-facebook-21223\" class=\"share-facebook sd-button share-icon no-text\" href=\"http:\/\/www.rtvnoticias.com.ar\/?p=21223&amp;share=facebook\" target=\"_blank\" title=\"Haz clic para compartir en Facebook\"><span><\/span><span class=\"sharing-screen-reader-text\">Haz clic para compartir en Facebook (Se abre en una ventana nueva)<\/span><\/a><\/li><li class=\"share-jetpack-whatsapp\"><a rel=\"nofollow noopener noreferrer\" data-shared=\"\" class=\"share-jetpack-whatsapp sd-button share-icon no-text\" href=\"http:\/\/www.rtvnoticias.com.ar\/?p=21223&amp;share=jetpack-whatsapp\" target=\"_blank\" title=\"Haz clic para compartir en WhatsApp\"><span><\/span><span class=\"sharing-screen-reader-text\">Haz clic para compartir en WhatsApp (Se abre en una ventana nueva)<\/span><\/a><\/li><li class=\"share-telegram\"><a rel=\"nofollow noopener noreferrer\" data-shared=\"\" class=\"share-telegram sd-button share-icon no-text\" href=\"http:\/\/www.rtvnoticias.com.ar\/?p=21223&amp;share=telegram\" target=\"_blank\" title=\"Haz clic para compartir en Telegram\"><span><\/span><span class=\"sharing-screen-reader-text\">Haz clic para compartir en Telegram (Se abre en una ventana nueva)<\/span><\/a><\/li><li class=\"share-end\"><\/li><\/ul><\/div><\/div><\/div>","protected":false},"excerpt":{"rendered":"<p>La intendenta Fernanda Alonso visit\u00f3 la cooperativa La Hist\u00f3rica, en compa\u00f1\u00eda del\u00a0 subsecretario de Cooperativas, Fabi\u00e1n Bruna; la subsecretaria de Econom\u00eda Social, Yolanda Carrizo; el<\/p>\n<div class=\"sharedaddy sd-sharing-enabled\"><div class=\"robots-nocontent sd-block sd-social sd-social-icon sd-sharing\"><h3 class=\"sd-title\">Comparte esto:<\/h3><div class=\"sd-content\"><ul><li class=\"share-twitter\"><a rel=\"nofollow noopener noreferrer\" data-shared=\"sharing-twitter-21223\" class=\"share-twitter sd-button share-icon no-text\" href=\"http:\/\/www.rtvnoticias.com.ar\/?p=21223&amp;share=twitter\" target=\"_blank\" title=\"Haz clic para compartir en Twitter\"><span><\/span><span class=\"sharing-screen-reader-text\">Haz clic para compartir en Twitter (Se abre en una ventana nueva)<\/span><\/a><\/li><li class=\"share-facebook\"><a rel=\"nofollow noopener noreferrer\" data-shared=\"sharing-facebook-21223\" class=\"share-facebook sd-button share-icon no-text\" href=\"http:\/\/www.rtvnoticias.com.ar\/?p=21223&amp;share=facebook\" target=\"_blank\" title=\"Haz clic para compartir en Facebook\"><span><\/span><span class=\"sharing-screen-reader-text\">Haz clic para compartir en Facebook (Se abre en una ventana nueva)<\/span><\/a><\/li><li class=\"share-jetpack-whatsapp\"><a rel=\"nofollow noopener noreferrer\" data-shared=\"\" class=\"share-jetpack-whatsapp sd-button share-icon no-text\" href=\"http:\/\/www.rtvnoticias.com.ar\/?p=21223&amp;share=jetpack-whatsapp\" target=\"_blank\" title=\"Haz clic para compartir en WhatsApp\"><span><\/span><span class=\"sharing-screen-reader-text\">Haz clic para compartir en WhatsApp (Se abre en una ventana nueva)<\/span><\/a><\/li><li class=\"share-telegram\"><a rel=\"nofollow noopener noreferrer\" data-shared=\"\" class=\"share-telegram sd-button share-icon no-text\" href=\"http:\/\/www.rtvnoticias.com.ar\/?p=21223&amp;share=telegram\" target=\"_blank\" title=\"Haz clic para compartir en Telegram\"><span><\/span><span class=\"sharing-screen-reader-text\">Haz clic para compartir en Telegram (Se abre en una ventana nueva)<\/span><\/a><\/li><li class=\"share-end\"><\/li><\/ul><\/div><\/div><\/div>","protected":false},"author":5,"featured_media":21224,"comment_status":"closed","ping_status":"closed","sticky":false,"template":"","format":"standard","meta":{"spay_email":"","jetpack_publicize_message":"","jetpack_is_tweetstorm":false,"jetpack_publicize_feature_enabled":true},"categories":[3],"tags":[3303],"jetpack_featured_media_url":"http:\/\/www.rtvnoticias.com.ar\/wp-content\/uploads\/2020\/05\/alonso-lh.jpg","jetpack_publicize_connections":[],"jetpack_sharing_enabled":true,"_links":{"self":[{"href":"http:\/\/www.rtvnoticias.com.ar\/index.php?rest_route=\/wp\/v2\/posts\/21223"}],"collection":[{"href":"http:\/\/www.rtvnoticias.com.ar\/index.php?rest_route=\/wp\/v2\/posts"}],"about":[{"href":"http:\/\/www.rtvnoticias.com.ar\/index.php?rest_route=\/wp\/v2\/types\/post"}],"author":[{"embeddable":true,"href":"http:\/\/www.rtvnoticias.com.ar\/index.php?rest_route=\/wp\/v2\/users\/5"}],"replies":[{"embeddable":true,"href":"http:\/\/www.rtvnoticias.com.ar\/index.php?rest_route=%2Fwp%2Fv2%2Fcomments&post=21223"}],"version-history":[{"count":1,"href":"http:\/\/www.rtvnoticias.com.ar\/index.php?rest_route=\/wp\/v2\/posts\/21223\/revisions"}],"predecessor-version":[{"id":21225,"href":"http:\/\/www.rtvnoticias.com.ar\/index.php?rest_route=\/wp\/v2\/posts\/21223\/revisions\/21225"}],"wp:featuredmedia":[{"embeddable":true,"href":"http:\/\/www.rtvnoticias.com.ar\/index.php?rest_route=\/wp\/v2\/media\/21224"}],"wp:attachment":[{"href":"http:\/\/www.rtvnoticias.com.ar\/index.php?rest_route=%2Fwp%2Fv2%2Fmedia&parent=21223"}],"wp:term":[{"taxonomy":"category","embeddable":true,"href":"http:\/\/www.rtvnoticias.com.ar\/index.php?rest_route=%2Fwp%2Fv2%2Fcategories&post=21223"},{"taxonomy":"post_tag","embeddable":true,"href":"http:\/\/www.rtvnoticias.com.ar\/index.php?rest_route=%2Fwp%2Fv2%2Ftags&post=21223"}],"curies":[{"name":"wp","href":"https:\/\/api.w.org\/{rel}","templated":true}]}}