{"id":21242,"date":"2020-05-31T21:57:40","date_gmt":"2020-06-01T00:57:40","guid":{"rendered":"http:\/\/www.rtvnoticias.com.ar\/?p=21242"},"modified":"2020-05-31T21:57:44","modified_gmt":"2020-06-01T00:57:44","slug":"coronavirus-637-nuevos-casos-y-suman-16-851-infectados-las-victimas-539","status":"publish","type":"post","link":"http:\/\/www.rtvnoticias.com.ar\/?p=21242","title":{"rendered":"Coronavirus: 637 nuevos casos y suman 16.851 infectados. Las v\u00edctimas 539"},"content":{"rendered":"\n<p class=\"has-text-color has-background has-very-light-gray-color has-vivid-red-background-color\"><strong>El Ministerio de Salud de la Naci\u00f3n inform\u00f3 este domingo que durante las \u00faltimas 24 horas se registraron\u00a011 muertes y 637 nuevos casos positivos por coronavirus.\u00a0Con estos datos, el total de infectados en todo el pa\u00eds ascendi\u00f3 a\u00a016.851y las v\u00edctimas fatales llegaron a\u00a0539. La Pampa sin nuevos casos.<\/strong><\/p>\n\n\n\n<p>Del total de esos casos, 970 (5,8%) son importados, 7.308 (43,4%) son contactos estrechos de casos confirmados, 5.975 (35,5%) son casos de circulaci\u00f3n comunitaria y el resto se encuentra en investigaci\u00f3n epidemiol\u00f3gica.<\/p>\n\n\n\n<p>Desde el \u00faltimo reporte emitido en la ma\u00f1ana, se registraron&nbsp;9 nuevas muertes.&nbsp;Cinco hombres, cuatro de 62, 47, 91 y 57 a\u00f1os, residentes en la provincia de Buenos Aires; uno de 86 a\u00f1os, residente en la Ciudad de Buenos Aires (CABA); y cuatro mujeres, dos de 93 y 68 a\u00f1os, residentes en la Ciudad de Buenos Aires (CABA); y dos de 67 y 85 a\u00f1os, residentes en la provincia de Buenos Aires. Esta ma\u00f1ana se registraron&nbsp;dos muertes.&nbsp;Dos mujeres, de 72 y 47 a\u00f1os, residentes en la Ciudad de Buenos Aires (CABA).<\/p>\n\n\n\n<p>Del total de contagios de este domingo,&nbsp;358 pertenecen a la Ciudad Aut\u00f3noma de Buenos Aires, 254 a la provincia de Buenos Aires, 13 a Chaco, 4 a R\u00edo Negro, 3 a Neuqu\u00e9n, 2 a C\u00f3rdoba, 1 a Corrientes, 1 a Misiones y 1 a Santa Cruz.<\/p>\n\n\n\n<p>A la fecha, el total de altas es de 5.336 personas. Ayer fueron realizadas 4.663 nuevas muestras y desde el inicio del brote se realizaron 160.070 pruebas diagn\u00f3sticas para esta enfermedad, lo que equivale a 3.527,6 muestras por mill\u00f3n de habitantes. El n\u00famero de casos descartados hasta el momento es de 117.034.<\/p>\n\n\n\n<p>Las principales franjas etarias afectadas de los casos registrados corresponden a personas de entre 20 y 59 a\u00f1os, siendo la edad promedio de 37 a\u00f1os.<\/p>\n<div class=\"sharedaddy sd-sharing-enabled\"><div class=\"robots-nocontent sd-block sd-social sd-social-icon sd-sharing\"><h3 class=\"sd-title\">Comparte esto:<\/h3><div class=\"sd-content\"><ul><li class=\"share-twitter\"><a rel=\"nofollow noopener noreferrer\" data-shared=\"sharing-twitter-21242\" class=\"share-twitter sd-button share-icon no-text\" href=\"http:\/\/www.rtvnoticias.com.ar\/?p=21242&amp;share=twitter\" target=\"_blank\" title=\"Haz clic para compartir en Twitter\"><span><\/span><span class=\"sharing-screen-reader-text\">Haz clic para compartir en Twitter (Se abre en una ventana nueva)<\/span><\/a><\/li><li class=\"share-facebook\"><a rel=\"nofollow noopener noreferrer\" data-shared=\"sharing-facebook-21242\" class=\"share-facebook sd-button share-icon no-text\" href=\"http:\/\/www.rtvnoticias.com.ar\/?p=21242&amp;share=facebook\" target=\"_blank\" title=\"Haz clic para compartir en Facebook\"><span><\/span><span class=\"sharing-screen-reader-text\">Haz clic para compartir en Facebook (Se abre en una ventana nueva)<\/span><\/a><\/li><li class=\"share-jetpack-whatsapp\"><a rel=\"nofollow noopener noreferrer\" data-shared=\"\" class=\"share-jetpack-whatsapp sd-button share-icon no-text\" href=\"http:\/\/www.rtvnoticias.com.ar\/?p=21242&amp;share=jetpack-whatsapp\" target=\"_blank\" title=\"Haz clic para compartir en WhatsApp\"><span><\/span><span class=\"sharing-screen-reader-text\">Haz clic para compartir en WhatsApp (Se abre en una ventana nueva)<\/span><\/a><\/li><li class=\"share-telegram\"><a rel=\"nofollow noopener noreferrer\" data-shared=\"\" class=\"share-telegram sd-button share-icon no-text\" href=\"http:\/\/www.rtvnoticias.com.ar\/?p=21242&amp;share=telegram\" target=\"_blank\" title=\"Haz clic para compartir en Telegram\"><span><\/span><span class=\"sharing-screen-reader-text\">Haz clic para compartir en Telegram (Se abre en una ventana nueva)<\/span><\/a><\/li><li class=\"share-end\"><\/li><\/ul><\/div><\/div><\/div>","protected":false},"excerpt":{"rendered":"<p>El Ministerio de Salud de la Naci\u00f3n inform\u00f3 este domingo que durante las \u00faltimas 24 horas se registraron\u00a011 muertes y 637 nuevos casos positivos por<\/p>\n<div class=\"sharedaddy sd-sharing-enabled\"><div class=\"robots-nocontent sd-block sd-social sd-social-icon sd-sharing\"><h3 class=\"sd-title\">Comparte esto:<\/h3><div class=\"sd-content\"><ul><li class=\"share-twitter\"><a rel=\"nofollow noopener noreferrer\" data-shared=\"sharing-twitter-21242\" class=\"share-twitter sd-button share-icon no-text\" href=\"http:\/\/www.rtvnoticias.com.ar\/?p=21242&amp;share=twitter\" target=\"_blank\" title=\"Haz clic para compartir en Twitter\"><span><\/span><span class=\"sharing-screen-reader-text\">Haz clic para compartir en Twitter (Se abre en una ventana nueva)<\/span><\/a><\/li><li class=\"share-facebook\"><a rel=\"nofollow noopener noreferrer\" data-shared=\"sharing-facebook-21242\" class=\"share-facebook sd-button share-icon no-text\" href=\"http:\/\/www.rtvnoticias.com.ar\/?p=21242&amp;share=facebook\" target=\"_blank\" title=\"Haz clic para compartir en Facebook\"><span><\/span><span class=\"sharing-screen-reader-text\">Haz clic para compartir en Facebook (Se abre en una ventana nueva)<\/span><\/a><\/li><li class=\"share-jetpack-whatsapp\"><a rel=\"nofollow noopener noreferrer\" data-shared=\"\" class=\"share-jetpack-whatsapp sd-button share-icon no-text\" href=\"http:\/\/www.rtvnoticias.com.ar\/?p=21242&amp;share=jetpack-whatsapp\" target=\"_blank\" title=\"Haz clic para compartir en WhatsApp\"><span><\/span><span class=\"sharing-screen-reader-text\">Haz clic para compartir en WhatsApp (Se abre en una ventana nueva)<\/span><\/a><\/li><li class=\"share-telegram\"><a rel=\"nofollow noopener noreferrer\" data-shared=\"\" class=\"share-telegram sd-button share-icon no-text\" href=\"http:\/\/www.rtvnoticias.com.ar\/?p=21242&amp;share=telegram\" target=\"_blank\" title=\"Haz clic para compartir en Telegram\"><span><\/span><span class=\"sharing-screen-reader-text\">Haz clic para compartir en Telegram (Se abre en una ventana nueva)<\/span><\/a><\/li><li class=\"share-end\"><\/li><\/ul><\/div><\/div><\/div>","protected":false},"author":5,"featured_media":20742,"comment_status":"closed","ping_status":"closed","sticky":false,"template":"","format":"standard","meta":{"spay_email":"","jetpack_publicize_message":"","jetpack_is_tweetstorm":false,"jetpack_publicize_feature_enabled":true},"categories":[1],"tags":[3151],"jetpack_featured_media_url":"http:\/\/www.rtvnoticias.com.ar\/wp-content\/uploads\/2020\/05\/corona-rtv.png","jetpack_publicize_connections":[],"jetpack_sharing_enabled":true,"_links":{"self":[{"href":"http:\/\/www.rtvnoticias.com.ar\/index.php?rest_route=\/wp\/v2\/posts\/21242"}],"collection":[{"href":"http:\/\/www.rtvnoticias.com.ar\/index.php?rest_route=\/wp\/v2\/posts"}],"about":[{"href":"http:\/\/www.rtvnoticias.com.ar\/index.php?rest_route=\/wp\/v2\/types\/post"}],"author":[{"embeddable":true,"href":"http:\/\/www.rtvnoticias.com.ar\/index.php?rest_route=\/wp\/v2\/users\/5"}],"replies":[{"embeddable":true,"href":"http:\/\/www.rtvnoticias.com.ar\/index.php?rest_route=%2Fwp%2Fv2%2Fcomments&post=21242"}],"version-history":[{"count":1,"href":"http:\/\/www.rtvnoticias.com.ar\/index.php?rest_route=\/wp\/v2\/posts\/21242\/revisions"}],"predecessor-version":[{"id":21243,"href":"http:\/\/www.rtvnoticias.com.ar\/index.php?rest_route=\/wp\/v2\/posts\/21242\/revisions\/21243"}],"wp:featuredmedia":[{"embeddable":true,"href":"http:\/\/www.rtvnoticias.com.ar\/index.php?rest_route=\/wp\/v2\/media\/20742"}],"wp:attachment":[{"href":"http:\/\/www.rtvnoticias.com.ar\/index.php?rest_route=%2Fwp%2Fv2%2Fmedia&parent=21242"}],"wp:term":[{"taxonomy":"category","embeddable":true,"href":"http:\/\/www.rtvnoticias.com.ar\/index.php?rest_route=%2Fwp%2Fv2%2Fcategories&post=21242"},{"taxonomy":"post_tag","embeddable":true,"href":"http:\/\/www.rtvnoticias.com.ar\/index.php?rest_route=%2Fwp%2Fv2%2Ftags&post=21242"}],"curies":[{"name":"wp","href":"https:\/\/api.w.org\/{rel}","templated":true}]}}