{"id":21271,"date":"2020-06-03T00:19:18","date_gmt":"2020-06-03T03:19:18","guid":{"rendered":"http:\/\/www.rtvnoticias.com.ar\/?p=21271"},"modified":"2020-06-02T20:24:09","modified_gmt":"2020-06-02T23:24:09","slug":"alonso-gestiono-proyectos-ante-los-ministros-curciarello-y-garay-tambien-avanzo-con-el-ipav-sobre-el-barrio-malvinas","status":"publish","type":"post","link":"http:\/\/www.rtvnoticias.com.ar\/?p=21271","title":{"rendered":"Alonso gestion\u00f3 proyectos ante los ministros Curciarello y Garay. Tambi\u00e9n avanz\u00f3 con el IPAV sobre el barrio Malvinas"},"content":{"rendered":"\n<p><strong>La intendenta Fernanda Alonso viaj\u00f3 a Santa Rosa y se reuni\u00f3 con el ministro de Conectividad y Modernizaci\u00f3n, Antonio Curciarello, con el ministro de Obras P\u00fablicas,\u00a0 Juan Ram\u00f3n Garay y con el presidente del IPAV, Jorge Lezcano.<\/strong><\/p>\n\n\n\n<p> Alonso mantuvo reuniones con los tres funcionarios provinciales, acompa\u00f1ada del secretario Jorge Gabba, llevando adelante gestiones de diferente \u00edndole, de temas y proyectos relacionados con el desarrollo de la ciudad.<\/p>\n\n\n\n<p><strong>Conectividad y Modernizaci\u00f3n<\/strong><\/p>\n\n\n\n<p>En primera instancia la titular del Departamento Ejecutivo piquense se entrevist\u00f3 con el ministro de Conectividad y Modernizaci\u00f3n, Antonio Curciarello, a quien\u00a0 hace alg\u00fan tiempo\u00a0 Alonso y sus equipos t\u00e9cnicos, le hab\u00edan hecho llegar un proyecto para que se\u00a0 analizara desde el Ministerio a su cargo,\u00a0 referido a la posibilidad de invertir en treinta espacios p\u00fablicos de General Pico, en la instalaci\u00f3n de estaciones sustentables, que puedan dar servicio de acceso gratuito a Wifi, acceso a agua caliente y cargadores de celulares. <\/p>\n\n\n\n<p>\u201cEsa propuesta ya ha sido analizada por el Ministerio de Conectividad y Modernizaci\u00f3n y ser\u00e1 aprobada, el ministro nos asegur\u00f3 que es algo que podemos hacer en forma conjunta\u201d, inform\u00f3 la intendenta.<\/p>\n\n\n\n<p>Por otra, parte Alonso y Curciarello tambi\u00e9n acordaron estrategias de trabajo\u00a0 que permitan abordar\u00a0 la modernizaci\u00f3n del Estado municipal: \u201cle alcanzamos al ministro un estado de situaci\u00f3n actual\u00a0 y cu\u00e1les son los proyectos que tenemos a futuro y desde el Ministerio de Conectividad y Modernizaci\u00f3n, nos aseguraron que nos van a acompa\u00f1ar, entre otras cosas, con la compra del equipamiento que sea necesario\u201d, indic\u00f3 Fernanda.<\/p>\n\n\n\n<figure class=\"wp-block-image\"><img data-attachment-id=\"21273\" data-permalink=\"http:\/\/www.rtvnoticias.com.ar\/?attachment_id=21273\" data-orig-file=\"http:\/\/www.rtvnoticias.com.ar\/wp-content\/uploads\/2020\/06\/alonso-ipav.jpg\" data-orig-size=\"600,426\" data-comments-opened=\"0\" data-image-meta=\"{&quot;aperture&quot;:&quot;0&quot;,&quot;credit&quot;:&quot;&quot;,&quot;camera&quot;:&quot;&quot;,&quot;caption&quot;:&quot;&quot;,&quot;created_timestamp&quot;:&quot;0&quot;,&quot;copyright&quot;:&quot;&quot;,&quot;focal_length&quot;:&quot;0&quot;,&quot;iso&quot;:&quot;0&quot;,&quot;shutter_speed&quot;:&quot;0&quot;,&quot;title&quot;:&quot;&quot;,&quot;orientation&quot;:&quot;1&quot;}\" data-image-title=\"alonso-ipav\" data-image-description=\"\" data-image-caption=\"\" data-medium-file=\"http:\/\/www.rtvnoticias.com.ar\/wp-content\/uploads\/2020\/06\/alonso-ipav-300x213.jpg\" data-large-file=\"http:\/\/www.rtvnoticias.com.ar\/wp-content\/uploads\/2020\/06\/alonso-ipav.jpg\" decoding=\"async\" loading=\"lazy\" width=\"600\" height=\"426\" src=\"http:\/\/www.rtvnoticias.com.ar\/wp-content\/uploads\/2020\/06\/alonso-ipav.jpg\" alt=\"\" class=\"wp-image-21273\" srcset=\"http:\/\/www.rtvnoticias.com.ar\/wp-content\/uploads\/2020\/06\/alonso-ipav.jpg 600w, http:\/\/www.rtvnoticias.com.ar\/wp-content\/uploads\/2020\/06\/alonso-ipav-300x213.jpg 300w\" sizes=\"(max-width: 600px) 100vw, 600px\" \/><figcaption><em>Alonso con autoridades del IPAV<\/em><\/figcaption><\/figure>\n\n\n\n<p><strong>Estado edilicio y dominial del Barrio Malvinas<\/strong><\/p>\n\n\n\n<p>M\u00e1s tarde, la mandataria local mantuvo una reuni\u00f3n con el titular del Ministerio de Obras P\u00fablicas de La Provincia de La Pampa, Juan Ram\u00f3n Garay.<\/p>\n\n\n\n<p>\u201cTuvimos una reuni\u00f3n con el Ministro de Obras P\u00fablicas Toti Garay, donde le hicimos entrega de una nota, en la que le solicitamos que desde el Ministerio a sus cargo se haga un peritaje que d\u00e9 cuenta del estado edilicio en el que se encuentra el barrio Malvinas, sector rojo, con el fin de gestionar, si es posible el reacondicionamiento del mismo y la regularizaci\u00f3n dominial de los departamentos existentes\u00bb, dijo la intendenta al hacer un resumen de la reuni\u00f3n.<\/p>\n\n\n\n<p>En relaci\u00f3n con el mismo tema, m\u00e1s tarde Alonso se reuni\u00f3 con el presidente del IPAV, Jorge Lezcano y tambi\u00e9n con gerentes t\u00e9cnicos del \u00e1rea de legales de ese mismo organismo provincial, m\u00e1s precisamente con el titular de la gerencia Legal, Gustavo Minetto Fernandez, quien tiene a su cargo adem\u00e1s, el \u00e1rea de programaci\u00f3n del Instituto Provincial Aut\u00e1rquico de vivienda.<\/p>\n\n\n\n<p>\u201cHicimos un acuerdo para empezar a trabajar en conjunto, y que el mi\u00e9rcoles pr\u00f3ximo tengamos la posibilidad de que nos visite un equipo del IPAV en General Pico, para analizar la situaci\u00f3n de ese barrio de nuestra ciudad.<\/p>\n\n\n\n<p>Cabe recordar que el pasado lunes Alonso recibi\u00f3 a miembros de la administraci\u00f3n del consorcio del barrio Malvinas, preocupados, entre otros temas, precisamente por la situaci\u00f3n edilicia de los edificios, como as\u00ed tambi\u00e9n por la gesti\u00f3n de los residuos.&nbsp;&nbsp;&nbsp;&nbsp;<\/p>\n<div class=\"sharedaddy sd-sharing-enabled\"><div class=\"robots-nocontent sd-block sd-social sd-social-icon sd-sharing\"><h3 class=\"sd-title\">Comparte esto:<\/h3><div class=\"sd-content\"><ul><li class=\"share-twitter\"><a rel=\"nofollow noopener noreferrer\" data-shared=\"sharing-twitter-21271\" class=\"share-twitter sd-button share-icon no-text\" href=\"http:\/\/www.rtvnoticias.com.ar\/?p=21271&amp;share=twitter\" target=\"_blank\" title=\"Haz clic para compartir en Twitter\"><span><\/span><span class=\"sharing-screen-reader-text\">Haz clic para compartir en Twitter (Se abre en una ventana nueva)<\/span><\/a><\/li><li class=\"share-facebook\"><a rel=\"nofollow noopener noreferrer\" data-shared=\"sharing-facebook-21271\" class=\"share-facebook sd-button share-icon no-text\" href=\"http:\/\/www.rtvnoticias.com.ar\/?p=21271&amp;share=facebook\" target=\"_blank\" title=\"Haz clic para compartir en Facebook\"><span><\/span><span class=\"sharing-screen-reader-text\">Haz clic para compartir en Facebook (Se abre en una ventana nueva)<\/span><\/a><\/li><li class=\"share-jetpack-whatsapp\"><a rel=\"nofollow noopener noreferrer\" data-shared=\"\" class=\"share-jetpack-whatsapp sd-button share-icon no-text\" href=\"http:\/\/www.rtvnoticias.com.ar\/?p=21271&amp;share=jetpack-whatsapp\" target=\"_blank\" title=\"Haz clic para compartir en WhatsApp\"><span><\/span><span class=\"sharing-screen-reader-text\">Haz clic para compartir en WhatsApp (Se abre en una ventana nueva)<\/span><\/a><\/li><li class=\"share-telegram\"><a rel=\"nofollow noopener noreferrer\" data-shared=\"\" class=\"share-telegram sd-button share-icon no-text\" href=\"http:\/\/www.rtvnoticias.com.ar\/?p=21271&amp;share=telegram\" target=\"_blank\" title=\"Haz clic para compartir en Telegram\"><span><\/span><span class=\"sharing-screen-reader-text\">Haz clic para compartir en Telegram (Se abre en una ventana nueva)<\/span><\/a><\/li><li class=\"share-end\"><\/li><\/ul><\/div><\/div><\/div>","protected":false},"excerpt":{"rendered":"<p>La intendenta Fernanda Alonso viaj\u00f3 a Santa Rosa y se reuni\u00f3 con el ministro de Conectividad y Modernizaci\u00f3n, Antonio Curciarello, con el ministro de Obras<\/p>\n<div class=\"sharedaddy sd-sharing-enabled\"><div class=\"robots-nocontent sd-block sd-social sd-social-icon sd-sharing\"><h3 class=\"sd-title\">Comparte esto:<\/h3><div class=\"sd-content\"><ul><li class=\"share-twitter\"><a rel=\"nofollow noopener noreferrer\" data-shared=\"sharing-twitter-21271\" class=\"share-twitter sd-button share-icon no-text\" href=\"http:\/\/www.rtvnoticias.com.ar\/?p=21271&amp;share=twitter\" target=\"_blank\" title=\"Haz clic para compartir en Twitter\"><span><\/span><span class=\"sharing-screen-reader-text\">Haz clic para compartir en Twitter (Se abre en una ventana nueva)<\/span><\/a><\/li><li class=\"share-facebook\"><a rel=\"nofollow noopener noreferrer\" data-shared=\"sharing-facebook-21271\" class=\"share-facebook sd-button share-icon no-text\" href=\"http:\/\/www.rtvnoticias.com.ar\/?p=21271&amp;share=facebook\" target=\"_blank\" title=\"Haz clic para compartir en Facebook\"><span><\/span><span class=\"sharing-screen-reader-text\">Haz clic para compartir en Facebook (Se abre en una ventana nueva)<\/span><\/a><\/li><li class=\"share-jetpack-whatsapp\"><a rel=\"nofollow noopener noreferrer\" data-shared=\"\" class=\"share-jetpack-whatsapp sd-button share-icon no-text\" href=\"http:\/\/www.rtvnoticias.com.ar\/?p=21271&amp;share=jetpack-whatsapp\" target=\"_blank\" title=\"Haz clic para compartir en WhatsApp\"><span><\/span><span class=\"sharing-screen-reader-text\">Haz clic para compartir en WhatsApp (Se abre en una ventana nueva)<\/span><\/a><\/li><li class=\"share-telegram\"><a rel=\"nofollow noopener noreferrer\" data-shared=\"\" class=\"share-telegram sd-button share-icon no-text\" href=\"http:\/\/www.rtvnoticias.com.ar\/?p=21271&amp;share=telegram\" target=\"_blank\" title=\"Haz clic para compartir en Telegram\"><span><\/span><span class=\"sharing-screen-reader-text\">Haz clic para compartir en Telegram (Se abre en una ventana nueva)<\/span><\/a><\/li><li class=\"share-end\"><\/li><\/ul><\/div><\/div><\/div>","protected":false},"author":5,"featured_media":21272,"comment_status":"closed","ping_status":"closed","sticky":false,"template":"","format":"standard","meta":{"spay_email":"","jetpack_publicize_message":"","jetpack_is_tweetstorm":false,"jetpack_publicize_feature_enabled":true},"categories":[1],"tags":[3307],"jetpack_featured_media_url":"http:\/\/www.rtvnoticias.com.ar\/wp-content\/uploads\/2020\/06\/alonso-garay.jpg","jetpack_publicize_connections":[],"jetpack_sharing_enabled":true,"_links":{"self":[{"href":"http:\/\/www.rtvnoticias.com.ar\/index.php?rest_route=\/wp\/v2\/posts\/21271"}],"collection":[{"href":"http:\/\/www.rtvnoticias.com.ar\/index.php?rest_route=\/wp\/v2\/posts"}],"about":[{"href":"http:\/\/www.rtvnoticias.com.ar\/index.php?rest_route=\/wp\/v2\/types\/post"}],"author":[{"embeddable":true,"href":"http:\/\/www.rtvnoticias.com.ar\/index.php?rest_route=\/wp\/v2\/users\/5"}],"replies":[{"embeddable":true,"href":"http:\/\/www.rtvnoticias.com.ar\/index.php?rest_route=%2Fwp%2Fv2%2Fcomments&post=21271"}],"version-history":[{"count":1,"href":"http:\/\/www.rtvnoticias.com.ar\/index.php?rest_route=\/wp\/v2\/posts\/21271\/revisions"}],"predecessor-version":[{"id":21274,"href":"http:\/\/www.rtvnoticias.com.ar\/index.php?rest_route=\/wp\/v2\/posts\/21271\/revisions\/21274"}],"wp:featuredmedia":[{"embeddable":true,"href":"http:\/\/www.rtvnoticias.com.ar\/index.php?rest_route=\/wp\/v2\/media\/21272"}],"wp:attachment":[{"href":"http:\/\/www.rtvnoticias.com.ar\/index.php?rest_route=%2Fwp%2Fv2%2Fmedia&parent=21271"}],"wp:term":[{"taxonomy":"category","embeddable":true,"href":"http:\/\/www.rtvnoticias.com.ar\/index.php?rest_route=%2Fwp%2Fv2%2Fcategories&post=21271"},{"taxonomy":"post_tag","embeddable":true,"href":"http:\/\/www.rtvnoticias.com.ar\/index.php?rest_route=%2Fwp%2Fv2%2Ftags&post=21271"}],"curies":[{"name":"wp","href":"https:\/\/api.w.org\/{rel}","templated":true}]}}