{"id":21281,"date":"2020-06-02T20:58:40","date_gmt":"2020-06-02T23:58:40","guid":{"rendered":"http:\/\/www.rtvnoticias.com.ar\/?p=21281"},"modified":"2020-06-02T21:22:43","modified_gmt":"2020-06-03T00:22:43","slug":"dos-bomberos-murieron-en-una-explosion-en-capital-federal","status":"publish","type":"post","link":"http:\/\/www.rtvnoticias.com.ar\/?p=21281","title":{"rendered":"Dos bomberos murieron en una explosi\u00f3n en Capital Federal"},"content":{"rendered":"\n<p>Por el\u00a0incendio y dos explosiones\u00a0de una perfumer\u00eda en\u00a0barrio porte\u00f1o de Villa Crespo, el menos\u00a0seis bomberos resultaron heridos y tuvieron que ser trasladado a centros asistenciales de la zona, en tanto que 2 fallecieron. Unos 7 agentes del SAME tambi\u00e9n resultaron afectados<strong>.<\/strong><\/p>\n\n\n\n<p>Seg\u00fan se conoci\u00f3, el siniestro tuvo lugar en el subsuelo utilizado como dep\u00f3sito de un edificio de 14 pisos, el cual cuenta con un local comercial en su planta baja.<\/p>\n\n\n\n<p> En declaraciones televisivas, el titular del SAME, Alberto Crescenti explic\u00f3 que su presencia se dio luego de la primera explosi\u00f3n para asistir a los \u00ab6 bomberos afectados, de los cuales uno estaba en shock\u00bb.<\/p>\n\n\n\n<p>\u00abEst\u00e1bamos tratando de sacar esos heridos cuando se dio una segunda explosi\u00f3n a\u00fan m\u00e1s fuerte que lanz\u00f3 mucha mamposter\u00eda sobre nosotros; la verdad es que volvimos a nacer\u201d, explic\u00f3 Crescenti.<\/p>\n\n\n\n<p>Seg\u00fan informaron fuentes oficiales,\u00a0los bomberos fallecidos son el Comandante Director Ariel Gast\u00f3n V\u00e1zquez,\u00a0de laCompa\u00f1\u00eda de Planeamiento Desarrollo y RRHH de Bomberos de la Ciudad,y el\u00a0Subcomisario Maximiliano Firma Paz,\u00a0de laEstaci\u00f3n VI Villa Crespo.<\/p>\n\n\n\n<p>Asimismo, se conoci\u00f3 que<strong>\u00a0<\/strong>unos cinco bomberos y siete agentes del SAME heridos fueron trasladados a los hospitales Durand, Churruca, Fern\u00e1ndez, Zubizarreta y del Quemado.<\/p>\n\n\n\n<p>Los bomberos hab\u00edan quedado atrapados en mientras buscaban sofocar el incendio y se desat\u00f3 la explosi\u00f3n. En el lugar intervienen uniformados de la estaci\u00f3n 6ta de los bomberos de la Ciudad, personal del SAME y la Brigada de Emergencias Especiales (BEE).<\/p>\n\n\n\n<p>Momentos m\u00e1s tarde, Crescenti habl\u00f3 con la prensa en el lugar y explic\u00f3 que\u00a0el siniestro comenz\u00f3 cerca de las 17,30 en un local que funcionaba como perfumer\u00eda.<\/p>\n\n\n\n<p>\u00abCuando llegamos con varias unidades para atender a los heridos tras la primera explosi\u00f3n, recibimos la segunda explosi\u00f3n.\u00a0Tenemos que lamentar dos bomberos fallecidos, uno de ellos era integrante de nuestro escuadr\u00f3n a\u00e9reo\u00bb, se lament\u00f3 el titular del SAME.<\/p>\n\n\n\n<p>En ese sentido, resalt\u00f3 que adem\u00e1s\u00a0asistieron a 9 bomberos, de los cuales 6 tuvieron que ser trasladados y dos debieron ser derivados en helic\u00f3ptero al Churruca y al Durand \u00aben estado delicado\u00bb.<\/p>\n\n\n\n<p>\u00abFue un impacto tremendo y muy potente que casi nos tir\u00f3. Desconocemos lo que pas\u00f3\u00bb, dijo Crescenti y resalt\u00f3:\u00a0\u00abFue un momento dif\u00edcil, m\u00e1s cuando caen compa\u00f1eros\u00bb.<\/p>\n\n\n\n<p>Fuente: A24<\/p>\n<div class=\"sharedaddy sd-sharing-enabled\"><div class=\"robots-nocontent sd-block sd-social sd-social-icon sd-sharing\"><h3 class=\"sd-title\">Comparte esto:<\/h3><div class=\"sd-content\"><ul><li class=\"share-twitter\"><a rel=\"nofollow noopener noreferrer\" data-shared=\"sharing-twitter-21281\" class=\"share-twitter sd-button share-icon no-text\" href=\"http:\/\/www.rtvnoticias.com.ar\/?p=21281&amp;share=twitter\" target=\"_blank\" title=\"Haz clic para compartir en Twitter\"><span><\/span><span class=\"sharing-screen-reader-text\">Haz clic para compartir en Twitter (Se abre en una ventana nueva)<\/span><\/a><\/li><li class=\"share-facebook\"><a rel=\"nofollow noopener noreferrer\" data-shared=\"sharing-facebook-21281\" class=\"share-facebook sd-button share-icon no-text\" href=\"http:\/\/www.rtvnoticias.com.ar\/?p=21281&amp;share=facebook\" target=\"_blank\" title=\"Haz clic para compartir en Facebook\"><span><\/span><span class=\"sharing-screen-reader-text\">Haz clic para compartir en Facebook (Se abre en una ventana nueva)<\/span><\/a><\/li><li class=\"share-jetpack-whatsapp\"><a rel=\"nofollow noopener noreferrer\" data-shared=\"\" class=\"share-jetpack-whatsapp sd-button share-icon no-text\" href=\"http:\/\/www.rtvnoticias.com.ar\/?p=21281&amp;share=jetpack-whatsapp\" target=\"_blank\" title=\"Haz clic para compartir en WhatsApp\"><span><\/span><span class=\"sharing-screen-reader-text\">Haz clic para compartir en WhatsApp (Se abre en una ventana nueva)<\/span><\/a><\/li><li class=\"share-telegram\"><a rel=\"nofollow noopener noreferrer\" data-shared=\"\" class=\"share-telegram sd-button share-icon no-text\" href=\"http:\/\/www.rtvnoticias.com.ar\/?p=21281&amp;share=telegram\" target=\"_blank\" title=\"Haz clic para compartir en Telegram\"><span><\/span><span class=\"sharing-screen-reader-text\">Haz clic para compartir en Telegram (Se abre en una ventana nueva)<\/span><\/a><\/li><li class=\"share-end\"><\/li><\/ul><\/div><\/div><\/div>","protected":false},"excerpt":{"rendered":"<p>Por el\u00a0incendio y dos explosiones\u00a0de una perfumer\u00eda en\u00a0barrio porte\u00f1o de Villa Crespo, el menos\u00a0seis bomberos resultaron heridos y tuvieron que ser trasladado a centros asistenciales<\/p>\n<div class=\"sharedaddy sd-sharing-enabled\"><div class=\"robots-nocontent sd-block sd-social sd-social-icon sd-sharing\"><h3 class=\"sd-title\">Comparte esto:<\/h3><div class=\"sd-content\"><ul><li class=\"share-twitter\"><a rel=\"nofollow noopener noreferrer\" data-shared=\"sharing-twitter-21281\" class=\"share-twitter sd-button share-icon no-text\" href=\"http:\/\/www.rtvnoticias.com.ar\/?p=21281&amp;share=twitter\" target=\"_blank\" title=\"Haz clic para compartir en Twitter\"><span><\/span><span class=\"sharing-screen-reader-text\">Haz clic para compartir en Twitter (Se abre en una ventana nueva)<\/span><\/a><\/li><li class=\"share-facebook\"><a rel=\"nofollow noopener noreferrer\" data-shared=\"sharing-facebook-21281\" class=\"share-facebook sd-button share-icon no-text\" href=\"http:\/\/www.rtvnoticias.com.ar\/?p=21281&amp;share=facebook\" target=\"_blank\" title=\"Haz clic para compartir en Facebook\"><span><\/span><span class=\"sharing-screen-reader-text\">Haz clic para compartir en Facebook (Se abre en una ventana nueva)<\/span><\/a><\/li><li class=\"share-jetpack-whatsapp\"><a rel=\"nofollow noopener noreferrer\" data-shared=\"\" class=\"share-jetpack-whatsapp sd-button share-icon no-text\" href=\"http:\/\/www.rtvnoticias.com.ar\/?p=21281&amp;share=jetpack-whatsapp\" target=\"_blank\" title=\"Haz clic para compartir en WhatsApp\"><span><\/span><span class=\"sharing-screen-reader-text\">Haz clic para compartir en WhatsApp (Se abre en una ventana nueva)<\/span><\/a><\/li><li class=\"share-telegram\"><a rel=\"nofollow noopener noreferrer\" data-shared=\"\" class=\"share-telegram sd-button share-icon no-text\" href=\"http:\/\/www.rtvnoticias.com.ar\/?p=21281&amp;share=telegram\" target=\"_blank\" title=\"Haz clic para compartir en Telegram\"><span><\/span><span class=\"sharing-screen-reader-text\">Haz clic para compartir en Telegram (Se abre en una ventana nueva)<\/span><\/a><\/li><li class=\"share-end\"><\/li><\/ul><\/div><\/div><\/div>","protected":false},"author":5,"featured_media":21282,"comment_status":"closed","ping_status":"closed","sticky":false,"template":"","format":"standard","meta":{"spay_email":"","jetpack_publicize_message":"","jetpack_is_tweetstorm":false,"jetpack_publicize_feature_enabled":true},"categories":[3,5],"tags":[3309],"jetpack_featured_media_url":"http:\/\/www.rtvnoticias.com.ar\/wp-content\/uploads\/2020\/06\/incendio-villacrespo.jpg","jetpack_publicize_connections":[],"jetpack_sharing_enabled":true,"_links":{"self":[{"href":"http:\/\/www.rtvnoticias.com.ar\/index.php?rest_route=\/wp\/v2\/posts\/21281"}],"collection":[{"href":"http:\/\/www.rtvnoticias.com.ar\/index.php?rest_route=\/wp\/v2\/posts"}],"about":[{"href":"http:\/\/www.rtvnoticias.com.ar\/index.php?rest_route=\/wp\/v2\/types\/post"}],"author":[{"embeddable":true,"href":"http:\/\/www.rtvnoticias.com.ar\/index.php?rest_route=\/wp\/v2\/users\/5"}],"replies":[{"embeddable":true,"href":"http:\/\/www.rtvnoticias.com.ar\/index.php?rest_route=%2Fwp%2Fv2%2Fcomments&post=21281"}],"version-history":[{"count":3,"href":"http:\/\/www.rtvnoticias.com.ar\/index.php?rest_route=\/wp\/v2\/posts\/21281\/revisions"}],"predecessor-version":[{"id":21285,"href":"http:\/\/www.rtvnoticias.com.ar\/index.php?rest_route=\/wp\/v2\/posts\/21281\/revisions\/21285"}],"wp:featuredmedia":[{"embeddable":true,"href":"http:\/\/www.rtvnoticias.com.ar\/index.php?rest_route=\/wp\/v2\/media\/21282"}],"wp:attachment":[{"href":"http:\/\/www.rtvnoticias.com.ar\/index.php?rest_route=%2Fwp%2Fv2%2Fmedia&parent=21281"}],"wp:term":[{"taxonomy":"category","embeddable":true,"href":"http:\/\/www.rtvnoticias.com.ar\/index.php?rest_route=%2Fwp%2Fv2%2Fcategories&post=21281"},{"taxonomy":"post_tag","embeddable":true,"href":"http:\/\/www.rtvnoticias.com.ar\/index.php?rest_route=%2Fwp%2Fv2%2Ftags&post=21281"}],"curies":[{"name":"wp","href":"https:\/\/api.w.org\/{rel}","templated":true}]}}