{"id":21295,"date":"2020-06-04T00:11:32","date_gmt":"2020-06-04T03:11:32","guid":{"rendered":"http:\/\/www.rtvnoticias.com.ar\/?p=21295"},"modified":"2020-06-03T18:18:50","modified_gmt":"2020-06-03T21:18:50","slug":"anses-atiende-exclusivamente-con-turnos","status":"publish","type":"post","link":"http:\/\/www.rtvnoticias.com.ar\/?p=21295","title":{"rendered":"Anses atiende exclusivamente con turnos"},"content":{"rendered":"\n<p>El titular de Anses General Pico, Ramiro Llanos, se reuni\u00f3 con la intendenta Fernanda Alonso, con el objetivo de conversar respecto de la modalidad de atenci\u00f3n que ha implementando el organismo nacional, el cual exclusivamente se maneja con turnos v\u00eda web..<\/p>\n\n\n\n<p>\u201cHemos venido a poner al tanto a la intendenta sobre estas nuevas disposiciones, a su vez el Municipio nos va a aportar toda la log\u00edstica de la calle, que tiene que ver con el personal de prevenci\u00f3n, cuidando que la gente que concurre al organismo, en caso de aglomeraciones, haga la cola como corresponde y que se filtren quienes no tengan turno. La atenci\u00f3n al p\u00fablico se har\u00e1 respetando las medidas de distanciamiento social, dispuestas por el Gobierno Nacional, el Gobierno Provincial y el&nbsp; Municipio, en virtud de eso fijamos, dos d\u00edas de atenci\u00f3n para jubilados, los d\u00edas mi\u00e9rcoles y viernes, mientras que los restantes d\u00edas de la semana, lunes, martes y jueves&nbsp; se atender\u00e1 al resto de los beneficiarios que tienen la UDAI\u201d, coment\u00f3 Llanos, quien resalt\u00f3 que&nbsp; hay que recordar que la atenci\u00f3n, solo se realiza a partir de un turno previamente solicitado.<\/p>\n\n\n\n<p>Remarc\u00f3 que \u201cno se atiende a quien no tenga el correspondiente turno y tampoco se atienden consultas, las que tiene que ser derivadas por los diversos medios alternativos de comunicaci\u00f3n, que existen tanto a nivel nacional como a nivel local\u201d dijo Llanos.<\/p>\n\n\n\n<p>En base a las medidas de prevenci\u00f3n dispuestas en el marco de la emergencia sanitaria y siguiendo las recomendaciones del Ministerio de Salud de la Naci\u00f3n, para evitar la propagaci\u00f3n del virus y cuidar la salud, la Unidad\u00a0 de Atenci\u00f3n Integral General Pico, de ANSES inform\u00f3 que se encuentra atendiendo al p\u00fablico bajo la modalidad de turnos programados.<\/p>\n\n\n\n<p>La atenci\u00f3n en ese organismo se har\u00e1 estrictamente, por d\u00edas, seg\u00fan el tipo de tr\u00e1mites: \u00a0 los d\u00edas mi\u00e9rcoles y viernes se atender\u00e1n exclusivamente los tr\u00e1mites relativos a jubilaciones y pensiones (inicio de expedientes, emisi\u00f3n de poderes, rehabilitaci\u00f3n de beneficios, repagos, etc) Mientras que los d\u00edas lunes, martes y jueves se atender\u00e1n los tr\u00e1mites de las restantes prestaciones, brindadas por el ANSES.<\/p>\n\n\n\n<p> En todos los casos, deber\u00e1 gestionarse el TURNO correspondiente por www.anses.gov.ar \u201cACCESOS RAPIDOS \/TURNOS\u201dhttps:\/\/tramitesweb.anses.gob.ar\/js\/turnos\/#\/turnos.<\/p>\n\n\n\n<p><strong>Medidas de Prevenci\u00f3nAnses<\/strong><\/p>\n\n\n\n<p>Esta modalidad se establece con el fin de respetar el distanciamiento social, preventivo y obligatorio, conforme al espacio de atenci\u00f3n y espera, con el que cuenta la oficina local, en resguardo de la salud tanto de los beneficiarios, como del personal del organismo.<\/p>\n\n\n\n<p>En la oficina de la UDAI se instalaron las mamparas de protecci\u00f3n recomendadas, as\u00ed como tambi\u00e9n se distribuy\u00f3 entre el personal los elementos de protecci\u00f3n individual (barbijos, alcohol en gel, m\u00e1scaras de protecci\u00f3n), se ha dispuesto adem\u00e1s exigir a los concurrentes, la utilizaci\u00f3n del barbijo o tapabocas obligatorio, permiti\u00e9ndose \u00fanicamente el ingreso a la oficina a aquellas personas que cuenten con el turno previamente otorgado.<\/p>\n\n\n\n<p>As\u00ed mismo se solicita que en la medida del alcance de cada grupo familiar, concurra UNO solo de sus integrantes a realizar los tr\u00e1mites pertinentes, evitando aglomeraciones innecesarias, teniendo en cuenta que la limitaci\u00f3n de acceso fue dispuesta para evitar circulaci\u00f3n en los edificios y, as\u00ed, garantizar el protocolo sanitario.&nbsp;<\/p>\n\n\n\n<p>Canales de atenci\u00f3n<\/p>\n\n\n\n<p>Asimismo, el ANSES recuerda que se continua brindando respuestas por los canales de atenci\u00f3n y consulta virtuales existentes en la web del organismo (www.anses.gov.ar), as\u00ed como tambi\u00e9n en la casilla de correo udaigeneralpicolapampa@gmail.com y en el formulario virtual https:\/\/forms.gle\/WoAaCPxingahrWha7.<\/p>\n\n\n\n<p>Por cualquiera de los mismos podr\u00e1s:<\/p>\n\n\n\n<p>&#8211; Solicitar la rehabilitaci\u00f3n del cobro de una jubilaci\u00f3n o pensi\u00f3n.<\/p>\n\n\n\n<p>&#8211; Reclamar un haber no cobrado de una jubilaci\u00f3n o pensi\u00f3n.<\/p>\n\n\n\n<p>Iniciar el tr\u00e1mite de:<\/p>\n\n\n\n<p>&#8211; Asignaci\u00f3n por Maternidad \/ Maternidad Down.<\/p>\n\n\n\n<p>&#8211; Asignaci\u00f3n Prenatal<\/p>\n\n\n\n<p>&#8211; Asignaci\u00f3n por Embarazo para Protecci\u00f3n Social<\/p>\n\n\n\n<p>Solicitar Asesoramiento sobre:<\/p>\n\n\n\n<p>&#8211; Jubilaci\u00f3n<\/p>\n\n\n\n<p>&#8211; Pensi\u00f3n<\/p>\n\n\n\n<p>&#8211; Reajustes<\/p>\n\n\n\n<p>&#8211; Pensi\u00f3n Universal Adulto Mayor<\/p>\n\n\n\n<p>&#8211; Matrimonio\/Convivencia<\/p>\n\n\n\n<p>&#8211; Desempleo<\/p>\n\n\n\n<p>&#8211; Subsidio de Contenci\u00f3n Familiar<\/p>\n\n\n\n<p>&#8211; Poderes<\/p>\n\n\n\n<p>&#8211; Actualizaci\u00f3n de datos personales o del grupo familiar<\/p>\n\n\n\n<p>&#8211; Hijos: * Asignaci\u00f3n Universal por Hijo; * Asignaci\u00f3n Familiar por Hijo, * Asignaci\u00f3n por Nacimiento y Adopci\u00f3n; * Pensi\u00f3n no contributiva para madre de 7 hijos; * R\u00e9gimen de reparaci\u00f3n econ\u00f3mica para ni\u00f1as, ni\u00f1os y adolescentes &#8211; Ley 27.452<\/p>\n\n\n\n<p>Cabe recordar, que por el momento, las oficinas atienden las gestiones que quedaron pendientes antes de la cuarentena y que se trabaja en cada localidad la reasignaci\u00f3n de turnos.<\/p>\n<div class=\"sharedaddy sd-sharing-enabled\"><div class=\"robots-nocontent sd-block sd-social sd-social-icon sd-sharing\"><h3 class=\"sd-title\">Comparte esto:<\/h3><div class=\"sd-content\"><ul><li class=\"share-twitter\"><a rel=\"nofollow noopener noreferrer\" data-shared=\"sharing-twitter-21295\" class=\"share-twitter sd-button share-icon no-text\" href=\"http:\/\/www.rtvnoticias.com.ar\/?p=21295&amp;share=twitter\" target=\"_blank\" title=\"Haz clic para compartir en Twitter\"><span><\/span><span class=\"sharing-screen-reader-text\">Haz clic para compartir en Twitter (Se abre en una ventana nueva)<\/span><\/a><\/li><li class=\"share-facebook\"><a rel=\"nofollow noopener noreferrer\" data-shared=\"sharing-facebook-21295\" class=\"share-facebook sd-button share-icon no-text\" href=\"http:\/\/www.rtvnoticias.com.ar\/?p=21295&amp;share=facebook\" target=\"_blank\" title=\"Haz clic para compartir en Facebook\"><span><\/span><span class=\"sharing-screen-reader-text\">Haz clic para compartir en Facebook (Se abre en una ventana nueva)<\/span><\/a><\/li><li class=\"share-jetpack-whatsapp\"><a rel=\"nofollow noopener noreferrer\" data-shared=\"\" class=\"share-jetpack-whatsapp sd-button share-icon no-text\" href=\"http:\/\/www.rtvnoticias.com.ar\/?p=21295&amp;share=jetpack-whatsapp\" target=\"_blank\" title=\"Haz clic para compartir en WhatsApp\"><span><\/span><span class=\"sharing-screen-reader-text\">Haz clic para compartir en WhatsApp (Se abre en una ventana nueva)<\/span><\/a><\/li><li class=\"share-telegram\"><a rel=\"nofollow noopener noreferrer\" data-shared=\"\" class=\"share-telegram sd-button share-icon no-text\" href=\"http:\/\/www.rtvnoticias.com.ar\/?p=21295&amp;share=telegram\" target=\"_blank\" title=\"Haz clic para compartir en Telegram\"><span><\/span><span class=\"sharing-screen-reader-text\">Haz clic para compartir en Telegram (Se abre en una ventana nueva)<\/span><\/a><\/li><li class=\"share-end\"><\/li><\/ul><\/div><\/div><\/div>","protected":false},"excerpt":{"rendered":"<p>El titular de Anses General Pico, Ramiro Llanos, se reuni\u00f3 con la intendenta Fernanda Alonso, con el objetivo de conversar respecto de la modalidad de<\/p>\n<div class=\"sharedaddy sd-sharing-enabled\"><div class=\"robots-nocontent sd-block sd-social sd-social-icon sd-sharing\"><h3 class=\"sd-title\">Comparte esto:<\/h3><div class=\"sd-content\"><ul><li class=\"share-twitter\"><a rel=\"nofollow noopener noreferrer\" data-shared=\"sharing-twitter-21295\" class=\"share-twitter sd-button share-icon no-text\" href=\"http:\/\/www.rtvnoticias.com.ar\/?p=21295&amp;share=twitter\" target=\"_blank\" title=\"Haz clic para compartir en Twitter\"><span><\/span><span class=\"sharing-screen-reader-text\">Haz clic para compartir en Twitter (Se abre en una ventana nueva)<\/span><\/a><\/li><li class=\"share-facebook\"><a rel=\"nofollow noopener noreferrer\" data-shared=\"sharing-facebook-21295\" class=\"share-facebook sd-button share-icon no-text\" href=\"http:\/\/www.rtvnoticias.com.ar\/?p=21295&amp;share=facebook\" target=\"_blank\" title=\"Haz clic para compartir en Facebook\"><span><\/span><span class=\"sharing-screen-reader-text\">Haz clic para compartir en Facebook (Se abre en una ventana nueva)<\/span><\/a><\/li><li class=\"share-jetpack-whatsapp\"><a rel=\"nofollow noopener noreferrer\" data-shared=\"\" class=\"share-jetpack-whatsapp sd-button share-icon no-text\" href=\"http:\/\/www.rtvnoticias.com.ar\/?p=21295&amp;share=jetpack-whatsapp\" target=\"_blank\" title=\"Haz clic para compartir en WhatsApp\"><span><\/span><span class=\"sharing-screen-reader-text\">Haz clic para compartir en WhatsApp (Se abre en una ventana nueva)<\/span><\/a><\/li><li class=\"share-telegram\"><a rel=\"nofollow noopener noreferrer\" data-shared=\"\" class=\"share-telegram sd-button share-icon no-text\" href=\"http:\/\/www.rtvnoticias.com.ar\/?p=21295&amp;share=telegram\" target=\"_blank\" title=\"Haz clic para compartir en Telegram\"><span><\/span><span class=\"sharing-screen-reader-text\">Haz clic para compartir en Telegram (Se abre en una ventana nueva)<\/span><\/a><\/li><li class=\"share-end\"><\/li><\/ul><\/div><\/div><\/div>","protected":false},"author":5,"featured_media":21296,"comment_status":"closed","ping_status":"closed","sticky":false,"template":"","format":"standard","meta":{"spay_email":"","jetpack_publicize_message":"","jetpack_is_tweetstorm":false,"jetpack_publicize_feature_enabled":true},"categories":[3],"tags":[3311],"jetpack_featured_media_url":"http:\/\/www.rtvnoticias.com.ar\/wp-content\/uploads\/2020\/06\/alonso-llanos.png","jetpack_publicize_connections":[],"jetpack_sharing_enabled":true,"_links":{"self":[{"href":"http:\/\/www.rtvnoticias.com.ar\/index.php?rest_route=\/wp\/v2\/posts\/21295"}],"collection":[{"href":"http:\/\/www.rtvnoticias.com.ar\/index.php?rest_route=\/wp\/v2\/posts"}],"about":[{"href":"http:\/\/www.rtvnoticias.com.ar\/index.php?rest_route=\/wp\/v2\/types\/post"}],"author":[{"embeddable":true,"href":"http:\/\/www.rtvnoticias.com.ar\/index.php?rest_route=\/wp\/v2\/users\/5"}],"replies":[{"embeddable":true,"href":"http:\/\/www.rtvnoticias.com.ar\/index.php?rest_route=%2Fwp%2Fv2%2Fcomments&post=21295"}],"version-history":[{"count":1,"href":"http:\/\/www.rtvnoticias.com.ar\/index.php?rest_route=\/wp\/v2\/posts\/21295\/revisions"}],"predecessor-version":[{"id":21297,"href":"http:\/\/www.rtvnoticias.com.ar\/index.php?rest_route=\/wp\/v2\/posts\/21295\/revisions\/21297"}],"wp:featuredmedia":[{"embeddable":true,"href":"http:\/\/www.rtvnoticias.com.ar\/index.php?rest_route=\/wp\/v2\/media\/21296"}],"wp:attachment":[{"href":"http:\/\/www.rtvnoticias.com.ar\/index.php?rest_route=%2Fwp%2Fv2%2Fmedia&parent=21295"}],"wp:term":[{"taxonomy":"category","embeddable":true,"href":"http:\/\/www.rtvnoticias.com.ar\/index.php?rest_route=%2Fwp%2Fv2%2Fcategories&post=21295"},{"taxonomy":"post_tag","embeddable":true,"href":"http:\/\/www.rtvnoticias.com.ar\/index.php?rest_route=%2Fwp%2Fv2%2Ftags&post=21295"}],"curies":[{"name":"wp","href":"https:\/\/api.w.org\/{rel}","templated":true}]}}