{"id":21302,"date":"2020-06-04T20:20:09","date_gmt":"2020-06-04T23:20:09","guid":{"rendered":"http:\/\/www.rtvnoticias.com.ar\/?p=21302"},"modified":"2020-06-04T20:20:15","modified_gmt":"2020-06-04T23:20:15","slug":"nacion-convoco-al-consejo-de-gobierno-del-rio-colorado-por-la-obra-de-portezuelo","status":"publish","type":"post","link":"http:\/\/www.rtvnoticias.com.ar\/?p=21302","title":{"rendered":"Naci\u00f3n convoc\u00f3 al Consejo de Gobierno del R\u00edo Colorado por la obra de Portezuelo"},"content":{"rendered":"\n<p>\n\nEl ministro de Interior, Eduardo \u00abWado\u00bb de Pedro, convoc\u00f3 hoy a los gobernadores de Neuqu\u00e9n, R\u00edo Negro, Buenos Aires, La Pampa y Mendoza para una reuni\u00f3n del Consejo de Gobierno del Comit\u00e9 Interjurisdiccional del R\u00edo Colorado (COIRCO), el pr\u00f3ximo 26 de junio.<\/p>\n\n\n\n<p>La convocatoria se conoci\u00f3 despu\u00e9s de que se revocara la resoluci\u00f3n de 2019 que archiv\u00f3 la solicitud de laudo presidencial pedida por La Pampa en relaci\u00f3n a la construcci\u00f3n del complejo hidroel\u00e9ctrico de Portezuelo del Viento, en Mendoza.<\/p>\n\n\n\n<p>El funcionario adopt\u00f3 la decisi\u00f3n tras el pedido de los gobernadores Sergio Ziliotto (La Pampa), Axel Kicillof (Buenos Aires), Omar Guti\u00e9rrez (Neuqu\u00e9n) y Arabela Carreras (R\u00edo Negro), quienes pidieron la discusi\u00f3n del impacto ambiental de la obra de Portezuelo en el \u00e1mbito del Consejo de Gobierno de COIRCO, que integran los mandatarios de las provincias cond\u00f3minas, se inform\u00f3 oficialmente.<\/p>\n\n\n\n<p>De Pedro, al firmar la resoluci\u00f3n, destac\u00f3 que se trata de \u00abuna decisi\u00f3n a favor del di\u00e1logo y la construcci\u00f3n de consensos\u00bb.<\/p>\n\n\n\n<p>\u00abLos gobernadores son los que tienen que hacer el esfuerzo de acordar lo relacionado a sus recursos compartidos, como lo es la cuenca del r\u00edo Colorado, que pertenece a los bonaerenses, rionegrinos, pampeanos, mendocinos y neuquinos por igual\u00bb, advirti\u00f3 el ministro.<\/p>\n\n\n\n<p>El funcionario afirm\u00f3 que \u00abel presidente Alberto Fern\u00e1ndez est\u00e1 convencido de que hay que trabajar con todos los distritos y sectores, sin distinciones, para encontrar soluciones comunes a los problemas de todos los argentinos, construyendo acuerdos\u00bb.<\/p>\n\n\n\n<p>\u00abY ese esp\u00edritu de consenso es el que necesitamos para resolver este tema\u00bb, manifest\u00f3 el ministro de Interior.<\/p>\n\n\n\n<p>El COIRCO, organismo administrador de la cuenca, est\u00e1 conformado por dos \u00f3rganos: uno administrativo, integrado por un representante por provincia, y otro de gobierno, compuesto por los cinco gobernadores, y presidido por el ministro del Interior. <\/p>\n\n\n\n<p>\n\nLas decisiones son adoptadas por consenso, y en caso de que alguna parte manifieste oposici\u00f3n puede recurrir a un laudo presidencial, se inform\u00f3.<\/p>\n\n\n\n<p>En mayo de 2019, se formul\u00f3 el tercer pedido de laudo arbitral por parte de una de las provincias de la cuenca, al considerar que la aprobaci\u00f3n tanto de las normas de manejo de agua como del estudio de impacto ambiental deb\u00edan ser tratadas por el Consejo de Gobierno de COIRCO.<\/p>\n\n\n\n<p>El pedido fue archivado por el ex ministro de Interior, Rogelio Frigerio, mediante la resoluci\u00f3n que hoy fue revocada.\n\n<\/p>\n<div class=\"sharedaddy sd-sharing-enabled\"><div class=\"robots-nocontent sd-block sd-social sd-social-icon sd-sharing\"><h3 class=\"sd-title\">Comparte esto:<\/h3><div class=\"sd-content\"><ul><li class=\"share-twitter\"><a rel=\"nofollow noopener noreferrer\" data-shared=\"sharing-twitter-21302\" class=\"share-twitter sd-button share-icon no-text\" href=\"http:\/\/www.rtvnoticias.com.ar\/?p=21302&amp;share=twitter\" target=\"_blank\" title=\"Haz clic para compartir en Twitter\"><span><\/span><span class=\"sharing-screen-reader-text\">Haz clic para compartir en Twitter (Se abre en una ventana nueva)<\/span><\/a><\/li><li class=\"share-facebook\"><a rel=\"nofollow noopener noreferrer\" data-shared=\"sharing-facebook-21302\" class=\"share-facebook sd-button share-icon no-text\" href=\"http:\/\/www.rtvnoticias.com.ar\/?p=21302&amp;share=facebook\" target=\"_blank\" title=\"Haz clic para compartir en Facebook\"><span><\/span><span class=\"sharing-screen-reader-text\">Haz clic para compartir en Facebook (Se abre en una ventana nueva)<\/span><\/a><\/li><li class=\"share-jetpack-whatsapp\"><a rel=\"nofollow noopener noreferrer\" data-shared=\"\" class=\"share-jetpack-whatsapp sd-button share-icon no-text\" href=\"http:\/\/www.rtvnoticias.com.ar\/?p=21302&amp;share=jetpack-whatsapp\" target=\"_blank\" title=\"Haz clic para compartir en WhatsApp\"><span><\/span><span class=\"sharing-screen-reader-text\">Haz clic para compartir en WhatsApp (Se abre en una ventana nueva)<\/span><\/a><\/li><li class=\"share-telegram\"><a rel=\"nofollow noopener noreferrer\" data-shared=\"\" class=\"share-telegram sd-button share-icon no-text\" href=\"http:\/\/www.rtvnoticias.com.ar\/?p=21302&amp;share=telegram\" target=\"_blank\" title=\"Haz clic para compartir en Telegram\"><span><\/span><span class=\"sharing-screen-reader-text\">Haz clic para compartir en Telegram (Se abre en una ventana nueva)<\/span><\/a><\/li><li class=\"share-end\"><\/li><\/ul><\/div><\/div><\/div>","protected":false},"excerpt":{"rendered":"<p>El ministro de Interior, Eduardo \u00abWado\u00bb de Pedro, convoc\u00f3 hoy a los gobernadores de Neuqu\u00e9n, R\u00edo Negro, Buenos Aires, La Pampa y Mendoza para una<\/p>\n<div class=\"sharedaddy sd-sharing-enabled\"><div class=\"robots-nocontent sd-block sd-social sd-social-icon sd-sharing\"><h3 class=\"sd-title\">Comparte esto:<\/h3><div class=\"sd-content\"><ul><li class=\"share-twitter\"><a rel=\"nofollow noopener noreferrer\" data-shared=\"sharing-twitter-21302\" class=\"share-twitter sd-button share-icon no-text\" href=\"http:\/\/www.rtvnoticias.com.ar\/?p=21302&amp;share=twitter\" target=\"_blank\" title=\"Haz clic para compartir en Twitter\"><span><\/span><span class=\"sharing-screen-reader-text\">Haz clic para compartir en Twitter (Se abre en una ventana nueva)<\/span><\/a><\/li><li class=\"share-facebook\"><a rel=\"nofollow noopener noreferrer\" data-shared=\"sharing-facebook-21302\" class=\"share-facebook sd-button share-icon no-text\" href=\"http:\/\/www.rtvnoticias.com.ar\/?p=21302&amp;share=facebook\" target=\"_blank\" title=\"Haz clic para compartir en Facebook\"><span><\/span><span class=\"sharing-screen-reader-text\">Haz clic para compartir en Facebook (Se abre en una ventana nueva)<\/span><\/a><\/li><li class=\"share-jetpack-whatsapp\"><a rel=\"nofollow noopener noreferrer\" data-shared=\"\" class=\"share-jetpack-whatsapp sd-button share-icon no-text\" href=\"http:\/\/www.rtvnoticias.com.ar\/?p=21302&amp;share=jetpack-whatsapp\" target=\"_blank\" title=\"Haz clic para compartir en WhatsApp\"><span><\/span><span class=\"sharing-screen-reader-text\">Haz clic para compartir en WhatsApp (Se abre en una ventana nueva)<\/span><\/a><\/li><li class=\"share-telegram\"><a rel=\"nofollow noopener noreferrer\" data-shared=\"\" class=\"share-telegram sd-button share-icon no-text\" href=\"http:\/\/www.rtvnoticias.com.ar\/?p=21302&amp;share=telegram\" target=\"_blank\" title=\"Haz clic para compartir en Telegram\"><span><\/span><span class=\"sharing-screen-reader-text\">Haz clic para compartir en Telegram (Se abre en una ventana nueva)<\/span><\/a><\/li><li class=\"share-end\"><\/li><\/ul><\/div><\/div><\/div>","protected":false},"author":5,"featured_media":21303,"comment_status":"closed","ping_status":"closed","sticky":false,"template":"","format":"standard","meta":{"spay_email":"","jetpack_publicize_message":"","jetpack_is_tweetstorm":false,"jetpack_publicize_feature_enabled":true},"categories":[1],"tags":[3312],"jetpack_featured_media_url":"http:\/\/www.rtvnoticias.com.ar\/wp-content\/uploads\/2020\/06\/depedro.jpg","jetpack_publicize_connections":[],"jetpack_sharing_enabled":true,"_links":{"self":[{"href":"http:\/\/www.rtvnoticias.com.ar\/index.php?rest_route=\/wp\/v2\/posts\/21302"}],"collection":[{"href":"http:\/\/www.rtvnoticias.com.ar\/index.php?rest_route=\/wp\/v2\/posts"}],"about":[{"href":"http:\/\/www.rtvnoticias.com.ar\/index.php?rest_route=\/wp\/v2\/types\/post"}],"author":[{"embeddable":true,"href":"http:\/\/www.rtvnoticias.com.ar\/index.php?rest_route=\/wp\/v2\/users\/5"}],"replies":[{"embeddable":true,"href":"http:\/\/www.rtvnoticias.com.ar\/index.php?rest_route=%2Fwp%2Fv2%2Fcomments&post=21302"}],"version-history":[{"count":1,"href":"http:\/\/www.rtvnoticias.com.ar\/index.php?rest_route=\/wp\/v2\/posts\/21302\/revisions"}],"predecessor-version":[{"id":21304,"href":"http:\/\/www.rtvnoticias.com.ar\/index.php?rest_route=\/wp\/v2\/posts\/21302\/revisions\/21304"}],"wp:featuredmedia":[{"embeddable":true,"href":"http:\/\/www.rtvnoticias.com.ar\/index.php?rest_route=\/wp\/v2\/media\/21303"}],"wp:attachment":[{"href":"http:\/\/www.rtvnoticias.com.ar\/index.php?rest_route=%2Fwp%2Fv2%2Fmedia&parent=21302"}],"wp:term":[{"taxonomy":"category","embeddable":true,"href":"http:\/\/www.rtvnoticias.com.ar\/index.php?rest_route=%2Fwp%2Fv2%2Fcategories&post=21302"},{"taxonomy":"post_tag","embeddable":true,"href":"http:\/\/www.rtvnoticias.com.ar\/index.php?rest_route=%2Fwp%2Fv2%2Ftags&post=21302"}],"curies":[{"name":"wp","href":"https:\/\/api.w.org\/{rel}","templated":true}]}}