{"id":21312,"date":"2020-06-04T21:28:13","date_gmt":"2020-06-05T00:28:13","guid":{"rendered":"http:\/\/www.rtvnoticias.com.ar\/?p=21312"},"modified":"2020-06-04T21:29:46","modified_gmt":"2020-06-05T00:29:46","slug":"la-pampa-y-17-provincias-con-distanciamiento-social-en-resto-sigue-en-cuarentena-obligatoria-por-presencia-del-virus","status":"publish","type":"post","link":"http:\/\/www.rtvnoticias.com.ar\/?p=21312","title":{"rendered":"La Pampa y 17 provincias  con distanciamiento social. El resto sigue en cuarentena obligatoria por circulaci\u00f3n del virus"},"content":{"rendered":"\n<p>El presidente Alberto Fern\u00e1ndez anunci\u00f3 el fin de la cuarentena obligatoria en 18 provincias, entre ellas La Pampa, donde no hay circulaci\u00f3n comunitaria del coronavirus Covid-19, y dispuso el distanciamiento social como medida preventiva. En tanto en el resto del pa\u00eds, incluido el AMBA, contin\u00faa el Aislamiento Social Preventivo y Obligatorio hasta el pr\u00f3ximo 28 de junio.<\/p>\n\n\n\n<p>Los lugares donde contin\u00faa la cuarentena obligatoria son Ciudad Aut\u00f3noma de Buenos Aires y Gran Buenos Aires, integrantes del AMBA, C\u00f3rdoba parcialmente, Chaco, R\u00edo Negro y Chubut. En el caso de la provincia de Buenos Aires la medida es distinta en el interior, permitiendo actividades en a trav\u00e9s de distintas fases.<\/p>\n\n\n\n<p>\u00abVamos a sostener el aislamiento social en todos los lugares en el que haya circulaci\u00f3n comunitaria del virus. El resto del pa\u00eds seguir\u00e1 en una nueva fase que se llama distanciamiento social obligatorio\u00bb, indic\u00f3 el presidente de la Naci\u00f3n, luego de presentar en la conferencia de prensa un video donde remarc\u00f3 que gran parte del pa\u00eds no ten\u00eda el virus.<\/p>\n\n\n\n<p>Puntualiz\u00f3 que en 18 provincias, donde est\u00e1 incluida La Pampa,  el aislamiento se transforma en distanciamiento social obligatorio, lo que implicar\u00e1 una ampliaci\u00f3n en la flexibilizaci\u00f3n de la cuarentena.<\/p>\n\n\n\n<p>\u00abLa cuarentena nos afecta y complica a todos\u00bb, reconoci\u00f3 Alberto Fernandez, qui\u00e9n estuvo acompa\u00f1ado en la rueda de prensa del jefe de gobierno porte\u00f1o Horacio Rodr\u00edguez Larreta y el gobernador de la provincia de Buenos Aires, Axel Kicillof.<\/p>\n\n\n\n<p>\u00abTenemos que entender que nosotros no superamos el problema. El contagio ocurre f\u00e1cilmente si uno se acerca al contagio. La posibilidad del contagio crece si uno se acerca a las zonas de circulaci\u00f3n del virus, al AMBA, a CABA, el Gran C\u00f3rdoba, Chaco y algunas ciudades de R\u00edo Negro\u00bb, indic\u00f3.<\/p>\n\n\n\n<p>Remarc\u00f3 que \u00abhoy tenemos en cuarentena a las zonas donde hay circulaci\u00f3n social. En 18 provincias no hay circulaci\u00f3n comunitaria del virus, esto quiere decir que m\u00e1s del 85 % del pa\u00eds ha logrado que no circule\u00bb.<\/p>\n\n\n\n<p>\u00abVamos a sostener el Aislamiento Social, Preventivo y Obligatorio en los lugares de circulaci\u00f3n comunitaria, donde la cuarentena va a seguir igual que ahora, mientras que en el resto del pa\u00eds se va a salir del Aislamiento Social Preventivo y Obligatorio y va a pasara al Distanciamiento Social, Preventivo y Obligatorio\u00bb, afirm\u00f3.<\/p>\n\n\n\n<p>Tras la palabra de Fern\u00e1ndez, hablaron Rodr\u00edguez Larreta y Kicillof, quienes dieron detalles de los pasos a seguir y los protocolos a cumplir, los cuales ser\u00e1n ampliados en el d\u00eda de ma\u00f1ana.<\/p>\n<div class=\"sharedaddy sd-sharing-enabled\"><div class=\"robots-nocontent sd-block sd-social sd-social-icon sd-sharing\"><h3 class=\"sd-title\">Comparte esto:<\/h3><div class=\"sd-content\"><ul><li class=\"share-twitter\"><a rel=\"nofollow noopener noreferrer\" data-shared=\"sharing-twitter-21312\" class=\"share-twitter sd-button share-icon no-text\" href=\"http:\/\/www.rtvnoticias.com.ar\/?p=21312&amp;share=twitter\" target=\"_blank\" title=\"Haz clic para compartir en Twitter\"><span><\/span><span class=\"sharing-screen-reader-text\">Haz clic para compartir en Twitter (Se abre en una ventana nueva)<\/span><\/a><\/li><li class=\"share-facebook\"><a rel=\"nofollow noopener noreferrer\" data-shared=\"sharing-facebook-21312\" class=\"share-facebook sd-button share-icon no-text\" href=\"http:\/\/www.rtvnoticias.com.ar\/?p=21312&amp;share=facebook\" target=\"_blank\" title=\"Haz clic para compartir en Facebook\"><span><\/span><span class=\"sharing-screen-reader-text\">Haz clic para compartir en Facebook (Se abre en una ventana nueva)<\/span><\/a><\/li><li class=\"share-jetpack-whatsapp\"><a rel=\"nofollow noopener noreferrer\" data-shared=\"\" class=\"share-jetpack-whatsapp sd-button share-icon no-text\" href=\"http:\/\/www.rtvnoticias.com.ar\/?p=21312&amp;share=jetpack-whatsapp\" target=\"_blank\" title=\"Haz clic para compartir en WhatsApp\"><span><\/span><span class=\"sharing-screen-reader-text\">Haz clic para compartir en WhatsApp (Se abre en una ventana nueva)<\/span><\/a><\/li><li class=\"share-telegram\"><a rel=\"nofollow noopener noreferrer\" data-shared=\"\" class=\"share-telegram sd-button share-icon no-text\" href=\"http:\/\/www.rtvnoticias.com.ar\/?p=21312&amp;share=telegram\" target=\"_blank\" title=\"Haz clic para compartir en Telegram\"><span><\/span><span class=\"sharing-screen-reader-text\">Haz clic para compartir en Telegram (Se abre en una ventana nueva)<\/span><\/a><\/li><li class=\"share-end\"><\/li><\/ul><\/div><\/div><\/div>","protected":false},"excerpt":{"rendered":"<p>El presidente Alberto Fern\u00e1ndez anunci\u00f3 el fin de la cuarentena obligatoria en 18 provincias, entre ellas La Pampa, donde no hay circulaci\u00f3n comunitaria del coronavirus<\/p>\n<div class=\"sharedaddy sd-sharing-enabled\"><div class=\"robots-nocontent sd-block sd-social sd-social-icon sd-sharing\"><h3 class=\"sd-title\">Comparte esto:<\/h3><div class=\"sd-content\"><ul><li class=\"share-twitter\"><a rel=\"nofollow noopener noreferrer\" data-shared=\"sharing-twitter-21312\" class=\"share-twitter sd-button share-icon no-text\" href=\"http:\/\/www.rtvnoticias.com.ar\/?p=21312&amp;share=twitter\" target=\"_blank\" title=\"Haz clic para compartir en Twitter\"><span><\/span><span class=\"sharing-screen-reader-text\">Haz clic para compartir en Twitter (Se abre en una ventana nueva)<\/span><\/a><\/li><li class=\"share-facebook\"><a rel=\"nofollow noopener noreferrer\" data-shared=\"sharing-facebook-21312\" class=\"share-facebook sd-button share-icon no-text\" href=\"http:\/\/www.rtvnoticias.com.ar\/?p=21312&amp;share=facebook\" target=\"_blank\" title=\"Haz clic para compartir en Facebook\"><span><\/span><span class=\"sharing-screen-reader-text\">Haz clic para compartir en Facebook (Se abre en una ventana nueva)<\/span><\/a><\/li><li class=\"share-jetpack-whatsapp\"><a rel=\"nofollow noopener noreferrer\" data-shared=\"\" class=\"share-jetpack-whatsapp sd-button share-icon no-text\" href=\"http:\/\/www.rtvnoticias.com.ar\/?p=21312&amp;share=jetpack-whatsapp\" target=\"_blank\" title=\"Haz clic para compartir en WhatsApp\"><span><\/span><span class=\"sharing-screen-reader-text\">Haz clic para compartir en WhatsApp (Se abre en una ventana nueva)<\/span><\/a><\/li><li class=\"share-telegram\"><a rel=\"nofollow noopener noreferrer\" data-shared=\"\" class=\"share-telegram sd-button share-icon no-text\" href=\"http:\/\/www.rtvnoticias.com.ar\/?p=21312&amp;share=telegram\" target=\"_blank\" title=\"Haz clic para compartir en Telegram\"><span><\/span><span class=\"sharing-screen-reader-text\">Haz clic para compartir en Telegram (Se abre en una ventana nueva)<\/span><\/a><\/li><li class=\"share-end\"><\/li><\/ul><\/div><\/div><\/div>","protected":false},"author":5,"featured_media":21313,"comment_status":"closed","ping_status":"closed","sticky":false,"template":"","format":"standard","meta":{"spay_email":"","jetpack_publicize_message":"","jetpack_is_tweetstorm":false,"jetpack_publicize_feature_enabled":true},"categories":[5],"tags":[3231],"jetpack_featured_media_url":"http:\/\/www.rtvnoticias.com.ar\/wp-content\/uploads\/2020\/06\/alberto-horacio-axel.jpg","jetpack_publicize_connections":[],"jetpack_sharing_enabled":true,"_links":{"self":[{"href":"http:\/\/www.rtvnoticias.com.ar\/index.php?rest_route=\/wp\/v2\/posts\/21312"}],"collection":[{"href":"http:\/\/www.rtvnoticias.com.ar\/index.php?rest_route=\/wp\/v2\/posts"}],"about":[{"href":"http:\/\/www.rtvnoticias.com.ar\/index.php?rest_route=\/wp\/v2\/types\/post"}],"author":[{"embeddable":true,"href":"http:\/\/www.rtvnoticias.com.ar\/index.php?rest_route=\/wp\/v2\/users\/5"}],"replies":[{"embeddable":true,"href":"http:\/\/www.rtvnoticias.com.ar\/index.php?rest_route=%2Fwp%2Fv2%2Fcomments&post=21312"}],"version-history":[{"count":2,"href":"http:\/\/www.rtvnoticias.com.ar\/index.php?rest_route=\/wp\/v2\/posts\/21312\/revisions"}],"predecessor-version":[{"id":21315,"href":"http:\/\/www.rtvnoticias.com.ar\/index.php?rest_route=\/wp\/v2\/posts\/21312\/revisions\/21315"}],"wp:featuredmedia":[{"embeddable":true,"href":"http:\/\/www.rtvnoticias.com.ar\/index.php?rest_route=\/wp\/v2\/media\/21313"}],"wp:attachment":[{"href":"http:\/\/www.rtvnoticias.com.ar\/index.php?rest_route=%2Fwp%2Fv2%2Fmedia&parent=21312"}],"wp:term":[{"taxonomy":"category","embeddable":true,"href":"http:\/\/www.rtvnoticias.com.ar\/index.php?rest_route=%2Fwp%2Fv2%2Fcategories&post=21312"},{"taxonomy":"post_tag","embeddable":true,"href":"http:\/\/www.rtvnoticias.com.ar\/index.php?rest_route=%2Fwp%2Fv2%2Ftags&post=21312"}],"curies":[{"name":"wp","href":"https:\/\/api.w.org\/{rel}","templated":true}]}}