{"id":21327,"date":"2020-06-05T18:30:09","date_gmt":"2020-06-05T21:30:09","guid":{"rendered":"http:\/\/www.rtvnoticias.com.ar\/?p=21327"},"modified":"2020-06-05T19:05:54","modified_gmt":"2020-06-05T22:05:54","slug":"mas-de-7-millones-de-pesos-en-obras-para-la-pampa","status":"publish","type":"post","link":"http:\/\/www.rtvnoticias.com.ar\/?p=21327","title":{"rendered":"M\u00e1s de 7 mil millones de pesos en obras para La Pampa"},"content":{"rendered":"\n<p>Los ministros que acompa\u00f1aron al presidente en su vista a La Pampa firmaron convenios con el gobernador Sergio Ziliotto, \u00a0para la realizaci\u00f3n de obras por un monto que supera los 7 mil millones de pesos e involucran acciones en todos los pueblos de La Pampa. <\/p>\n\n\n\n<p>En el marco del Programa Nacional \u201cArgentina Hace\u201d, Gabriel Katopodis, titular del Ministerio de Obras Publicas de Naci\u00f3n y el Gobernador Sergio Ziliotto firmaron un convenio que comprende la reactivaci\u00f3n de obras y la ejecuci\u00f3n de nuevas acciones en nuestra provincia.<\/p>\n\n\n\n<p>Esta l\u00ednea de trabajo representa un total de 610 millones que comenzar\u00e1n a ejecutarse en los pr\u00f3ximos meses y comprende obras de agua y saneamiento, infraestructura h\u00eddrica, accesibilidad y conectividad urbana y rural, y equipamiento social, que permitir\u00e1n crear empleos locales con paridad de g\u00e9nero, son parte de las obras que el Gobierno Nacional financiar\u00e1 en los pr\u00f3ximos meses.<\/p>\n\n\n\n<p><br><strong>Obras H\u00eddricas<\/strong><\/p>\n\n\n\n<p>A trav\u00e9s del Ente Nacional de Obras H\u00eddricas y Saneamiento se ejectur\u00e1n obras en 16 localidades provinciales por un monto total de 2.029 millones de pesos. (Arata, Caleuf\u00fa, Cnia. Bar\u00f3n, E. Castex, Gral. Pico, La Maruja, Toay, Villa Mirasol, Alta Italia, Guatrach\u00e9, Int. Alvear, J. Arauz, Rancul, Trenel, Winifreda y Santa Rosa).<\/p>\n\n\n\n<p><br><strong>Obras Viales<\/strong><\/p>\n\n\n\n<p>En tanto que se anuncio la reactivaci\u00f3n de las obras de mantenimiento, recuperaci\u00f3n, rehabilitaci\u00f3n de importante corredores viales.<br>Para poner nuevamente en valor diversos tramos de las rutas 35, 188, 151, adem\u00e1s de obras en los accesos a la ciudad de Santa Rosa el gobierno nacional destinar\u00e1 3.700 \u00a0millones pesos.<\/p>\n\n\n\n<p><br><strong>Santa Rosa, Gral. Pico y Macach\u00edn<\/strong><\/p>\n\n\n\n<p>Por otro lado, Eduardo \u201cWado\u201d De Pedro, titular del Ministerio del Interior concreto junto al Gobernador provincial la firma del \u201cAcuerdo Federal de Desarrollo\u201d, por unos 570 millones y otros 70 millones de pesos en el marco del Programa de Apoyo a la Asistencia Provincial en la Emergencia COVID-19.<\/p>\n\n\n\n<p>El primero de los acuerdos involucra obras de General Pico, Santa Rosa y\u00a0 Macachin, mientras que el restante es un reconocimiento al estado provincial de parte\u00a0 de lo que se ha financiado para el fortalecimiento de los sistemas sanitarios y de protecci\u00f3n a poblaciones vulnerables.<\/p>\n\n\n\n<p><br><strong>\u201cArgentina Construye\u201d<\/strong><\/p>\n\n\n\n<p>Por \u00faltimo, se firm\u00f3 el Acuerdo de Colaboraci\u00f3n entre el Ministerio de Desarrollo Territorial y Habitat y La Pampa para el\u00a0 desarrollo y la implementaci\u00f3n de las acciones conducentes a ejecutar el \u201cPrograma Federal Argentina Construye\u201d y el \u201cPrograma Federal Argentina Construye Solidaria\u201d, ambas iniciativas est\u00e1n destinadas a responder a la emergencia y el d\u00e9ficit habitacional en todo el pa\u00eds.<\/p>\n\n\n\n<p>Son pol\u00edticas de h\u00e1bitat destinadas a hogares deficitarios, a organizaciones comunitarias, al desarrollo territorial y a la infraestructura b\u00e1sica.<\/p>\n\n\n\n<p>El Programa Federal Argentina Construye Solidaria tiene como objetivo el otorgamiento de subsidios para la compra de materiales destinados a la refacci\u00f3n de los espacios f\u00edsicos de organizaciones no gubernamentales, asociaciones civiles, fundaciones, cooperativas o mutuales cuyas actividades se vinculen a la asistencia en la alimentaci\u00f3n, la educaci\u00f3n, la salud, el medioambiente, la cultura, la inclusi\u00f3n de las personas con discapacidad, el acceso a la tierra, la vivienda y el h\u00e1bitat, el desarrollo local, la econom\u00eda social y solidaria, la promoci\u00f3n y protecci\u00f3n de la\u00a0 identidad de g\u00e9nero y diversidad y la preservaci\u00f3n de las identidades culturales ind\u00edgenas. <\/p>\n<div class=\"sharedaddy sd-sharing-enabled\"><div class=\"robots-nocontent sd-block sd-social sd-social-icon sd-sharing\"><h3 class=\"sd-title\">Comparte esto:<\/h3><div class=\"sd-content\"><ul><li class=\"share-twitter\"><a rel=\"nofollow noopener noreferrer\" data-shared=\"sharing-twitter-21327\" class=\"share-twitter sd-button share-icon no-text\" href=\"http:\/\/www.rtvnoticias.com.ar\/?p=21327&amp;share=twitter\" target=\"_blank\" title=\"Haz clic para compartir en Twitter\"><span><\/span><span class=\"sharing-screen-reader-text\">Haz clic para compartir en Twitter (Se abre en una ventana nueva)<\/span><\/a><\/li><li class=\"share-facebook\"><a rel=\"nofollow noopener noreferrer\" data-shared=\"sharing-facebook-21327\" class=\"share-facebook sd-button share-icon no-text\" href=\"http:\/\/www.rtvnoticias.com.ar\/?p=21327&amp;share=facebook\" target=\"_blank\" title=\"Haz clic para compartir en Facebook\"><span><\/span><span class=\"sharing-screen-reader-text\">Haz clic para compartir en Facebook (Se abre en una ventana nueva)<\/span><\/a><\/li><li class=\"share-jetpack-whatsapp\"><a rel=\"nofollow noopener noreferrer\" data-shared=\"\" class=\"share-jetpack-whatsapp sd-button share-icon no-text\" href=\"http:\/\/www.rtvnoticias.com.ar\/?p=21327&amp;share=jetpack-whatsapp\" target=\"_blank\" title=\"Haz clic para compartir en WhatsApp\"><span><\/span><span class=\"sharing-screen-reader-text\">Haz clic para compartir en WhatsApp (Se abre en una ventana nueva)<\/span><\/a><\/li><li class=\"share-telegram\"><a rel=\"nofollow noopener noreferrer\" data-shared=\"\" class=\"share-telegram sd-button share-icon no-text\" href=\"http:\/\/www.rtvnoticias.com.ar\/?p=21327&amp;share=telegram\" target=\"_blank\" title=\"Haz clic para compartir en Telegram\"><span><\/span><span class=\"sharing-screen-reader-text\">Haz clic para compartir en Telegram (Se abre en una ventana nueva)<\/span><\/a><\/li><li class=\"share-end\"><\/li><\/ul><\/div><\/div><\/div>","protected":false},"excerpt":{"rendered":"<p>Los ministros que acompa\u00f1aron al presidente en su vista a La Pampa firmaron convenios con el gobernador Sergio Ziliotto, \u00a0para la realizaci\u00f3n de obras por<\/p>\n<div class=\"sharedaddy sd-sharing-enabled\"><div class=\"robots-nocontent sd-block sd-social sd-social-icon sd-sharing\"><h3 class=\"sd-title\">Comparte esto:<\/h3><div class=\"sd-content\"><ul><li class=\"share-twitter\"><a rel=\"nofollow noopener noreferrer\" data-shared=\"sharing-twitter-21327\" class=\"share-twitter sd-button share-icon no-text\" href=\"http:\/\/www.rtvnoticias.com.ar\/?p=21327&amp;share=twitter\" target=\"_blank\" title=\"Haz clic para compartir en Twitter\"><span><\/span><span class=\"sharing-screen-reader-text\">Haz clic para compartir en Twitter (Se abre en una ventana nueva)<\/span><\/a><\/li><li class=\"share-facebook\"><a rel=\"nofollow noopener noreferrer\" data-shared=\"sharing-facebook-21327\" class=\"share-facebook sd-button share-icon no-text\" href=\"http:\/\/www.rtvnoticias.com.ar\/?p=21327&amp;share=facebook\" target=\"_blank\" title=\"Haz clic para compartir en Facebook\"><span><\/span><span class=\"sharing-screen-reader-text\">Haz clic para compartir en Facebook (Se abre en una ventana nueva)<\/span><\/a><\/li><li class=\"share-jetpack-whatsapp\"><a rel=\"nofollow noopener noreferrer\" data-shared=\"\" class=\"share-jetpack-whatsapp sd-button share-icon no-text\" href=\"http:\/\/www.rtvnoticias.com.ar\/?p=21327&amp;share=jetpack-whatsapp\" target=\"_blank\" title=\"Haz clic para compartir en WhatsApp\"><span><\/span><span class=\"sharing-screen-reader-text\">Haz clic para compartir en WhatsApp (Se abre en una ventana nueva)<\/span><\/a><\/li><li class=\"share-telegram\"><a rel=\"nofollow noopener noreferrer\" data-shared=\"\" class=\"share-telegram sd-button share-icon no-text\" href=\"http:\/\/www.rtvnoticias.com.ar\/?p=21327&amp;share=telegram\" target=\"_blank\" title=\"Haz clic para compartir en Telegram\"><span><\/span><span class=\"sharing-screen-reader-text\">Haz clic para compartir en Telegram (Se abre en una ventana nueva)<\/span><\/a><\/li><li class=\"share-end\"><\/li><\/ul><\/div><\/div><\/div>","protected":false},"author":5,"featured_media":21328,"comment_status":"closed","ping_status":"closed","sticky":false,"template":"","format":"standard","meta":{"spay_email":"","jetpack_publicize_message":"","jetpack_is_tweetstorm":false,"jetpack_publicize_feature_enabled":true},"categories":[1],"tags":[3314],"jetpack_featured_media_url":"http:\/\/www.rtvnoticias.com.ar\/wp-content\/uploads\/2020\/06\/alberto-sergio.jpg","jetpack_publicize_connections":[],"jetpack_sharing_enabled":true,"_links":{"self":[{"href":"http:\/\/www.rtvnoticias.com.ar\/index.php?rest_route=\/wp\/v2\/posts\/21327"}],"collection":[{"href":"http:\/\/www.rtvnoticias.com.ar\/index.php?rest_route=\/wp\/v2\/posts"}],"about":[{"href":"http:\/\/www.rtvnoticias.com.ar\/index.php?rest_route=\/wp\/v2\/types\/post"}],"author":[{"embeddable":true,"href":"http:\/\/www.rtvnoticias.com.ar\/index.php?rest_route=\/wp\/v2\/users\/5"}],"replies":[{"embeddable":true,"href":"http:\/\/www.rtvnoticias.com.ar\/index.php?rest_route=%2Fwp%2Fv2%2Fcomments&post=21327"}],"version-history":[{"count":2,"href":"http:\/\/www.rtvnoticias.com.ar\/index.php?rest_route=\/wp\/v2\/posts\/21327\/revisions"}],"predecessor-version":[{"id":21330,"href":"http:\/\/www.rtvnoticias.com.ar\/index.php?rest_route=\/wp\/v2\/posts\/21327\/revisions\/21330"}],"wp:featuredmedia":[{"embeddable":true,"href":"http:\/\/www.rtvnoticias.com.ar\/index.php?rest_route=\/wp\/v2\/media\/21328"}],"wp:attachment":[{"href":"http:\/\/www.rtvnoticias.com.ar\/index.php?rest_route=%2Fwp%2Fv2%2Fmedia&parent=21327"}],"wp:term":[{"taxonomy":"category","embeddable":true,"href":"http:\/\/www.rtvnoticias.com.ar\/index.php?rest_route=%2Fwp%2Fv2%2Fcategories&post=21327"},{"taxonomy":"post_tag","embeddable":true,"href":"http:\/\/www.rtvnoticias.com.ar\/index.php?rest_route=%2Fwp%2Fv2%2Ftags&post=21327"}],"curies":[{"name":"wp","href":"https:\/\/api.w.org\/{rel}","templated":true}]}}