{"id":21347,"date":"2020-06-07T00:13:50","date_gmt":"2020-06-07T03:13:50","guid":{"rendered":"http:\/\/www.rtvnoticias.com.ar\/?p=21347"},"modified":"2020-06-07T00:13:56","modified_gmt":"2020-06-07T03:13:56","slug":"la-provincia-continua-en-etapa-de-contencion","status":"publish","type":"post","link":"http:\/\/www.rtvnoticias.com.ar\/?p=21347","title":{"rendered":"La Provincia contin\u00faa en etapa de contenci\u00f3n"},"content":{"rendered":"\n<p>El Ministerio de Salud de la Naci\u00f3n public\u00f3 la definici\u00f3n de caso sospechoso de COVID-19 para el pa\u00eds, la cual est\u00e1 adaptada a la situaci\u00f3n epidemiol\u00f3gica de La Pampa. Las estad\u00edsticas provinciales registran variantes s\u00f3lo en los casos de monitoreos.    <\/p>\n\n\n\n<p>El Ministerio de Salud de la provincia de La Pampa considera como \u201ccaso sospechoso\u201d a toda persona que presente fiebre (37,5\u00b0C o m\u00e1s) y uno o m\u00e1s de los siguientes s\u00edntomas (tos, odinofagia, dificultad respiratoria, anosmia\/disgeusia de reciente aparici\u00f3n sin otra etiolog\u00eda que explique completamente la presentaci\u00f3n cl\u00ednica y que en los \u00faltimos 14 d\u00edas, haya estado en contacto con casos confirmados de COVID-19; tenga un historial de viaje fuera del pa\u00eds o un historial de viaje o residencia en zonas de transmisi\u00f3n local (ya sea comunitaria o por conglomerados) de COVID-19 en Ciudad Aut\u00f3noma de Buenos Aires y el \u00c1rea Metropolitana de la provincia de Buenos Aires (AMBA); ciudades de la provincia de Chaco: Resistencia, Barranqueras, Fontana y Puerto Vilelas, de R\u00edo Negro: Bariloche, Choele Choel, Cipolletti, de C\u00f3rdoba: ciudad de C\u00f3rdoba y Chubut: ciudad de Trelew.<br><\/p>\n\n\n\n<p>Tambi\u00e9n al personal de salud, residentes y personal que trabaja en instituciones cerradas o de internaci\u00f3n prolongada, personal esencial, que presente dos o m\u00e1s de los siguientes s\u00edntomas: fiebre (37.5\u00b0C o m\u00e1s), tos, odinofagia, dificultad respiratoria, anosmia, disgeusia.<br><\/p>\n\n\n\n<p>Contactos estrechos de casos confirmados de COVID-19: ante la presencia de uno o m\u00e1s de estos s\u00edntomas: fiebre (37,5\u00b0C o m\u00e1s), tos, odinofagia, dificultad respiratoria, anosmia, disgeusia.<br><\/p>\n\n\n\n<p>Todo paciente que presente anosmia\/disgeusia, de reciente aparici\u00f3n y sin otra etiolog\u00eda definida y sin otros signos o s\u00edntomas (ante la presencia de este como \u00fanico s\u00edntoma, se indicar\u00e1 aislamiento durante 72 horas, indicando toma de muestra para diagn\u00f3stico por PCR, al tercer d\u00eda de iniciado s\u00edntomas).<br><\/p>\n\n\n\n<p>Pacientes con infecci\u00f3n respiratoria aguda (IRAG) (fiebre y s\u00edntomas respiratorios, con requerimiento de internaci\u00f3n).<\/p>\n\n\n\n<p>Situaci\u00f3n territorial<br>La Pampa se mantiene en etapa de contenci\u00f3n, por lo que las autoridades contin\u00faan con las medidas intensivas para reducir la circulaci\u00f3n del virus y disminuir su transmisi\u00f3n.<br><\/p>\n\n\n\n<p>La Provincia se mantiene en etapa de contenci\u00f3n, por lo que las autoridades contin\u00faan con las medidas intensivas para reducir la circulaci\u00f3n del virus y disminuir su transmisi\u00f3n.<br><\/p>\n\n\n\n<p>A la fecha La Pampa tiene 221 casos notificados, de los cuales 216 casos se han descartado mediante laboratorio (resultado negativo para COVID-19), 5 casos se han confirmado para COVID-19 (cuatro en Santa Rosa y uno en General Pico) y 5 casos se han recuperado.<br><\/p>\n\n\n\n<p>El Ministerio de Salud comenz\u00f3 con la implementaci\u00f3n de un protocolo de \u201cB\u00fasqueda activa de casos de COVID-19 en grupos espec\u00edficos\u201d. La misma se aplica sobre transportistas de las localidades que regresan a sus hogares provenientes, fundamentalmente, de zonas definidas como de transmisi\u00f3n viral teniendo en cuenta el mayor riesgo de exposici\u00f3n al que se ven sometidos por su actividad. Tiene como objetivos el monitoreo de la situaci\u00f3n epidemiol\u00f3gica de la pandemia en la provincia y la captaci\u00f3n temprana de casos positivos para implementar las medidas correspondientes para disminuir los riesgos de transmisi\u00f3n en La Pampa. <\/p>\n\n\n\n<p>En total fueron procesadas 50 muestras en el Laboratorio central de Epidemiolog\u00eda, las cuales arrojaron resultados negativos en su totalidad. Estan incluidas las 16 muestras tomadas en el d\u00eda de ayer en la localidad de Lonquimay. Se ha trabajado con los equipos locales para llevar adelante las actividades. <br><\/p>\n\n\n\n<p>La Direcci\u00f3n de Epidemiolog\u00eda realiza el monitoreo de viajeros con indicaci\u00f3n de aislamiento estricto, al d\u00eda de la fecha se registraron 4109 personas con antecedente de viaje, de las cuales 677 contin\u00faan siendo monitoreadas.Ante la presencia de s\u00edntomas y epidemiolog\u00eda compatibles con la definici\u00f3n de caso sospechoso, se insta a la poblaci\u00f3n a que haga un contacto TELEF\u00d3NICO de inmediato con el sistema de salud, refiera el antecedente y evite el contacto social.<br><\/p>\n\n\n\n<p>Para m\u00e1s informaci\u00f3n sobre informaci\u00f3n y protocolos visitar el sitio del Ministerio de Salud de la Pampa: <a href=\"https:\/\/www.salud.lapampa.gov.ar\/Coronavirus.asp\">https:\/\/www.salud.lapampa.gov.ar\/Coronavirus.asp<\/a><\/p>\n<div class=\"sharedaddy sd-sharing-enabled\"><div class=\"robots-nocontent sd-block sd-social sd-social-icon sd-sharing\"><h3 class=\"sd-title\">Comparte esto:<\/h3><div class=\"sd-content\"><ul><li class=\"share-twitter\"><a rel=\"nofollow noopener noreferrer\" data-shared=\"sharing-twitter-21347\" class=\"share-twitter sd-button share-icon no-text\" href=\"http:\/\/www.rtvnoticias.com.ar\/?p=21347&amp;share=twitter\" target=\"_blank\" title=\"Haz clic para compartir en Twitter\"><span><\/span><span class=\"sharing-screen-reader-text\">Haz clic para compartir en Twitter (Se abre en una ventana nueva)<\/span><\/a><\/li><li class=\"share-facebook\"><a rel=\"nofollow noopener noreferrer\" data-shared=\"sharing-facebook-21347\" class=\"share-facebook sd-button share-icon no-text\" href=\"http:\/\/www.rtvnoticias.com.ar\/?p=21347&amp;share=facebook\" target=\"_blank\" title=\"Haz clic para compartir en Facebook\"><span><\/span><span class=\"sharing-screen-reader-text\">Haz clic para compartir en Facebook (Se abre en una ventana nueva)<\/span><\/a><\/li><li class=\"share-jetpack-whatsapp\"><a rel=\"nofollow noopener noreferrer\" data-shared=\"\" class=\"share-jetpack-whatsapp sd-button share-icon no-text\" href=\"http:\/\/www.rtvnoticias.com.ar\/?p=21347&amp;share=jetpack-whatsapp\" target=\"_blank\" title=\"Haz clic para compartir en WhatsApp\"><span><\/span><span class=\"sharing-screen-reader-text\">Haz clic para compartir en WhatsApp (Se abre en una ventana nueva)<\/span><\/a><\/li><li class=\"share-telegram\"><a rel=\"nofollow noopener noreferrer\" data-shared=\"\" class=\"share-telegram sd-button share-icon no-text\" href=\"http:\/\/www.rtvnoticias.com.ar\/?p=21347&amp;share=telegram\" target=\"_blank\" title=\"Haz clic para compartir en Telegram\"><span><\/span><span class=\"sharing-screen-reader-text\">Haz clic para compartir en Telegram (Se abre en una ventana nueva)<\/span><\/a><\/li><li class=\"share-end\"><\/li><\/ul><\/div><\/div><\/div>","protected":false},"excerpt":{"rendered":"<p>El Ministerio de Salud de la Naci\u00f3n public\u00f3 la definici\u00f3n de caso sospechoso de COVID-19 para el pa\u00eds, la cual est\u00e1 adaptada a la situaci\u00f3n<\/p>\n<div class=\"sharedaddy sd-sharing-enabled\"><div class=\"robots-nocontent sd-block sd-social sd-social-icon sd-sharing\"><h3 class=\"sd-title\">Comparte esto:<\/h3><div class=\"sd-content\"><ul><li class=\"share-twitter\"><a rel=\"nofollow noopener noreferrer\" data-shared=\"sharing-twitter-21347\" class=\"share-twitter sd-button share-icon no-text\" href=\"http:\/\/www.rtvnoticias.com.ar\/?p=21347&amp;share=twitter\" target=\"_blank\" title=\"Haz clic para compartir en Twitter\"><span><\/span><span class=\"sharing-screen-reader-text\">Haz clic para compartir en Twitter (Se abre en una ventana nueva)<\/span><\/a><\/li><li class=\"share-facebook\"><a rel=\"nofollow noopener noreferrer\" data-shared=\"sharing-facebook-21347\" class=\"share-facebook sd-button share-icon no-text\" href=\"http:\/\/www.rtvnoticias.com.ar\/?p=21347&amp;share=facebook\" target=\"_blank\" title=\"Haz clic para compartir en Facebook\"><span><\/span><span class=\"sharing-screen-reader-text\">Haz clic para compartir en Facebook (Se abre en una ventana nueva)<\/span><\/a><\/li><li class=\"share-jetpack-whatsapp\"><a rel=\"nofollow noopener noreferrer\" data-shared=\"\" class=\"share-jetpack-whatsapp sd-button share-icon no-text\" href=\"http:\/\/www.rtvnoticias.com.ar\/?p=21347&amp;share=jetpack-whatsapp\" target=\"_blank\" title=\"Haz clic para compartir en WhatsApp\"><span><\/span><span class=\"sharing-screen-reader-text\">Haz clic para compartir en WhatsApp (Se abre en una ventana nueva)<\/span><\/a><\/li><li class=\"share-telegram\"><a rel=\"nofollow noopener noreferrer\" data-shared=\"\" class=\"share-telegram sd-button share-icon no-text\" href=\"http:\/\/www.rtvnoticias.com.ar\/?p=21347&amp;share=telegram\" target=\"_blank\" title=\"Haz clic para compartir en Telegram\"><span><\/span><span class=\"sharing-screen-reader-text\">Haz clic para compartir en Telegram (Se abre en una ventana nueva)<\/span><\/a><\/li><li class=\"share-end\"><\/li><\/ul><\/div><\/div><\/div>","protected":false},"author":7,"featured_media":21348,"comment_status":"closed","ping_status":"closed","sticky":false,"template":"","format":"standard","meta":{"spay_email":"","jetpack_publicize_message":"","jetpack_is_tweetstorm":false,"jetpack_publicize_feature_enabled":true},"categories":[4],"tags":[],"jetpack_featured_media_url":"http:\/\/www.rtvnoticias.com.ar\/wp-content\/uploads\/2020\/06\/corona.jpg","jetpack_publicize_connections":[],"jetpack_sharing_enabled":true,"_links":{"self":[{"href":"http:\/\/www.rtvnoticias.com.ar\/index.php?rest_route=\/wp\/v2\/posts\/21347"}],"collection":[{"href":"http:\/\/www.rtvnoticias.com.ar\/index.php?rest_route=\/wp\/v2\/posts"}],"about":[{"href":"http:\/\/www.rtvnoticias.com.ar\/index.php?rest_route=\/wp\/v2\/types\/post"}],"author":[{"embeddable":true,"href":"http:\/\/www.rtvnoticias.com.ar\/index.php?rest_route=\/wp\/v2\/users\/7"}],"replies":[{"embeddable":true,"href":"http:\/\/www.rtvnoticias.com.ar\/index.php?rest_route=%2Fwp%2Fv2%2Fcomments&post=21347"}],"version-history":[{"count":1,"href":"http:\/\/www.rtvnoticias.com.ar\/index.php?rest_route=\/wp\/v2\/posts\/21347\/revisions"}],"predecessor-version":[{"id":21349,"href":"http:\/\/www.rtvnoticias.com.ar\/index.php?rest_route=\/wp\/v2\/posts\/21347\/revisions\/21349"}],"wp:featuredmedia":[{"embeddable":true,"href":"http:\/\/www.rtvnoticias.com.ar\/index.php?rest_route=\/wp\/v2\/media\/21348"}],"wp:attachment":[{"href":"http:\/\/www.rtvnoticias.com.ar\/index.php?rest_route=%2Fwp%2Fv2%2Fmedia&parent=21347"}],"wp:term":[{"taxonomy":"category","embeddable":true,"href":"http:\/\/www.rtvnoticias.com.ar\/index.php?rest_route=%2Fwp%2Fv2%2Fcategories&post=21347"},{"taxonomy":"post_tag","embeddable":true,"href":"http:\/\/www.rtvnoticias.com.ar\/index.php?rest_route=%2Fwp%2Fv2%2Ftags&post=21347"}],"curies":[{"name":"wp","href":"https:\/\/api.w.org\/{rel}","templated":true}]}}