{"id":21355,"date":"2020-06-08T10:45:07","date_gmt":"2020-06-08T13:45:07","guid":{"rendered":"http:\/\/www.rtvnoticias.com.ar\/?p=21355"},"modified":"2020-06-08T10:45:07","modified_gmt":"2020-06-08T13:45:07","slug":"concurrida-feria-de-emprendedores-y-artesanos-en-la-ciudad","status":"publish","type":"post","link":"http:\/\/www.rtvnoticias.com.ar\/?p=21355","title":{"rendered":"Concurrida Feria de Emprendedores y Artesanos en la ciudad"},"content":{"rendered":"\n<p>La Municipalidad de General Pico impuls\u00f3 este s\u00e1bado el regreso de la Feria de emprendedores y artesanos, con la participaci\u00f3n de un importante n\u00famero de expositores, bajo un sistema de paseo cuidado y con los protocolos correspondientes.<\/p>\n\n\n\n<p>Desde las 11, el Paseo de los Inmigrantes de calle 19 entre 20 y 24 alberg\u00f3 a m\u00e1s de 50 artesanos y emprendedores que volvieron a exponer creaciones propias para volver a activar su econom\u00eda, luego de m\u00e1s de dos meses sin ingreso comercial.<\/p>\n\n\n\n<p>All\u00ed estuvo presente dialogando con los emprendedores la intendenta de la ciudad, Fernanda Alonso, acompa\u00f1ada por los secretarios Daniela Cabrino y Pablo Pildain, de Desarrollo Social y Gobierno, respectivamente. Tambi\u00e9n estuvo presente el director de Cultura, Jos\u00e9 Luis Angelucci y la directora de Nuevas Econom\u00edas, Mar\u00eda del Carmen Garc\u00eda Su\u00e1rez.<\/p>\n\n\n\n<p>La mandataria piquense dialog\u00f3 con los expositores y recibi\u00f3 las apreciaciones de cada uno, vinculadas al armado de la feria y la posibilidad de poder concretar un nuevo espacio de comercializaci\u00f3n reclamado por el sector.<\/p>\n\n\n\n<p>En este sentido, Alonso coment\u00f3: \u201cEstamos retomando algo que en Pico est\u00e1 instituido, una necesidad tanto para los propios emprendedores y artesanos de la ciudad como tambi\u00e9n para la sociedad que reclama por este sector, que tuvo que atravesar un largo per\u00edodo sin poder salir a mostrar y vender sus productos\u201d, dijo.<\/p>\n\n\n\n<p>La feria cont\u00f3 con la presencia de personal de la Secretar\u00eda de Desarrollo Social, quienes ofrecieron alcohol en gel y barbijos para aquellos que no lo pose\u00edan, en tanto que personal policial y de tr\u00e1nsito del Municipio, se encargaron de supervisar el recorrido del paseo, que tuvo una mano \u00fanica de circulaci\u00f3n.<\/p>\n\n\n\n<p>\u201cTodo el tiempo corremos riesgos\u201d, consider\u00f3 la intendenta, pero a\u00f1adi\u00f3 que \u201capostamos a ser todas y todos responsables. Este es un sector que sobrellevaba una crisis, con la imposibilidad de vender, por eso estamos ac\u00e1 en este paseo y al aire libre, con la compa\u00f1\u00eda de los vecinos y vecinas, a quienes les pedimos que respetaran los protocolos establecidos\u201d, remarc\u00f3.<\/p>\n\n\n\n<p>Consultada puntualmente por la mano \u00fanica que se experiment\u00f3 en el paseo emprendedor, Fernanda Alonso indic\u00f3 que \u201ccuando las cosas salen bien, se miran y se copian para poder replicarlas. Esto hemos hecho con otras localidades y tambi\u00e9n nos consultan a nosotros. Quer\u00edamos volver a tener este espacio de comercializaci\u00f3n, como ya lo hicimos la semana pasada con el sector hort\u00edcola, ahora fue el turno de los emprendedores y artesanos\u201d, sostuvo.<\/p>\n\n\n\n<p>Por \u00faltimo, Alonso asegur\u00f3 que \u201cvamos a darle continuidad a las ferias, porque entendemos que gener\u00f3 la posibilidad de reactivar la econom\u00eda popular. Se trata de seguir brindando el v\u00ednculo entre el emprendedor y el posible comprador. Si \u00e9sta condici\u00f3n epidemiol\u00f3gica sigue sosteni\u00e9ndose, tendremos que continuar de esta manera y con estos espacios\u201d, finaliz\u00f3.<\/p>\n\n\n\n<p>Agradecimiento<\/p>\n\n\n\n<p>Por su parte, uno de los referentes de los artesanos, Gonzalo Rodr\u00edguez, se manifest\u00f3 contento por poder reactivar econ\u00f3micamente el sector: \u201cLa iniciativa del municipio fue muy buena, ellos estuvieron recibiendo a la gente, aconsej\u00e1ndoles c\u00f3mo entrar, c\u00f3mo proseguir en el paseo con los cuidados correspondientes, por lo que estamos felices de poder estar de vuelta en el ruedo\u201d.<\/p>\n\n\n\n<p>Asimismo, Rodr\u00edguez expres\u00f3: \u201cEstamos agradecidos, tanto al pueblo que concurre a las ferias como siempre, como tambi\u00e9n al Municipio que nos asisti\u00f3 cuando lo pedimos y habilit\u00f3 al sector con este tipo de ferias\u201d, concluy\u00f3.<\/p>\n<div class=\"sharedaddy sd-sharing-enabled\"><div class=\"robots-nocontent sd-block sd-social sd-social-icon sd-sharing\"><h3 class=\"sd-title\">Comparte esto:<\/h3><div class=\"sd-content\"><ul><li class=\"share-twitter\"><a rel=\"nofollow noopener noreferrer\" data-shared=\"sharing-twitter-21355\" class=\"share-twitter sd-button share-icon no-text\" href=\"http:\/\/www.rtvnoticias.com.ar\/?p=21355&amp;share=twitter\" target=\"_blank\" title=\"Haz clic para compartir en Twitter\"><span><\/span><span class=\"sharing-screen-reader-text\">Haz clic para compartir en Twitter (Se abre en una ventana nueva)<\/span><\/a><\/li><li class=\"share-facebook\"><a rel=\"nofollow noopener noreferrer\" data-shared=\"sharing-facebook-21355\" class=\"share-facebook sd-button share-icon no-text\" href=\"http:\/\/www.rtvnoticias.com.ar\/?p=21355&amp;share=facebook\" target=\"_blank\" title=\"Haz clic para compartir en Facebook\"><span><\/span><span class=\"sharing-screen-reader-text\">Haz clic para compartir en Facebook (Se abre en una ventana nueva)<\/span><\/a><\/li><li class=\"share-jetpack-whatsapp\"><a rel=\"nofollow noopener noreferrer\" data-shared=\"\" class=\"share-jetpack-whatsapp sd-button share-icon no-text\" href=\"http:\/\/www.rtvnoticias.com.ar\/?p=21355&amp;share=jetpack-whatsapp\" target=\"_blank\" title=\"Haz clic para compartir en WhatsApp\"><span><\/span><span class=\"sharing-screen-reader-text\">Haz clic para compartir en WhatsApp (Se abre en una ventana nueva)<\/span><\/a><\/li><li class=\"share-telegram\"><a rel=\"nofollow noopener noreferrer\" data-shared=\"\" class=\"share-telegram sd-button share-icon no-text\" href=\"http:\/\/www.rtvnoticias.com.ar\/?p=21355&amp;share=telegram\" target=\"_blank\" title=\"Haz clic para compartir en Telegram\"><span><\/span><span class=\"sharing-screen-reader-text\">Haz clic para compartir en Telegram (Se abre en una ventana nueva)<\/span><\/a><\/li><li class=\"share-end\"><\/li><\/ul><\/div><\/div><\/div>","protected":false},"excerpt":{"rendered":"<p>La Municipalidad de General Pico impuls\u00f3 este s\u00e1bado el regreso de la Feria de emprendedores y artesanos, con la participaci\u00f3n de un importante n\u00famero de<\/p>\n<div class=\"sharedaddy sd-sharing-enabled\"><div class=\"robots-nocontent sd-block sd-social sd-social-icon sd-sharing\"><h3 class=\"sd-title\">Comparte esto:<\/h3><div class=\"sd-content\"><ul><li class=\"share-twitter\"><a rel=\"nofollow noopener noreferrer\" data-shared=\"sharing-twitter-21355\" class=\"share-twitter sd-button share-icon no-text\" href=\"http:\/\/www.rtvnoticias.com.ar\/?p=21355&amp;share=twitter\" target=\"_blank\" title=\"Haz clic para compartir en Twitter\"><span><\/span><span class=\"sharing-screen-reader-text\">Haz clic para compartir en Twitter (Se abre en una ventana nueva)<\/span><\/a><\/li><li class=\"share-facebook\"><a rel=\"nofollow noopener noreferrer\" data-shared=\"sharing-facebook-21355\" class=\"share-facebook sd-button share-icon no-text\" href=\"http:\/\/www.rtvnoticias.com.ar\/?p=21355&amp;share=facebook\" target=\"_blank\" title=\"Haz clic para compartir en Facebook\"><span><\/span><span class=\"sharing-screen-reader-text\">Haz clic para compartir en Facebook (Se abre en una ventana nueva)<\/span><\/a><\/li><li class=\"share-jetpack-whatsapp\"><a rel=\"nofollow noopener noreferrer\" data-shared=\"\" class=\"share-jetpack-whatsapp sd-button share-icon no-text\" href=\"http:\/\/www.rtvnoticias.com.ar\/?p=21355&amp;share=jetpack-whatsapp\" target=\"_blank\" title=\"Haz clic para compartir en WhatsApp\"><span><\/span><span class=\"sharing-screen-reader-text\">Haz clic para compartir en WhatsApp (Se abre en una ventana nueva)<\/span><\/a><\/li><li class=\"share-telegram\"><a rel=\"nofollow noopener noreferrer\" data-shared=\"\" class=\"share-telegram sd-button share-icon no-text\" href=\"http:\/\/www.rtvnoticias.com.ar\/?p=21355&amp;share=telegram\" target=\"_blank\" title=\"Haz clic para compartir en Telegram\"><span><\/span><span class=\"sharing-screen-reader-text\">Haz clic para compartir en Telegram (Se abre en una ventana nueva)<\/span><\/a><\/li><li class=\"share-end\"><\/li><\/ul><\/div><\/div><\/div>","protected":false},"author":7,"featured_media":0,"comment_status":"closed","ping_status":"closed","sticky":false,"template":"","format":"standard","meta":{"spay_email":"","jetpack_publicize_message":"","jetpack_is_tweetstorm":false,"jetpack_publicize_feature_enabled":true},"categories":[3],"tags":[1377],"jetpack_featured_media_url":"","jetpack_publicize_connections":[],"jetpack_sharing_enabled":true,"_links":{"self":[{"href":"http:\/\/www.rtvnoticias.com.ar\/index.php?rest_route=\/wp\/v2\/posts\/21355"}],"collection":[{"href":"http:\/\/www.rtvnoticias.com.ar\/index.php?rest_route=\/wp\/v2\/posts"}],"about":[{"href":"http:\/\/www.rtvnoticias.com.ar\/index.php?rest_route=\/wp\/v2\/types\/post"}],"author":[{"embeddable":true,"href":"http:\/\/www.rtvnoticias.com.ar\/index.php?rest_route=\/wp\/v2\/users\/7"}],"replies":[{"embeddable":true,"href":"http:\/\/www.rtvnoticias.com.ar\/index.php?rest_route=%2Fwp%2Fv2%2Fcomments&post=21355"}],"version-history":[{"count":1,"href":"http:\/\/www.rtvnoticias.com.ar\/index.php?rest_route=\/wp\/v2\/posts\/21355\/revisions"}],"predecessor-version":[{"id":21359,"href":"http:\/\/www.rtvnoticias.com.ar\/index.php?rest_route=\/wp\/v2\/posts\/21355\/revisions\/21359"}],"wp:attachment":[{"href":"http:\/\/www.rtvnoticias.com.ar\/index.php?rest_route=%2Fwp%2Fv2%2Fmedia&parent=21355"}],"wp:term":[{"taxonomy":"category","embeddable":true,"href":"http:\/\/www.rtvnoticias.com.ar\/index.php?rest_route=%2Fwp%2Fv2%2Fcategories&post=21355"},{"taxonomy":"post_tag","embeddable":true,"href":"http:\/\/www.rtvnoticias.com.ar\/index.php?rest_route=%2Fwp%2Fv2%2Ftags&post=21355"}],"curies":[{"name":"wp","href":"https:\/\/api.w.org\/{rel}","templated":true}]}}