{"id":21368,"date":"2020-06-08T15:58:46","date_gmt":"2020-06-08T18:58:46","guid":{"rendered":"http:\/\/www.rtvnoticias.com.ar\/?p=21368"},"modified":"2020-06-08T15:59:47","modified_gmt":"2020-06-08T18:59:47","slug":"reabrio-planta-de-transferencia-de-residuos-que-funciona-de-9-a-18-horas-todos-los-dias","status":"publish","type":"post","link":"http:\/\/www.rtvnoticias.com.ar\/?p=21368","title":{"rendered":"Reabri\u00f3 planta  transferencia de residuos y funciona de 9 a 18 horas todos los d\u00edas"},"content":{"rendered":"\n<p>En el marco del Plan de Gesti\u00f3n Integral de Residuos S\u00f3lidos Urbanos de General Pico, la intendenta Fernanda Alonso encabez\u00f3 el acto de reapertura de la Estaci\u00f3n de Transferencia de la ciudad, la cual funcionar\u00e1 todos los d\u00edas de 9 a 18 horas.<\/p>\n\n\n\n<p>Dicha actividad tuvo lugar en la sede de la planta de residuos, de calle 44 y Avenida Circunvalaci\u00f3n, donde junto a la mandataria Alonso, se present\u00f3 el viceintendente, Daniel L\u00f3pez, y los secretarios de Ambiente, Alberto Campo; Desarrollo Social, Daniela Cabrino; Gobierno, Pablo Pildan y Econom\u00eda, Luis Anconetani. Acompa\u00f1aron adem\u00e1s, directores municipales y ediles del Concejo Deliberante, como tambi\u00e9n as\u00ed trabajadores de la Cooperativa Don Alberto.<\/p>\n\n\n\n<p>Fernanda Alonso dio la bienvenida a los presentes, y destac\u00f3 que en este mes, donde se conmemor\u00f3 el D\u00eda Mundial del Ambiente, el municipio finaliz\u00f3 la obra que propuso refaccionar y optimizar la Estaci\u00f3n de Transferencia de la ciudad.&nbsp;<\/p>\n\n\n\n<p>\u201cEsto surgi\u00f3 como parte del Plan de Gesti\u00f3n Integral de Residuos S\u00f3lidos Urbanos de General Pico, que venimos desarrollamos desde el comienzo de la gesti\u00f3n. Hemos hecho algunos cambios, que tiene que ver con el estudio sobre generaci\u00f3n y composici\u00f3n de los RSU efectuado en el 2019, que junto a las recomendaciones emitidas por la consultora EUSKAL, pudimos concluir y sentar las bases para el proyecto de renovaci\u00f3n de esta instalaci\u00f3n, clave para nuestra ciudad. Hoy la ponemos de nuevo a disposici\u00f3n de todos los vecinos y vecinas\u201d, destac\u00f3 Alonso.&nbsp;<\/p>\n\n\n\n<p>La intendenta expres\u00f3 que buscan que la ciudadan\u00eda compruebe que los residuos clasificados dejan de ser basura, para convertirse en recursos mientras disminuye el impacto que tienen en el entorno y en la salud de todos.:\u201cLa disposici\u00f3n clasificada&nbsp; de los residuos reciclables, fue un pedido de los vecinos que est\u00e1n dispuestos a separar dichos materiales en sus domicilios. Por tal motivo, no solo incorporamos algunos cambios, sino tambi\u00e9n a la Cooperativa Don Alberto, porque durante la pandemia no han podido hacer el tratamiento de los residuos. Entonces, ahora, como nuestra condici\u00f3n epidemiol\u00f3gica nos lo permite, el personal ser\u00e1 incorporado para tratar nuevamente los residuos reciclables para su venta posterior y evitar as\u00ed, que lleguen a disposici\u00f3n final. Esta es la particularidad que tendr\u00e1 \u00e9ste centro\u201d.<\/p>\n\n\n\n<p><strong>Ampliaci\u00f3n y nueva sede&nbsp;<\/strong><\/p>\n\n\n\n<p>Por otra parte, la titular del Ejecutivo local adelant\u00f3 que \u201cEstamos trabajando en una ampliaci\u00f3n que fue presentada como parte de los proyectos de Argentina Hace, donde a este mismo predio se agregaran otros dep\u00f3sitos que tienen que ver con acopio de residuos peligrosos\u201d, estableci\u00f3.<\/p>\n\n\n\n<p>\u201cTambi\u00e9n estamos orgullosos de anunciar que dentro del mismo programa Argentina Hace, lograremos una r\u00e9plica de esta Estaci\u00f3n de Transferencia en la zona sur de la ciudad. All\u00ed tenemos hoy funcionando la Planta de Asfalto y compartir\u00e1 espacio con este nuevo proyecto, a ra\u00edz del mencionado estudio que realiz\u00f3 la consultora EUSKAL donde las mediciones realizadas arrojaron como dato llamativo que se generan diariamente en la Estaci\u00f3n de Transferencia casi 40 toneladas de RSU, mientras que la recolecci\u00f3n domiciliaria aporta 35 toneladas diarias aproximadamente. Entre ambas fuentes de generaci\u00f3n comprenden el volumen m\u00e1s significativo de las 90 toneladas diarias aproximadas que se generan en la ciudad. De esta forma, analizamos las modificaciones a realizar sustentadas bases t\u00e9cnicas y la enorme valoraci\u00f3n que existe entre los vecinos hacia este lugar, ya que el 99% de los mismos dijo utilizarla con mucha frecuencia y que realmente estaban dispuestos a clasificar sus residuos, mantener el orden y la limpieza de la instalaci\u00f3n\u201d, continu\u00f3 especificando Alonso.<\/p>\n\n\n\n<p>Es importante recordar que en el marco del decreto de aislamiento social, preventivo y obligatorio, la Estaci\u00f3n de Transferencia se cerr\u00f3 para evitar la circulaci\u00f3n de la poblaci\u00f3n y se decidi\u00f3 aprovechar esta etapa para trabajar en las obras.&nbsp;<\/p>\n\n\n\n<p>La remodelaci\u00f3n contempla tres etapas de las cuales esta es la primera, que abarc\u00f3 la reparaci\u00f3n del play\u00f3n de descarga, pintura, sectorizaci\u00f3n de residuos, nueva imagen y carteler\u00eda, adem\u00e1s de reforma de las oficinas para los operarios. La segunda etapa incluir\u00e1 la construcci\u00f3n de sectores de acopio para residuos especiales y peligrosos domiciliarios, en tanto que la tercera y \u00faltima ser\u00e1 asfaltar el acceso y caminos internos.&nbsp;<\/p>\n\n\n\n<p>\u201cAc\u00e1 se concluye el trabajo de dos Secretar\u00edas, la Planificaci\u00f3n y Gesti\u00f3n Urbana, y la de Ambiente y Servicios P\u00fablicos que han trabajado juntos para hoy poder disfrutar de este lugar refaccionado. Pretendemos seguir cuid\u00e1ndonos y preservando la condici\u00f3n epidemiol\u00f3gica actual, por lo cual solicitamos a los vecinos y vecinas que cuando salgan a traer sus residuos, lo hagan con conciencia social\u201d, concluy\u00f3 la intendenta.&nbsp;<\/p>\n\n\n\n<p><strong>D\u00edas y horarios<\/strong><\/p>\n\n\n\n<p>La Estaci\u00f3n de Transferencia de residuos s\u00f3lidos y urbanos estar\u00e1 abierta de lunes a lunes, de 09 a 18 horas. Los ciudadanos que concurran deber\u00e1n llevar separados en origen los residuos domiciliarios de tipo seco o reciclable, de forma limpia y seca en bolsas diferenciadas.<\/p>\n<div class=\"sharedaddy sd-sharing-enabled\"><div class=\"robots-nocontent sd-block sd-social sd-social-icon sd-sharing\"><h3 class=\"sd-title\">Comparte esto:<\/h3><div class=\"sd-content\"><ul><li class=\"share-twitter\"><a rel=\"nofollow noopener noreferrer\" data-shared=\"sharing-twitter-21368\" class=\"share-twitter sd-button share-icon no-text\" href=\"http:\/\/www.rtvnoticias.com.ar\/?p=21368&amp;share=twitter\" target=\"_blank\" title=\"Haz clic para compartir en Twitter\"><span><\/span><span class=\"sharing-screen-reader-text\">Haz clic para compartir en Twitter (Se abre en una ventana nueva)<\/span><\/a><\/li><li class=\"share-facebook\"><a rel=\"nofollow noopener noreferrer\" data-shared=\"sharing-facebook-21368\" class=\"share-facebook sd-button share-icon no-text\" href=\"http:\/\/www.rtvnoticias.com.ar\/?p=21368&amp;share=facebook\" target=\"_blank\" title=\"Haz clic para compartir en Facebook\"><span><\/span><span class=\"sharing-screen-reader-text\">Haz clic para compartir en Facebook (Se abre en una ventana nueva)<\/span><\/a><\/li><li class=\"share-jetpack-whatsapp\"><a rel=\"nofollow noopener noreferrer\" data-shared=\"\" class=\"share-jetpack-whatsapp sd-button share-icon no-text\" href=\"http:\/\/www.rtvnoticias.com.ar\/?p=21368&amp;share=jetpack-whatsapp\" target=\"_blank\" title=\"Haz clic para compartir en WhatsApp\"><span><\/span><span class=\"sharing-screen-reader-text\">Haz clic para compartir en WhatsApp (Se abre en una ventana nueva)<\/span><\/a><\/li><li class=\"share-telegram\"><a rel=\"nofollow noopener noreferrer\" data-shared=\"\" class=\"share-telegram sd-button share-icon no-text\" href=\"http:\/\/www.rtvnoticias.com.ar\/?p=21368&amp;share=telegram\" target=\"_blank\" title=\"Haz clic para compartir en Telegram\"><span><\/span><span class=\"sharing-screen-reader-text\">Haz clic para compartir en Telegram (Se abre en una ventana nueva)<\/span><\/a><\/li><li class=\"share-end\"><\/li><\/ul><\/div><\/div><\/div>","protected":false},"excerpt":{"rendered":"<p>En el marco del Plan de Gesti\u00f3n Integral de Residuos S\u00f3lidos Urbanos de General Pico, la intendenta Fernanda Alonso encabez\u00f3 el acto de reapertura de<\/p>\n<div class=\"sharedaddy sd-sharing-enabled\"><div class=\"robots-nocontent sd-block sd-social sd-social-icon sd-sharing\"><h3 class=\"sd-title\">Comparte esto:<\/h3><div class=\"sd-content\"><ul><li class=\"share-twitter\"><a rel=\"nofollow noopener noreferrer\" data-shared=\"sharing-twitter-21368\" class=\"share-twitter sd-button share-icon no-text\" href=\"http:\/\/www.rtvnoticias.com.ar\/?p=21368&amp;share=twitter\" target=\"_blank\" title=\"Haz clic para compartir en Twitter\"><span><\/span><span class=\"sharing-screen-reader-text\">Haz clic para compartir en Twitter (Se abre en una ventana nueva)<\/span><\/a><\/li><li class=\"share-facebook\"><a rel=\"nofollow noopener noreferrer\" data-shared=\"sharing-facebook-21368\" class=\"share-facebook sd-button share-icon no-text\" href=\"http:\/\/www.rtvnoticias.com.ar\/?p=21368&amp;share=facebook\" target=\"_blank\" title=\"Haz clic para compartir en Facebook\"><span><\/span><span class=\"sharing-screen-reader-text\">Haz clic para compartir en Facebook (Se abre en una ventana nueva)<\/span><\/a><\/li><li class=\"share-jetpack-whatsapp\"><a rel=\"nofollow noopener noreferrer\" data-shared=\"\" class=\"share-jetpack-whatsapp sd-button share-icon no-text\" href=\"http:\/\/www.rtvnoticias.com.ar\/?p=21368&amp;share=jetpack-whatsapp\" target=\"_blank\" title=\"Haz clic para compartir en WhatsApp\"><span><\/span><span class=\"sharing-screen-reader-text\">Haz clic para compartir en WhatsApp (Se abre en una ventana nueva)<\/span><\/a><\/li><li class=\"share-telegram\"><a rel=\"nofollow noopener noreferrer\" data-shared=\"\" class=\"share-telegram sd-button share-icon no-text\" href=\"http:\/\/www.rtvnoticias.com.ar\/?p=21368&amp;share=telegram\" target=\"_blank\" title=\"Haz clic para compartir en Telegram\"><span><\/span><span class=\"sharing-screen-reader-text\">Haz clic para compartir en Telegram (Se abre en una ventana nueva)<\/span><\/a><\/li><li class=\"share-end\"><\/li><\/ul><\/div><\/div><\/div>","protected":false},"author":5,"featured_media":21369,"comment_status":"closed","ping_status":"closed","sticky":false,"template":"","format":"standard","meta":{"spay_email":"","jetpack_publicize_message":"","jetpack_is_tweetstorm":false,"jetpack_publicize_feature_enabled":true},"categories":[3,1],"tags":[3317],"jetpack_featured_media_url":"http:\/\/www.rtvnoticias.com.ar\/wp-content\/uploads\/2020\/06\/alonso-transferencia.jpg","jetpack_publicize_connections":[],"jetpack_sharing_enabled":true,"_links":{"self":[{"href":"http:\/\/www.rtvnoticias.com.ar\/index.php?rest_route=\/wp\/v2\/posts\/21368"}],"collection":[{"href":"http:\/\/www.rtvnoticias.com.ar\/index.php?rest_route=\/wp\/v2\/posts"}],"about":[{"href":"http:\/\/www.rtvnoticias.com.ar\/index.php?rest_route=\/wp\/v2\/types\/post"}],"author":[{"embeddable":true,"href":"http:\/\/www.rtvnoticias.com.ar\/index.php?rest_route=\/wp\/v2\/users\/5"}],"replies":[{"embeddable":true,"href":"http:\/\/www.rtvnoticias.com.ar\/index.php?rest_route=%2Fwp%2Fv2%2Fcomments&post=21368"}],"version-history":[{"count":2,"href":"http:\/\/www.rtvnoticias.com.ar\/index.php?rest_route=\/wp\/v2\/posts\/21368\/revisions"}],"predecessor-version":[{"id":21371,"href":"http:\/\/www.rtvnoticias.com.ar\/index.php?rest_route=\/wp\/v2\/posts\/21368\/revisions\/21371"}],"wp:featuredmedia":[{"embeddable":true,"href":"http:\/\/www.rtvnoticias.com.ar\/index.php?rest_route=\/wp\/v2\/media\/21369"}],"wp:attachment":[{"href":"http:\/\/www.rtvnoticias.com.ar\/index.php?rest_route=%2Fwp%2Fv2%2Fmedia&parent=21368"}],"wp:term":[{"taxonomy":"category","embeddable":true,"href":"http:\/\/www.rtvnoticias.com.ar\/index.php?rest_route=%2Fwp%2Fv2%2Fcategories&post=21368"},{"taxonomy":"post_tag","embeddable":true,"href":"http:\/\/www.rtvnoticias.com.ar\/index.php?rest_route=%2Fwp%2Fv2%2Ftags&post=21368"}],"curies":[{"name":"wp","href":"https:\/\/api.w.org\/{rel}","templated":true}]}}