{"id":21376,"date":"2020-06-08T16:16:13","date_gmt":"2020-06-08T19:16:13","guid":{"rendered":"http:\/\/www.rtvnoticias.com.ar\/?p=21376"},"modified":"2020-06-08T16:16:18","modified_gmt":"2020-06-08T19:16:18","slug":"la-pampa-comenzo-con-el-distanciamiento-social","status":"publish","type":"post","link":"http:\/\/www.rtvnoticias.com.ar\/?p=21376","title":{"rendered":"La Pampa comenz\u00f3 con el distanciamiento social"},"content":{"rendered":"\n<p>El gobernador \u00a0Sergio Ziliotto emiti\u00f3 un decreto adecuando la flexibilizaci\u00f3n de la cuarentena al DNU del Gobierno Nacional, en el que se implementan los anuncios formulados por el presidente Alberto Fern\u00e1ndez el pasado jueves. Las actividades econ\u00f3micas, industriales, comerciales, de servicio, deportivas, art\u00edsticas y sociales que hasta el momento no se han habilitado, ser\u00e1n puestas en funcionamiento en los pr\u00f3ximos d\u00edas. <\/p>\n\n\n\n<p>El mismo establece que las personas residentes en los distintos distritos de la Provincia \u201cpodr\u00e1n circular sin restricciones en el \u00e1mbito de sus respectivos departamentos, debiendo mantener entre ellas una distancia m\u00ednima de dos metros, utilizar tapabocas en espacios compartidos de conformidad a la normativa provincial, higienizar asiduamente las manos, toser en el pliegue del codo, desinfectar las superficies y ventilar los ambientes\u201d.<\/p>\n\n\n\n<p>Asimismo ratifica la vigencia de los protocolos con d\u00edas y horarios, \u00a0de funcionamiento,\u00a0 sanitarios y epidemiol\u00f3gicos \u201caplicados a las actividades econ\u00f3micas, industriales, comerciales o de servicios ya habilitadas hasta la fecha, en el marco del Aislamiento Social, Preventivo y Obligatorio\u201d.<\/p>\n\n\n\n<p>En el art\u00edculo tres del decreto se especifica que las actividades econ\u00f3micas, industriales, comerciales, de servicio, deportivas, art\u00edsticas y sociales que hasta el momento no se han habilitado, ser\u00e1n puestas en funcionamiento en los pr\u00f3ximos d\u00edas, \u201cprevio al establecimiento de los protocolos de funcionamiento sanitarios y epidemiol\u00f3gicos -particulares o generales- que la autoridad Sanitaria Provincial establezca de conformidad con el procedimiento utilizado a la fecha\u201d.<\/p>\n\n\n\n<p>La norma dispone que a los fines de ir previendo su autorizaci\u00f3n, \u201clos Jefes de Jurisdicci\u00f3n Presupuestaria de la Administraci\u00f3n Provincial, Entes Aut\u00e1rquicos y Descentralizados deber\u00e1n readecuar los lugares de trabajo del personal dependiente de su jurisdicci\u00f3n de conformidad con las normas que se establecen en el DNU\u201d.<\/p>\n\n\n\n<p>Tambi\u00e9n invita a las autoridades municipales y comunales de la provincia\u00a0 a aplicar la misma decisi\u00f3n\u00a0 para la administraci\u00f3n\u00a0 municipal, para lo cual deber\u00e1n elaborar\u00a0 protocolos de funcionamiento sanitario\u00a0 y epidemiol\u00f3gico que deber\u00e1n ser informados previamente a la Autoridad Sanitaria Provincial.<\/p>\n\n\n\n<p>Finalmente establece la \u201cdispensa del deber de asistencia al lugar de trabajo\u201d a las y los trabajadores \u201cmayores de 60 a\u00f1os de edad, embarazadas o incluidas en los grupos de riesgo seg\u00fan fueran definidos por el ministerio de Salud de la Naci\u00f3n, y a aquellos cuya presencia en el hogar resulte indispensable para el cuidado de ni\u00f1as, ni\u00f1os y adolescentes\u201d.<\/p>\n\n\n\n<p>LINK DE ACCESO AL DECRETO:&nbsp;<br><a href=\"https:\/\/www.lapampa.gob.ar\/images\/Archivos\/BoletinOficial\/2020\/Sep3417.pdf\">https:\/\/www.lapampa.gob.ar\/images\/Archivos\/BoletinOficial\/2020\/Sep3417.pdf<\/a><br><br><\/p>\n<div class=\"sharedaddy sd-sharing-enabled\"><div class=\"robots-nocontent sd-block sd-social sd-social-icon sd-sharing\"><h3 class=\"sd-title\">Comparte esto:<\/h3><div class=\"sd-content\"><ul><li class=\"share-twitter\"><a rel=\"nofollow noopener noreferrer\" data-shared=\"sharing-twitter-21376\" class=\"share-twitter sd-button share-icon no-text\" href=\"http:\/\/www.rtvnoticias.com.ar\/?p=21376&amp;share=twitter\" target=\"_blank\" title=\"Haz clic para compartir en Twitter\"><span><\/span><span class=\"sharing-screen-reader-text\">Haz clic para compartir en Twitter (Se abre en una ventana nueva)<\/span><\/a><\/li><li class=\"share-facebook\"><a rel=\"nofollow noopener noreferrer\" data-shared=\"sharing-facebook-21376\" class=\"share-facebook sd-button share-icon no-text\" href=\"http:\/\/www.rtvnoticias.com.ar\/?p=21376&amp;share=facebook\" target=\"_blank\" title=\"Haz clic para compartir en Facebook\"><span><\/span><span class=\"sharing-screen-reader-text\">Haz clic para compartir en Facebook (Se abre en una ventana nueva)<\/span><\/a><\/li><li class=\"share-jetpack-whatsapp\"><a rel=\"nofollow noopener noreferrer\" data-shared=\"\" class=\"share-jetpack-whatsapp sd-button share-icon no-text\" href=\"http:\/\/www.rtvnoticias.com.ar\/?p=21376&amp;share=jetpack-whatsapp\" target=\"_blank\" title=\"Haz clic para compartir en WhatsApp\"><span><\/span><span class=\"sharing-screen-reader-text\">Haz clic para compartir en WhatsApp (Se abre en una ventana nueva)<\/span><\/a><\/li><li class=\"share-telegram\"><a rel=\"nofollow noopener noreferrer\" data-shared=\"\" class=\"share-telegram sd-button share-icon no-text\" href=\"http:\/\/www.rtvnoticias.com.ar\/?p=21376&amp;share=telegram\" target=\"_blank\" title=\"Haz clic para compartir en Telegram\"><span><\/span><span class=\"sharing-screen-reader-text\">Haz clic para compartir en Telegram (Se abre en una ventana nueva)<\/span><\/a><\/li><li class=\"share-end\"><\/li><\/ul><\/div><\/div><\/div>","protected":false},"excerpt":{"rendered":"<p>El gobernador \u00a0Sergio Ziliotto emiti\u00f3 un decreto adecuando la flexibilizaci\u00f3n de la cuarentena al DNU del Gobierno Nacional, en el que se implementan los anuncios<\/p>\n<div class=\"sharedaddy sd-sharing-enabled\"><div class=\"robots-nocontent sd-block sd-social sd-social-icon sd-sharing\"><h3 class=\"sd-title\">Comparte esto:<\/h3><div class=\"sd-content\"><ul><li class=\"share-twitter\"><a rel=\"nofollow noopener noreferrer\" data-shared=\"sharing-twitter-21376\" class=\"share-twitter sd-button share-icon no-text\" href=\"http:\/\/www.rtvnoticias.com.ar\/?p=21376&amp;share=twitter\" target=\"_blank\" title=\"Haz clic para compartir en Twitter\"><span><\/span><span class=\"sharing-screen-reader-text\">Haz clic para compartir en Twitter (Se abre en una ventana nueva)<\/span><\/a><\/li><li class=\"share-facebook\"><a rel=\"nofollow noopener noreferrer\" data-shared=\"sharing-facebook-21376\" class=\"share-facebook sd-button share-icon no-text\" href=\"http:\/\/www.rtvnoticias.com.ar\/?p=21376&amp;share=facebook\" target=\"_blank\" title=\"Haz clic para compartir en Facebook\"><span><\/span><span class=\"sharing-screen-reader-text\">Haz clic para compartir en Facebook (Se abre en una ventana nueva)<\/span><\/a><\/li><li class=\"share-jetpack-whatsapp\"><a rel=\"nofollow noopener noreferrer\" data-shared=\"\" class=\"share-jetpack-whatsapp sd-button share-icon no-text\" href=\"http:\/\/www.rtvnoticias.com.ar\/?p=21376&amp;share=jetpack-whatsapp\" target=\"_blank\" title=\"Haz clic para compartir en WhatsApp\"><span><\/span><span class=\"sharing-screen-reader-text\">Haz clic para compartir en WhatsApp (Se abre en una ventana nueva)<\/span><\/a><\/li><li class=\"share-telegram\"><a rel=\"nofollow noopener noreferrer\" data-shared=\"\" class=\"share-telegram sd-button share-icon no-text\" href=\"http:\/\/www.rtvnoticias.com.ar\/?p=21376&amp;share=telegram\" target=\"_blank\" title=\"Haz clic para compartir en Telegram\"><span><\/span><span class=\"sharing-screen-reader-text\">Haz clic para compartir en Telegram (Se abre en una ventana nueva)<\/span><\/a><\/li><li class=\"share-end\"><\/li><\/ul><\/div><\/div><\/div>","protected":false},"author":5,"featured_media":21377,"comment_status":"closed","ping_status":"closed","sticky":false,"template":"","format":"standard","meta":{"spay_email":"","jetpack_publicize_message":"","jetpack_is_tweetstorm":false,"jetpack_publicize_feature_enabled":true},"categories":[4],"tags":[3319],"jetpack_featured_media_url":"http:\/\/www.rtvnoticias.com.ar\/wp-content\/uploads\/2020\/06\/caminata.jpg","jetpack_publicize_connections":[],"jetpack_sharing_enabled":true,"_links":{"self":[{"href":"http:\/\/www.rtvnoticias.com.ar\/index.php?rest_route=\/wp\/v2\/posts\/21376"}],"collection":[{"href":"http:\/\/www.rtvnoticias.com.ar\/index.php?rest_route=\/wp\/v2\/posts"}],"about":[{"href":"http:\/\/www.rtvnoticias.com.ar\/index.php?rest_route=\/wp\/v2\/types\/post"}],"author":[{"embeddable":true,"href":"http:\/\/www.rtvnoticias.com.ar\/index.php?rest_route=\/wp\/v2\/users\/5"}],"replies":[{"embeddable":true,"href":"http:\/\/www.rtvnoticias.com.ar\/index.php?rest_route=%2Fwp%2Fv2%2Fcomments&post=21376"}],"version-history":[{"count":1,"href":"http:\/\/www.rtvnoticias.com.ar\/index.php?rest_route=\/wp\/v2\/posts\/21376\/revisions"}],"predecessor-version":[{"id":21378,"href":"http:\/\/www.rtvnoticias.com.ar\/index.php?rest_route=\/wp\/v2\/posts\/21376\/revisions\/21378"}],"wp:featuredmedia":[{"embeddable":true,"href":"http:\/\/www.rtvnoticias.com.ar\/index.php?rest_route=\/wp\/v2\/media\/21377"}],"wp:attachment":[{"href":"http:\/\/www.rtvnoticias.com.ar\/index.php?rest_route=%2Fwp%2Fv2%2Fmedia&parent=21376"}],"wp:term":[{"taxonomy":"category","embeddable":true,"href":"http:\/\/www.rtvnoticias.com.ar\/index.php?rest_route=%2Fwp%2Fv2%2Fcategories&post=21376"},{"taxonomy":"post_tag","embeddable":true,"href":"http:\/\/www.rtvnoticias.com.ar\/index.php?rest_route=%2Fwp%2Fv2%2Ftags&post=21376"}],"curies":[{"name":"wp","href":"https:\/\/api.w.org\/{rel}","templated":true}]}}