{"id":21392,"date":"2020-06-09T16:17:34","date_gmt":"2020-06-09T19:17:34","guid":{"rendered":"http:\/\/www.rtvnoticias.com.ar\/?p=21392"},"modified":"2020-06-09T16:17:38","modified_gmt":"2020-06-09T19:17:38","slug":"acto-homenaje-al-tte-cnel-adolfo-philippeaux","status":"publish","type":"post","link":"http:\/\/www.rtvnoticias.com.ar\/?p=21392","title":{"rendered":"Acto homenaje al Tte. Cnel. Adolfo Philippeaux"},"content":{"rendered":"\n<p>Esta ma\u00f1ana en el cementerio de la ciudad de General Pico, autoridades municipales y castrenses, recordaron el inicio de la Revoluci\u00f3n de 1956, encabezada por el General Valle, y en la cual tuvo destacad\u00edsima actuaci\u00f3n el Tte. Cnel. Adolfo C\u00e9sar Philippeaux, cuyos restos descansan en la necr\u00f3polis local.<\/p>\n\n\n\n<p>Funcionarios municipales, encabezados por la intendenta Fernanda Alonso, concejales, jefes militares y policiales, representantes de instituciones intermedias y admiradores de la trayectoria del teniente coronel Philippeaux, se dieron cita esta ma\u00f1ana, para rendirle un nuevo homenaje p\u00f3stumo.<\/p>\n\n\n\n<p>Tras entonar las estrofas del Himno Nacional Argentino, el doctor Marquesoni dio lectura a una carta enviada por la esposa de Philippeaux, Virginia del Valle Mart\u00ednez:<\/p>\n\n\n\n<p>\u201cSiento una gran emoci\u00f3n de que puedan rendir homenaje a todos los revolucionarios del 9 de junio del &#8217;56, una revoluci\u00f3n que busc\u00f3 devolver al pueblo los derechos conculcados, por la antipatria. Una revoluci\u00f3n encabezada por el teniente general Juan Jos\u00e9 Valle, vilmente fusilado el 12 de junio del &#8217;56\u201d<\/p>\n\n\n\n<p>\u201cMi emoci\u00f3n es mayor a\u00fan, porque realizan este homenaje donde descansa mi amado esposo, gracias a vuestra enorme generosidad. Sepan que siempre los llevo en mi coraz\u00f3n y siempre estar\u00e9 agradecida por haber dado a \u201cCacho\u201d, sobrenombre del teniente coronel, un lugar entre ustedes, para siempre, donde \u00e9l quer\u00eda descansar cuando Dios lo convocara junto a \u00e9l.<\/p>\n\n\n\n<p>\u201cLlevaremos a la victoria los anhelos de tan grande patriota para lograr una patria pol\u00edticamente libre, socialmente justa y econ\u00f3micamente soberana como quer\u00eda el General Per\u00f3n y nuestra querida Evita\u201d.<\/p>\n\n\n\n<p>Para finalizar la breve ceremonia, la intendenta municipal, Fernanda Alonso, junto a Jorge Tebes, presidente de la Unidad B\u00e1sica local y el Dr. Eduardo Marquesoni, procedieron a la colocaci\u00f3n de una ofrenda floral en el mausoleo, para luego realizar un minuto de silencio en la memoria del extinto militar de extracci\u00f3n peronista.<\/p>\n<div class=\"sharedaddy sd-sharing-enabled\"><div class=\"robots-nocontent sd-block sd-social sd-social-icon sd-sharing\"><h3 class=\"sd-title\">Comparte esto:<\/h3><div class=\"sd-content\"><ul><li class=\"share-twitter\"><a rel=\"nofollow noopener noreferrer\" data-shared=\"sharing-twitter-21392\" class=\"share-twitter sd-button share-icon no-text\" href=\"http:\/\/www.rtvnoticias.com.ar\/?p=21392&amp;share=twitter\" target=\"_blank\" title=\"Haz clic para compartir en Twitter\"><span><\/span><span class=\"sharing-screen-reader-text\">Haz clic para compartir en Twitter (Se abre en una ventana nueva)<\/span><\/a><\/li><li class=\"share-facebook\"><a rel=\"nofollow noopener noreferrer\" data-shared=\"sharing-facebook-21392\" class=\"share-facebook sd-button share-icon no-text\" href=\"http:\/\/www.rtvnoticias.com.ar\/?p=21392&amp;share=facebook\" target=\"_blank\" title=\"Haz clic para compartir en Facebook\"><span><\/span><span class=\"sharing-screen-reader-text\">Haz clic para compartir en Facebook (Se abre en una ventana nueva)<\/span><\/a><\/li><li class=\"share-jetpack-whatsapp\"><a rel=\"nofollow noopener noreferrer\" data-shared=\"\" class=\"share-jetpack-whatsapp sd-button share-icon no-text\" href=\"http:\/\/www.rtvnoticias.com.ar\/?p=21392&amp;share=jetpack-whatsapp\" target=\"_blank\" title=\"Haz clic para compartir en WhatsApp\"><span><\/span><span class=\"sharing-screen-reader-text\">Haz clic para compartir en WhatsApp (Se abre en una ventana nueva)<\/span><\/a><\/li><li class=\"share-telegram\"><a rel=\"nofollow noopener noreferrer\" data-shared=\"\" class=\"share-telegram sd-button share-icon no-text\" href=\"http:\/\/www.rtvnoticias.com.ar\/?p=21392&amp;share=telegram\" target=\"_blank\" title=\"Haz clic para compartir en Telegram\"><span><\/span><span class=\"sharing-screen-reader-text\">Haz clic para compartir en Telegram (Se abre en una ventana nueva)<\/span><\/a><\/li><li class=\"share-end\"><\/li><\/ul><\/div><\/div><\/div>","protected":false},"excerpt":{"rendered":"<p>Esta ma\u00f1ana en el cementerio de la ciudad de General Pico, autoridades municipales y castrenses, recordaron el inicio de la Revoluci\u00f3n de 1956, encabezada por<\/p>\n<div class=\"sharedaddy sd-sharing-enabled\"><div class=\"robots-nocontent sd-block sd-social sd-social-icon sd-sharing\"><h3 class=\"sd-title\">Comparte esto:<\/h3><div class=\"sd-content\"><ul><li class=\"share-twitter\"><a rel=\"nofollow noopener noreferrer\" data-shared=\"sharing-twitter-21392\" class=\"share-twitter sd-button share-icon no-text\" href=\"http:\/\/www.rtvnoticias.com.ar\/?p=21392&amp;share=twitter\" target=\"_blank\" title=\"Haz clic para compartir en Twitter\"><span><\/span><span class=\"sharing-screen-reader-text\">Haz clic para compartir en Twitter (Se abre en una ventana nueva)<\/span><\/a><\/li><li class=\"share-facebook\"><a rel=\"nofollow noopener noreferrer\" data-shared=\"sharing-facebook-21392\" class=\"share-facebook sd-button share-icon no-text\" href=\"http:\/\/www.rtvnoticias.com.ar\/?p=21392&amp;share=facebook\" target=\"_blank\" title=\"Haz clic para compartir en Facebook\"><span><\/span><span class=\"sharing-screen-reader-text\">Haz clic para compartir en Facebook (Se abre en una ventana nueva)<\/span><\/a><\/li><li class=\"share-jetpack-whatsapp\"><a rel=\"nofollow noopener noreferrer\" data-shared=\"\" class=\"share-jetpack-whatsapp sd-button share-icon no-text\" href=\"http:\/\/www.rtvnoticias.com.ar\/?p=21392&amp;share=jetpack-whatsapp\" target=\"_blank\" title=\"Haz clic para compartir en WhatsApp\"><span><\/span><span class=\"sharing-screen-reader-text\">Haz clic para compartir en WhatsApp (Se abre en una ventana nueva)<\/span><\/a><\/li><li class=\"share-telegram\"><a rel=\"nofollow noopener noreferrer\" data-shared=\"\" class=\"share-telegram sd-button share-icon no-text\" href=\"http:\/\/www.rtvnoticias.com.ar\/?p=21392&amp;share=telegram\" target=\"_blank\" title=\"Haz clic para compartir en Telegram\"><span><\/span><span class=\"sharing-screen-reader-text\">Haz clic para compartir en Telegram (Se abre en una ventana nueva)<\/span><\/a><\/li><li class=\"share-end\"><\/li><\/ul><\/div><\/div><\/div>","protected":false},"author":7,"featured_media":21393,"comment_status":"closed","ping_status":"closed","sticky":false,"template":"","format":"standard","meta":{"spay_email":"","jetpack_publicize_message":"","jetpack_is_tweetstorm":false,"jetpack_publicize_feature_enabled":true},"categories":[3],"tags":[],"jetpack_featured_media_url":"http:\/\/www.rtvnoticias.com.ar\/wp-content\/uploads\/2020\/06\/acto.jpg","jetpack_publicize_connections":[],"jetpack_sharing_enabled":true,"_links":{"self":[{"href":"http:\/\/www.rtvnoticias.com.ar\/index.php?rest_route=\/wp\/v2\/posts\/21392"}],"collection":[{"href":"http:\/\/www.rtvnoticias.com.ar\/index.php?rest_route=\/wp\/v2\/posts"}],"about":[{"href":"http:\/\/www.rtvnoticias.com.ar\/index.php?rest_route=\/wp\/v2\/types\/post"}],"author":[{"embeddable":true,"href":"http:\/\/www.rtvnoticias.com.ar\/index.php?rest_route=\/wp\/v2\/users\/7"}],"replies":[{"embeddable":true,"href":"http:\/\/www.rtvnoticias.com.ar\/index.php?rest_route=%2Fwp%2Fv2%2Fcomments&post=21392"}],"version-history":[{"count":1,"href":"http:\/\/www.rtvnoticias.com.ar\/index.php?rest_route=\/wp\/v2\/posts\/21392\/revisions"}],"predecessor-version":[{"id":21394,"href":"http:\/\/www.rtvnoticias.com.ar\/index.php?rest_route=\/wp\/v2\/posts\/21392\/revisions\/21394"}],"wp:featuredmedia":[{"embeddable":true,"href":"http:\/\/www.rtvnoticias.com.ar\/index.php?rest_route=\/wp\/v2\/media\/21393"}],"wp:attachment":[{"href":"http:\/\/www.rtvnoticias.com.ar\/index.php?rest_route=%2Fwp%2Fv2%2Fmedia&parent=21392"}],"wp:term":[{"taxonomy":"category","embeddable":true,"href":"http:\/\/www.rtvnoticias.com.ar\/index.php?rest_route=%2Fwp%2Fv2%2Fcategories&post=21392"},{"taxonomy":"post_tag","embeddable":true,"href":"http:\/\/www.rtvnoticias.com.ar\/index.php?rest_route=%2Fwp%2Fv2%2Ftags&post=21392"}],"curies":[{"name":"wp","href":"https:\/\/api.w.org\/{rel}","templated":true}]}}