{"id":21395,"date":"2020-06-09T16:23:18","date_gmt":"2020-06-09T19:23:18","guid":{"rendered":"http:\/\/www.rtvnoticias.com.ar\/?p=21395"},"modified":"2020-06-09T16:23:19","modified_gmt":"2020-06-09T19:23:19","slug":"alonso-anuncio-la-ampliacion-del-parque-industrial","status":"publish","type":"post","link":"http:\/\/www.rtvnoticias.com.ar\/?p=21395","title":{"rendered":"Alonso anunci\u00f3 la ampliaci\u00f3n del Parque Industrial"},"content":{"rendered":"\n<p>Esta ma\u00f1ana, la intendenta Fernanda Alonso confirm\u00f3 que se est\u00e1 trabajando en la ampliaci\u00f3n de la superficie del Parque Industrial de la ciudad, a partir de la expropiaci\u00f3n de tierras ubicadas a la vera de la Ruta Provincial N\u00ba 4.   <\/p>\n\n\n\n<p>Fernanda Alonso se refiri\u00f3 al proyecto que el Gobierno de La Pampa piensa llevar adelante, para ampliar la superficie y la capacidad productiva del Parque Industrial de la ciudad.<\/p>\n\n\n\n<p>\u201cLa expropiaci\u00f3n de las tierras para ampliar el parque industrial, es algo de lo que ya hace tiempo se viene hablando. El proyecto se vio frenado por la irrupci\u00f3n de la pandemia que nos oblig\u00f3 a manejar otro orden de prioridades, pero hoy podemos adelantar que la ampliaci\u00f3n del Parque Industrial, es ya una decisi\u00f3n tomada\u201d, asever\u00f3 Fernanda Alonso.<\/p>\n\n\n\n<p><strong>Plan Urbano<\/strong><\/p>\n\n\n\n<p>La intendenta precis\u00f3 que la zona en cuesti\u00f3n est\u00e1 ubicada sobre la Ruta 4, denominada de \u201cLos Inmigrantes\u201d que conecta con la vecina localidad de Trenel. \u201cEsa es la zona que el Plan Urbano vigente defini\u00f3 oportunamente como zona de desarrollo industrial\u201d.<\/p>\n\n\n\n<p>En cuanto a la existencia en ese sector de viviendas particulares, Alonso aclar\u00f3 que no se ver\u00edan afectadas por el proyecto en cuesti\u00f3n: \u201cSabemos que en la zona existe un loteo, de hecho, hace muy poco tiempo he recibido a los vecinos que viven en ese lugar.  Es un poco m\u00e1s adelante la zona donde se va a situar esta expropiaci\u00f3n, pero siempre sobre Ruta 4\u201d.<\/p>\n\n\n\n<p><strong>Las ventajas que ofrece la Ruta Provincial N\u00ba 4<\/strong><\/p>\n\n\n\n<p>La jefa comunal record\u00f3 que esa v\u00eda de comunicaci\u00f3n ofrece numerosas ventajas para un proyecto de esta magnitud y que tiene caracter\u00edsticas tan particulares: \u201cLa Ruta 4 ofrece varias ventajas para el emplazamiento industrial, como la electricidad o la toma de gas, que est\u00e1 ubicada en la intersecci\u00f3n con la Ruta Provincial N\u00ba 3, que va a la Puma. Tambi\u00e9n ofrece la posibilidad de que cuando llegue el acueducto a General Pico, pasar\u00eda precisamente por la Ruta 3, all\u00ed est\u00e1 definido el sector por donde correr\u00e1\u201d, indic\u00f3 Alonso.<\/p>\n\n\n\n<p>La decisi\u00f3n est\u00e1 fundamentada en todas las primac\u00edas que ofrece ese sector, para ampliar la capacidad productiva de la ciudad, algo que ver\u00e1n las generaciones futuras.<\/p>\n\n\n\n<p><strong>Una decisi\u00f3n sostenida por el gobierno provincial<\/strong><\/p>\n\n\n\n<p>Por \u00faltimo, la intendenta de la ciudad valor\u00f3 y agradeci\u00f3 el esfuerzo el Gobierno Provincial en el sostenimiento de este proyecto: \u201cAgradezco que el gobernador siga sosteniendo esta decisi\u00f3n y que la misma siga dentro de sus prioridades, a pesar de todo lo que se ha tenido que rever en estos tiempos de pandemia, donde hubo que re destinar recursos y se debi\u00f3 manejar otro nivel de preferencias. La ampliaci\u00f3n del Parque Industrial sigue siendo un proyecto en carpeta para nuestro gobernador y es una decisi\u00f3n tomada\u201d, concluy\u00f3.<\/p>\n<div class=\"sharedaddy sd-sharing-enabled\"><div class=\"robots-nocontent sd-block sd-social sd-social-icon sd-sharing\"><h3 class=\"sd-title\">Comparte esto:<\/h3><div class=\"sd-content\"><ul><li class=\"share-twitter\"><a rel=\"nofollow noopener noreferrer\" data-shared=\"sharing-twitter-21395\" class=\"share-twitter sd-button share-icon no-text\" href=\"http:\/\/www.rtvnoticias.com.ar\/?p=21395&amp;share=twitter\" target=\"_blank\" title=\"Haz clic para compartir en Twitter\"><span><\/span><span class=\"sharing-screen-reader-text\">Haz clic para compartir en Twitter (Se abre en una ventana nueva)<\/span><\/a><\/li><li class=\"share-facebook\"><a rel=\"nofollow noopener noreferrer\" data-shared=\"sharing-facebook-21395\" class=\"share-facebook sd-button share-icon no-text\" href=\"http:\/\/www.rtvnoticias.com.ar\/?p=21395&amp;share=facebook\" target=\"_blank\" title=\"Haz clic para compartir en Facebook\"><span><\/span><span class=\"sharing-screen-reader-text\">Haz clic para compartir en Facebook (Se abre en una ventana nueva)<\/span><\/a><\/li><li class=\"share-jetpack-whatsapp\"><a rel=\"nofollow noopener noreferrer\" data-shared=\"\" class=\"share-jetpack-whatsapp sd-button share-icon no-text\" href=\"http:\/\/www.rtvnoticias.com.ar\/?p=21395&amp;share=jetpack-whatsapp\" target=\"_blank\" title=\"Haz clic para compartir en WhatsApp\"><span><\/span><span class=\"sharing-screen-reader-text\">Haz clic para compartir en WhatsApp (Se abre en una ventana nueva)<\/span><\/a><\/li><li class=\"share-telegram\"><a rel=\"nofollow noopener noreferrer\" data-shared=\"\" class=\"share-telegram sd-button share-icon no-text\" href=\"http:\/\/www.rtvnoticias.com.ar\/?p=21395&amp;share=telegram\" target=\"_blank\" title=\"Haz clic para compartir en Telegram\"><span><\/span><span class=\"sharing-screen-reader-text\">Haz clic para compartir en Telegram (Se abre en una ventana nueva)<\/span><\/a><\/li><li class=\"share-end\"><\/li><\/ul><\/div><\/div><\/div>","protected":false},"excerpt":{"rendered":"<p>Esta ma\u00f1ana, la intendenta Fernanda Alonso confirm\u00f3 que se est\u00e1 trabajando en la ampliaci\u00f3n de la superficie del Parque Industrial de la ciudad, a partir<\/p>\n<div class=\"sharedaddy sd-sharing-enabled\"><div class=\"robots-nocontent sd-block sd-social sd-social-icon sd-sharing\"><h3 class=\"sd-title\">Comparte esto:<\/h3><div class=\"sd-content\"><ul><li class=\"share-twitter\"><a rel=\"nofollow noopener noreferrer\" data-shared=\"sharing-twitter-21395\" class=\"share-twitter sd-button share-icon no-text\" href=\"http:\/\/www.rtvnoticias.com.ar\/?p=21395&amp;share=twitter\" target=\"_blank\" title=\"Haz clic para compartir en Twitter\"><span><\/span><span class=\"sharing-screen-reader-text\">Haz clic para compartir en Twitter (Se abre en una ventana nueva)<\/span><\/a><\/li><li class=\"share-facebook\"><a rel=\"nofollow noopener noreferrer\" data-shared=\"sharing-facebook-21395\" class=\"share-facebook sd-button share-icon no-text\" href=\"http:\/\/www.rtvnoticias.com.ar\/?p=21395&amp;share=facebook\" target=\"_blank\" title=\"Haz clic para compartir en Facebook\"><span><\/span><span class=\"sharing-screen-reader-text\">Haz clic para compartir en Facebook (Se abre en una ventana nueva)<\/span><\/a><\/li><li class=\"share-jetpack-whatsapp\"><a rel=\"nofollow noopener noreferrer\" data-shared=\"\" class=\"share-jetpack-whatsapp sd-button share-icon no-text\" href=\"http:\/\/www.rtvnoticias.com.ar\/?p=21395&amp;share=jetpack-whatsapp\" target=\"_blank\" title=\"Haz clic para compartir en WhatsApp\"><span><\/span><span class=\"sharing-screen-reader-text\">Haz clic para compartir en WhatsApp (Se abre en una ventana nueva)<\/span><\/a><\/li><li class=\"share-telegram\"><a rel=\"nofollow noopener noreferrer\" data-shared=\"\" class=\"share-telegram sd-button share-icon no-text\" href=\"http:\/\/www.rtvnoticias.com.ar\/?p=21395&amp;share=telegram\" target=\"_blank\" title=\"Haz clic para compartir en Telegram\"><span><\/span><span class=\"sharing-screen-reader-text\">Haz clic para compartir en Telegram (Se abre en una ventana nueva)<\/span><\/a><\/li><li class=\"share-end\"><\/li><\/ul><\/div><\/div><\/div>","protected":false},"author":7,"featured_media":21396,"comment_status":"closed","ping_status":"closed","sticky":false,"template":"","format":"standard","meta":{"spay_email":"","jetpack_publicize_message":"","jetpack_is_tweetstorm":false,"jetpack_publicize_feature_enabled":true},"categories":[3],"tags":[2142],"jetpack_featured_media_url":"http:\/\/www.rtvnoticias.com.ar\/wp-content\/uploads\/2020\/06\/parque.jpg","jetpack_publicize_connections":[],"jetpack_sharing_enabled":true,"_links":{"self":[{"href":"http:\/\/www.rtvnoticias.com.ar\/index.php?rest_route=\/wp\/v2\/posts\/21395"}],"collection":[{"href":"http:\/\/www.rtvnoticias.com.ar\/index.php?rest_route=\/wp\/v2\/posts"}],"about":[{"href":"http:\/\/www.rtvnoticias.com.ar\/index.php?rest_route=\/wp\/v2\/types\/post"}],"author":[{"embeddable":true,"href":"http:\/\/www.rtvnoticias.com.ar\/index.php?rest_route=\/wp\/v2\/users\/7"}],"replies":[{"embeddable":true,"href":"http:\/\/www.rtvnoticias.com.ar\/index.php?rest_route=%2Fwp%2Fv2%2Fcomments&post=21395"}],"version-history":[{"count":1,"href":"http:\/\/www.rtvnoticias.com.ar\/index.php?rest_route=\/wp\/v2\/posts\/21395\/revisions"}],"predecessor-version":[{"id":21397,"href":"http:\/\/www.rtvnoticias.com.ar\/index.php?rest_route=\/wp\/v2\/posts\/21395\/revisions\/21397"}],"wp:featuredmedia":[{"embeddable":true,"href":"http:\/\/www.rtvnoticias.com.ar\/index.php?rest_route=\/wp\/v2\/media\/21396"}],"wp:attachment":[{"href":"http:\/\/www.rtvnoticias.com.ar\/index.php?rest_route=%2Fwp%2Fv2%2Fmedia&parent=21395"}],"wp:term":[{"taxonomy":"category","embeddable":true,"href":"http:\/\/www.rtvnoticias.com.ar\/index.php?rest_route=%2Fwp%2Fv2%2Fcategories&post=21395"},{"taxonomy":"post_tag","embeddable":true,"href":"http:\/\/www.rtvnoticias.com.ar\/index.php?rest_route=%2Fwp%2Fv2%2Ftags&post=21395"}],"curies":[{"name":"wp","href":"https:\/\/api.w.org\/{rel}","templated":true}]}}