{"id":21415,"date":"2020-06-10T17:20:44","date_gmt":"2020-06-10T20:20:44","guid":{"rendered":"http:\/\/www.rtvnoticias.com.ar\/?p=21415"},"modified":"2020-06-10T17:20:50","modified_gmt":"2020-06-10T20:20:50","slug":"el-gobierno-expropiara-terrenos-para-viviendas-en-general-pico","status":"publish","type":"post","link":"http:\/\/www.rtvnoticias.com.ar\/?p=21415","title":{"rendered":"El gobierno expropiar\u00e1 terrenos para viviendas en General Pico"},"content":{"rendered":"\n<p>La intendenta de General Pico, Fernanda Alonso&nbsp; y el gerente del IPAV Jorge Lezcano, brindaron&nbsp; detalles sobre 60 hect\u00e1reas, que tiene el IPAV ya detectadas dentro del ejido urbano, y que ser\u00edan destinadas para&nbsp; desarrollar proyectos habitacionales.<\/p>\n\n\n\n<p>El lugar, seg\u00fan inform\u00f3 la intendenta, ofrece una inversi\u00f3n importante en el acceso a servicios y brinda la posibilidad de que el Estado tenga la posibilidad de usar esa infraestructura y no tener la necesidad de realizar una&nbsp; inversi\u00f3n adicional.<\/p>\n\n\n\n<p>En cuanto a la ubicaci\u00f3n concreta, Alonso se\u00f1al\u00f3 que\u00a0 se trata de un sector de la ciudad que est\u00e1 detr\u00e1s del Cementerio, en 300 y Circunvalaci\u00f3n y agreg\u00f3 que \u00abes un n\u00famero importante de hect\u00e1reas, para poder relocalizar o poder avanzar en viviendas. Es un tr\u00e1mite administrativo que ya est\u00e1 declarado de utilidad p\u00fablica\u00bb.<\/p>\n\n\n\n<figure class=\"wp-block-image\"><img data-attachment-id=\"21417\" data-permalink=\"http:\/\/www.rtvnoticias.com.ar\/?attachment_id=21417\" data-orig-file=\"http:\/\/www.rtvnoticias.com.ar\/wp-content\/uploads\/2020\/06\/alonso-lezcano.png\" data-orig-size=\"600,399\" data-comments-opened=\"0\" data-image-meta=\"{&quot;aperture&quot;:&quot;0&quot;,&quot;credit&quot;:&quot;&quot;,&quot;camera&quot;:&quot;&quot;,&quot;caption&quot;:&quot;&quot;,&quot;created_timestamp&quot;:&quot;0&quot;,&quot;copyright&quot;:&quot;&quot;,&quot;focal_length&quot;:&quot;0&quot;,&quot;iso&quot;:&quot;0&quot;,&quot;shutter_speed&quot;:&quot;0&quot;,&quot;title&quot;:&quot;&quot;,&quot;orientation&quot;:&quot;0&quot;}\" data-image-title=\"alonso-lezcano\" data-image-description=\"\" data-image-caption=\"\" data-medium-file=\"http:\/\/www.rtvnoticias.com.ar\/wp-content\/uploads\/2020\/06\/alonso-lezcano-300x200.png\" data-large-file=\"http:\/\/www.rtvnoticias.com.ar\/wp-content\/uploads\/2020\/06\/alonso-lezcano.png\" decoding=\"async\" loading=\"lazy\" width=\"600\" height=\"399\" src=\"http:\/\/www.rtvnoticias.com.ar\/wp-content\/uploads\/2020\/06\/alonso-lezcano.png\" alt=\"\" class=\"wp-image-21417\" srcset=\"http:\/\/www.rtvnoticias.com.ar\/wp-content\/uploads\/2020\/06\/alonso-lezcano.png 600w, http:\/\/www.rtvnoticias.com.ar\/wp-content\/uploads\/2020\/06\/alonso-lezcano-300x200.png 300w\" sizes=\"(max-width: 600px) 100vw, 600px\" \/><figcaption><strong>Alonso y Lezcano en la reuni\u00f3n por terrenos para viviendas<\/strong><\/figcaption><\/figure>\n\n\n\n<p>La responsable del Ejecutivo local se\u00f1al\u00f3 adem\u00e1s, que solo faltar\u00eda declarar la expropiaci\u00f3n de los terrenos y \u00abel paso siguiente es tener la posesi\u00f3n de las tierras y luego empezar a trabajar sobre ellas\u00bb.<\/p>\n\n\n\n<p><strong>Distintas Opciones Habitacionales<\/strong><\/p>\n\n\n\n<p>Sobre el destino de estas hect\u00e1reas, la jefa comunal consider\u00f3 que se abre una posibilidad enorme: \u201cPodremos contar con terrenos para que se puedan llevar adelante distintas opciones habitacionales en la ciudad y pensando adem\u00e1s en distintos segmentos\u201d.<\/p>\n\n\n\n<p>Fernanda Alonso adelant\u00f3 que desde la Comuna se ha presentado un proyecto particular que comprende y est\u00e1 dirigido a gente que pueda hacer frente al valor de una cuota importante, como fue en su momento el ProCreAr.<\/p>\n\n\n\n<p>\u201cSe trata de recrear algunas acciones que hemos visto, que han dado respuestas importantes al tema de viviendas. Eso es algo que est\u00e1 avanzado y que hemos podido charlar con Lezcano la semana pasada\u201d, dijo la jefa comunal.<\/p>\n\n\n\n<p>Por otra parte confirm\u00f3 que los equipos que tiene a su cargo Jorge Lezcano, titular del IPAV,\u00a0 estuvieron trabajando en el tema habitacional con los equipos locales.  \u201cVamos a estar trabajando en una jornada de intercambio entre nuestro equipo y el suyo, sobre varios temas pendientes, para seguir gestionando\u201d, concluy\u00f3 Alonso.<\/p>\n\n\n\n<p><strong>Jornada de Trabajo con los Equipos T\u00e9cnicos del IPAV<\/strong><\/p>\n\n\n\n<p>Por su parte, Jorge Lezcano, Gerente del IPAV se\u00f1al\u00f3 que: \u201cEs una jornada en la que venimos a trabajar sobre varios temas, con nuestros profesionales. Hoy a General Pico ha venido casi todo el equipo del IPAV, los profesionales que integran la gerencia t\u00e9cnica, para evaluar la situaci\u00f3n que se plantea en el Barrio Malvinas, la gerenta t\u00e9cnica administrativa, que maneja todos los aspectos que tienen que ver con lo dominial, el gerente de Legales, Gustavo Minetto, para verificar los avances de lo que tiene que ver con el Banco de tierras y para evaluar las tierras que estamos viendo para la futura construcci\u00f3n de viviendas en la ciudad y la gerenta de planificaci\u00f3n, que tiene a su cargo el Programa <a href=\"http:\/\/pro.me.ba\/\" target=\"_blank\" rel=\"noreferrer noopener\">Pro.Me.Ba<\/a>, que&nbsp; tiene financiamiento del BID. Es un d\u00eda en el que vamos empezar a darle forma a distintas cuestiones que ya se ven\u00edan hablando\u201d, dijo Lezcano.<\/p>\n\n\n\n<p><strong>Nuevas viviendas Para la Ciudad<\/strong><\/p>\n\n\n\n<p>As\u00ed mismo, el titular del Instituto Aut\u00e1rquico de Vivienda, indic\u00f3 que tal como lo hab\u00eda anunciado el gobernador el pasado 1\u00b0 de marzo se iba a trabajar en la construcci\u00f3n de nuevas viviendas.<\/p>\n\n\n\n<p> \u201cTras atravesar esta crisis, con prioridad en lo sanitario, hoy estamos empezando a volver a atender las situaciones que tiene que ver con las diferentes pol\u00edticas de Estado que lleva adelante el Gobierno Provincial.\u00a0 Una de ellas es solucionar la necesidad imperiosa de\u00a0 viviendas\u201d, se\u00f1al\u00f3 Lezcano.<\/p>\n\n\n\n<p><strong>Obtenci\u00f3n de Tierras<\/strong><\/p>\n\n\n\n<p>Jorge Lezcano aclar\u00f3 que el primer paso para materializar este proyecto es la obtenci\u00f3n de terrenos:\u00a0 \u201cPara ocuparnos de esto,\u00a0 el primer problema que tenemos que resolver\u00a0 es la obtenci\u00f3n de tierras, por eso hoy venimos a hablar con la intendenta y con su equipo de trabajo, sobre todo lo que tiene que ver con avances en la obtenci\u00f3n y localizaci\u00f3n de tierras\u201d.<\/p>\n\n\n\n<p>Por \u00faltimo el presidente del IPAV,\u00a0 en consonancia con lo que que ya hab\u00eda adelantado la intendenta Fernanda Alonso, confirm\u00f3\u00a0 que se est\u00e1 trabajando sobre un predio de unas 60 hect\u00e1reas aproximadamente, cercano al cementerio.<strong>\u00a0 \u00a0 <\/strong><\/p>\n<div class=\"sharedaddy sd-sharing-enabled\"><div class=\"robots-nocontent sd-block sd-social sd-social-icon sd-sharing\"><h3 class=\"sd-title\">Comparte esto:<\/h3><div class=\"sd-content\"><ul><li class=\"share-twitter\"><a rel=\"nofollow noopener noreferrer\" data-shared=\"sharing-twitter-21415\" class=\"share-twitter sd-button share-icon no-text\" href=\"http:\/\/www.rtvnoticias.com.ar\/?p=21415&amp;share=twitter\" target=\"_blank\" title=\"Haz clic para compartir en Twitter\"><span><\/span><span class=\"sharing-screen-reader-text\">Haz clic para compartir en Twitter (Se abre en una ventana nueva)<\/span><\/a><\/li><li class=\"share-facebook\"><a rel=\"nofollow noopener noreferrer\" data-shared=\"sharing-facebook-21415\" class=\"share-facebook sd-button share-icon no-text\" href=\"http:\/\/www.rtvnoticias.com.ar\/?p=21415&amp;share=facebook\" target=\"_blank\" title=\"Haz clic para compartir en Facebook\"><span><\/span><span class=\"sharing-screen-reader-text\">Haz clic para compartir en Facebook (Se abre en una ventana nueva)<\/span><\/a><\/li><li class=\"share-jetpack-whatsapp\"><a rel=\"nofollow noopener noreferrer\" data-shared=\"\" class=\"share-jetpack-whatsapp sd-button share-icon no-text\" href=\"http:\/\/www.rtvnoticias.com.ar\/?p=21415&amp;share=jetpack-whatsapp\" target=\"_blank\" title=\"Haz clic para compartir en WhatsApp\"><span><\/span><span class=\"sharing-screen-reader-text\">Haz clic para compartir en WhatsApp (Se abre en una ventana nueva)<\/span><\/a><\/li><li class=\"share-telegram\"><a rel=\"nofollow noopener noreferrer\" data-shared=\"\" class=\"share-telegram sd-button share-icon no-text\" href=\"http:\/\/www.rtvnoticias.com.ar\/?p=21415&amp;share=telegram\" target=\"_blank\" title=\"Haz clic para compartir en Telegram\"><span><\/span><span class=\"sharing-screen-reader-text\">Haz clic para compartir en Telegram (Se abre en una ventana nueva)<\/span><\/a><\/li><li class=\"share-end\"><\/li><\/ul><\/div><\/div><\/div>","protected":false},"excerpt":{"rendered":"<p>La intendenta de General Pico, Fernanda Alonso&nbsp; y el gerente del IPAV Jorge Lezcano, brindaron&nbsp; detalles sobre 60 hect\u00e1reas, que tiene el IPAV ya detectadas<\/p>\n<div class=\"sharedaddy sd-sharing-enabled\"><div class=\"robots-nocontent sd-block sd-social sd-social-icon sd-sharing\"><h3 class=\"sd-title\">Comparte esto:<\/h3><div class=\"sd-content\"><ul><li class=\"share-twitter\"><a rel=\"nofollow noopener noreferrer\" data-shared=\"sharing-twitter-21415\" class=\"share-twitter sd-button share-icon no-text\" href=\"http:\/\/www.rtvnoticias.com.ar\/?p=21415&amp;share=twitter\" target=\"_blank\" title=\"Haz clic para compartir en Twitter\"><span><\/span><span class=\"sharing-screen-reader-text\">Haz clic para compartir en Twitter (Se abre en una ventana nueva)<\/span><\/a><\/li><li class=\"share-facebook\"><a rel=\"nofollow noopener noreferrer\" data-shared=\"sharing-facebook-21415\" class=\"share-facebook sd-button share-icon no-text\" href=\"http:\/\/www.rtvnoticias.com.ar\/?p=21415&amp;share=facebook\" target=\"_blank\" title=\"Haz clic para compartir en Facebook\"><span><\/span><span class=\"sharing-screen-reader-text\">Haz clic para compartir en Facebook (Se abre en una ventana nueva)<\/span><\/a><\/li><li class=\"share-jetpack-whatsapp\"><a rel=\"nofollow noopener noreferrer\" data-shared=\"\" class=\"share-jetpack-whatsapp sd-button share-icon no-text\" href=\"http:\/\/www.rtvnoticias.com.ar\/?p=21415&amp;share=jetpack-whatsapp\" target=\"_blank\" title=\"Haz clic para compartir en WhatsApp\"><span><\/span><span class=\"sharing-screen-reader-text\">Haz clic para compartir en WhatsApp (Se abre en una ventana nueva)<\/span><\/a><\/li><li class=\"share-telegram\"><a rel=\"nofollow noopener noreferrer\" data-shared=\"\" class=\"share-telegram sd-button share-icon no-text\" href=\"http:\/\/www.rtvnoticias.com.ar\/?p=21415&amp;share=telegram\" target=\"_blank\" title=\"Haz clic para compartir en Telegram\"><span><\/span><span class=\"sharing-screen-reader-text\">Haz clic para compartir en Telegram (Se abre en una ventana nueva)<\/span><\/a><\/li><li class=\"share-end\"><\/li><\/ul><\/div><\/div><\/div>","protected":false},"author":5,"featured_media":21416,"comment_status":"closed","ping_status":"closed","sticky":false,"template":"","format":"standard","meta":{"spay_email":"","jetpack_publicize_message":"","jetpack_is_tweetstorm":false,"jetpack_publicize_feature_enabled":true},"categories":[3],"tags":[3323],"jetpack_featured_media_url":"http:\/\/www.rtvnoticias.com.ar\/wp-content\/uploads\/2020\/06\/alonso-lezcano-2.jpg","jetpack_publicize_connections":[],"jetpack_sharing_enabled":true,"_links":{"self":[{"href":"http:\/\/www.rtvnoticias.com.ar\/index.php?rest_route=\/wp\/v2\/posts\/21415"}],"collection":[{"href":"http:\/\/www.rtvnoticias.com.ar\/index.php?rest_route=\/wp\/v2\/posts"}],"about":[{"href":"http:\/\/www.rtvnoticias.com.ar\/index.php?rest_route=\/wp\/v2\/types\/post"}],"author":[{"embeddable":true,"href":"http:\/\/www.rtvnoticias.com.ar\/index.php?rest_route=\/wp\/v2\/users\/5"}],"replies":[{"embeddable":true,"href":"http:\/\/www.rtvnoticias.com.ar\/index.php?rest_route=%2Fwp%2Fv2%2Fcomments&post=21415"}],"version-history":[{"count":1,"href":"http:\/\/www.rtvnoticias.com.ar\/index.php?rest_route=\/wp\/v2\/posts\/21415\/revisions"}],"predecessor-version":[{"id":21418,"href":"http:\/\/www.rtvnoticias.com.ar\/index.php?rest_route=\/wp\/v2\/posts\/21415\/revisions\/21418"}],"wp:featuredmedia":[{"embeddable":true,"href":"http:\/\/www.rtvnoticias.com.ar\/index.php?rest_route=\/wp\/v2\/media\/21416"}],"wp:attachment":[{"href":"http:\/\/www.rtvnoticias.com.ar\/index.php?rest_route=%2Fwp%2Fv2%2Fmedia&parent=21415"}],"wp:term":[{"taxonomy":"category","embeddable":true,"href":"http:\/\/www.rtvnoticias.com.ar\/index.php?rest_route=%2Fwp%2Fv2%2Fcategories&post=21415"},{"taxonomy":"post_tag","embeddable":true,"href":"http:\/\/www.rtvnoticias.com.ar\/index.php?rest_route=%2Fwp%2Fv2%2Ftags&post=21415"}],"curies":[{"name":"wp","href":"https:\/\/api.w.org\/{rel}","templated":true}]}}