{"id":21419,"date":"2020-06-10T17:35:58","date_gmt":"2020-06-10T20:35:58","guid":{"rendered":"http:\/\/www.rtvnoticias.com.ar\/?p=21419"},"modified":"2020-06-10T17:36:04","modified_gmt":"2020-06-10T20:36:04","slug":"acto-de-reafirmacion-de-los-derechos-argentinos-sobre-malvinas","status":"publish","type":"post","link":"http:\/\/www.rtvnoticias.com.ar\/?p=21419","title":{"rendered":"Acto de Reafirmaci\u00f3n de los Derechos Argentinos sobre Malvinas"},"content":{"rendered":"\n<p>La Municipalidad de General Pico junto a la Asociaci\u00f3n Veteranos de Guerra de Malvinas \u201cAlberto Amesgaray\u201d, celebraron un nuevo aniversario de la \u201cReafirmaci\u00f3n de los Derechos Argentinos sobre las Islas Malvinas, Islas del Atl\u00e1ntico Sur y Sector Ant\u00e1rtico\u201d.<\/p>\n\n\n\n<p>Con la presencia\u00a0 de la intendenta Fernanda Alonso;\u00a0 del presidente\u00a0 de la Asociaci\u00f3n Veteranos de Guerra de Malvinas, Diego Morano;\u00a0 y dem\u00e1s Veteranos de Guerra de Malvinas; el Jefe del Regimiento de Caballer\u00eda de Tanques 13, Teniente Coronel Gustavo Garrido;\u00a0 el vice intendente, Daniel L\u00f3pez; concejales, autoridades del Departamento Ejecutivo Municipal,\u00a0 \u00a0militares, policiales y de seguridad, se realiz\u00f3 en la Plazoleta de los Ca\u00eddos, el acto por la Reafirmaci\u00f3n de los Derechos Argentinos sobre las Islas Malvinas, Islas del Atl\u00e1ntico Sur y Sector Ant\u00e1rtico.<\/p>\n\n\n\n<figure class=\"wp-block-image\"><img data-attachment-id=\"21421\" data-permalink=\"http:\/\/www.rtvnoticias.com.ar\/?attachment_id=21421\" data-orig-file=\"http:\/\/www.rtvnoticias.com.ar\/wp-content\/uploads\/2020\/06\/morano-2.jpg\" data-orig-size=\"600,399\" data-comments-opened=\"0\" data-image-meta=\"{&quot;aperture&quot;:&quot;0&quot;,&quot;credit&quot;:&quot;&quot;,&quot;camera&quot;:&quot;&quot;,&quot;caption&quot;:&quot;&quot;,&quot;created_timestamp&quot;:&quot;0&quot;,&quot;copyright&quot;:&quot;&quot;,&quot;focal_length&quot;:&quot;0&quot;,&quot;iso&quot;:&quot;0&quot;,&quot;shutter_speed&quot;:&quot;0&quot;,&quot;title&quot;:&quot;&quot;,&quot;orientation&quot;:&quot;1&quot;}\" data-image-title=\"morano-2\" data-image-description=\"\" data-image-caption=\"\" data-medium-file=\"http:\/\/www.rtvnoticias.com.ar\/wp-content\/uploads\/2020\/06\/morano-2-300x200.jpg\" data-large-file=\"http:\/\/www.rtvnoticias.com.ar\/wp-content\/uploads\/2020\/06\/morano-2.jpg\" decoding=\"async\" loading=\"lazy\" width=\"600\" height=\"399\" src=\"http:\/\/www.rtvnoticias.com.ar\/wp-content\/uploads\/2020\/06\/morano-2.jpg\" alt=\"\" class=\"wp-image-21421\" srcset=\"http:\/\/www.rtvnoticias.com.ar\/wp-content\/uploads\/2020\/06\/morano-2.jpg 600w, http:\/\/www.rtvnoticias.com.ar\/wp-content\/uploads\/2020\/06\/morano-2-300x200.jpg 300w\" sizes=\"(max-width: 600px) 100vw, 600px\" \/><figcaption><strong>Alonso y L\u00f3pez, junto a Veteranos de Guerra y autoridades policiales<\/strong><\/figcaption><\/figure>\n\n\n\n<p><strong>Reafirmaci\u00f3n de nuestros derechos<\/strong><\/p>\n\n\n\n<p>En noviembre de 1973, se sancion\u00f3 en Argentina la Ley 20561, con la cual se fij\u00f3 el 10 de junio como d\u00eda oportuno para expresar y reafirmar el reclamo de soberan\u00eda sobre los territorios de las islas Malvinas e inmediaciones.<\/p>\n\n\n\n<p>La elecci\u00f3n de esta fecha radica en que el mismo d\u00eda, pero de 1829, se cre\u00f3 la primera Comandancia Pol\u00edtica y Militar, cuya gobernaci\u00f3n se design\u00f3 a Luis Vernet, a quien, de esta manera, se lo convirti\u00f3 en el primer gobernador de las islas Malvinas y adyacencias al Cabo de Hornos.<\/p>\n\n\n\n<p>El 3 de enero de 1833 tropas inglesas desplazaron por la fuerza a los habitantes y a las instituciones argentinas que funcionaban all\u00ed luego de que Argentina culminar\u00e1 su proceso de independencia y quedar\u00e1 como heredera leg\u00edtima de los territorios que antes pertenec\u00edan a Espa\u00f1a.<\/p>\n\n\n\n<p>Desde este desplazamiento e invasi\u00f3n inglesa, sucesivos gobiernos argentinos han pedido, a trav\u00e9s de v\u00edas diplom\u00e1ticas y sin resultados favorables, abrir el di\u00e1logo para encontrar una soluci\u00f3n a este conflicto.<\/p>\n\n\n\n<p>En esta fecha tan significativa para todos nosotros, reafirmamos una vez m\u00e1s nuestros derechos de soberan\u00eda sobre las Islas Malvinas, Georgias del Sur, Sandwich del Sur, y los espacios mar\u00edtimos circundantes, por ser todos ellos parte integrante de nuestro territorio nacional, constituyendo adem\u00e1s un objetivo permanente e irrenunciable de todos los argentinos.<\/p>\n\n\n\n<p><strong>Carta del Ministro Bens\u00fansan<\/strong><\/p>\n\n\n\n<p>Tras la entonaci\u00f3n de las estrofas del Himno Nacional Argentino, se dio lectura a una misiva enviada por el Ministro de Gobierno, Justicia y Derechos Humanos de la Provincia de La Pampa, Daniel Pablo Bensus\u00e1n.<\/p>\n\n\n\n<p>\u201cQuiero compartir este 10 de junio con ustedes, que tanto dieron por esa parte de nuestra Patria que son las Malvinas y las islas del Atl\u00e1ntico Sur. Esta fecha es muy importante, porque es un hito que marca que una de las primeras acciones que tuvimos como Naci\u00f3n fue nombrar autoridades en las islas. Nuestro reclamo de soberan\u00eda no es un capricho, tiene un fundamento hist\u00f3rico. Debemos seguir haciendo Patria, transmitiendo a las nuevas generaciones el sentimiento de pertenencia de toda nuestra Argentina. Ustedes estuvieron all\u00ed, y sacrificaron mucho, tienen toda la autoridad y el reconocimiento de ser puntales, desde La Pampa, para que nos devuelvan ese pedazo de Patria que nos arrancaron, pero que seguro volveremos a tener\u201d, expres\u00f3 el ministro en su nota.<\/p>\n\n\n\n<p><strong>PALABRAS DE DIEGO MORANO<\/strong><\/p>\n\n\n\n<p>A continuaci\u00f3n, hizo&nbsp; uso de la palabra en representaci\u00f3n de la Asociaci\u00f3n de Veteranos de Guerra, Diego Morano: \u201cEse territorio hoy es m\u00e1s argentino que nunca, porque hay 632 h\u00e9roes, que en el mar y en el cementerio de Darwin est\u00e1n esperando&nbsp; que nosotros volvamos a enarbolar la bandera Argentina en Malvinas\u201d.<\/p>\n\n\n\n<p>Morano se refiri\u00f3 a la ocupaci\u00f3n del archipi\u00e9lago sur por parte de las fuerzas brit\u00e1nicas&nbsp; y se\u00f1al\u00f3 que tiene que ver con una cuesti\u00f3n geopol\u00edtica y geoestrat\u00e9gica, con los recursos minerales, petroleros y de pesca, que hay en la zona y&nbsp; que son valorados como un recurso&nbsp; a futuro \u201cpor eso est\u00e1n ah\u00ed, ni m\u00e1s ni menos y para controlar el cruce del oc\u00e9ano Atl\u00e1ntico al Pac\u00edfico\u201d, se\u00f1al\u00f3 Diego Morano, que agreg\u00f3 que hoy es momento para que dejemos de lado las ideolog\u00edas de cada gobierno que asume y pensemos en pol\u00edticas de estado que se mantengan en el tiempo.&nbsp;&nbsp;&nbsp;<\/p>\n\n\n\n<p>Finalmente, el ex combatiente agradeci\u00f3 a todas las autoridades que pasaron por el Municipio y por las instituciones intermedias de la ciudad, \u201cQue siempre apoyaron a la Asociaci\u00f3n de Veteranos de Guerra&nbsp; Alberto Amesgaray, y a los alumnos, profesores y maestros de las escuelas de General Pico, que todos los d\u00edas ponen un granito de arena hablando de Malvinas\u201d.<\/p>\n\n\n\n<p>En el cierre del acto y en homenaje a todos los ca\u00eddos, en la&nbsp; defensa y en la lucha por la recuperaci\u00f3n de la soberan\u00eda del territorio austral,&nbsp; se realiz\u00f3 un minuto de silencio y se&nbsp; enton\u00f3 la marcha \u201cLas Malvinas\u201d.<\/p>\n<div class=\"sharedaddy sd-sharing-enabled\"><div class=\"robots-nocontent sd-block sd-social sd-social-icon sd-sharing\"><h3 class=\"sd-title\">Comparte esto:<\/h3><div class=\"sd-content\"><ul><li class=\"share-twitter\"><a rel=\"nofollow noopener noreferrer\" data-shared=\"sharing-twitter-21419\" class=\"share-twitter sd-button share-icon no-text\" href=\"http:\/\/www.rtvnoticias.com.ar\/?p=21419&amp;share=twitter\" target=\"_blank\" title=\"Haz clic para compartir en Twitter\"><span><\/span><span class=\"sharing-screen-reader-text\">Haz clic para compartir en Twitter (Se abre en una ventana nueva)<\/span><\/a><\/li><li class=\"share-facebook\"><a rel=\"nofollow noopener noreferrer\" data-shared=\"sharing-facebook-21419\" class=\"share-facebook sd-button share-icon no-text\" href=\"http:\/\/www.rtvnoticias.com.ar\/?p=21419&amp;share=facebook\" target=\"_blank\" title=\"Haz clic para compartir en Facebook\"><span><\/span><span class=\"sharing-screen-reader-text\">Haz clic para compartir en Facebook (Se abre en una ventana nueva)<\/span><\/a><\/li><li class=\"share-jetpack-whatsapp\"><a rel=\"nofollow noopener noreferrer\" data-shared=\"\" class=\"share-jetpack-whatsapp sd-button share-icon no-text\" href=\"http:\/\/www.rtvnoticias.com.ar\/?p=21419&amp;share=jetpack-whatsapp\" target=\"_blank\" title=\"Haz clic para compartir en WhatsApp\"><span><\/span><span class=\"sharing-screen-reader-text\">Haz clic para compartir en WhatsApp (Se abre en una ventana nueva)<\/span><\/a><\/li><li class=\"share-telegram\"><a rel=\"nofollow noopener noreferrer\" data-shared=\"\" class=\"share-telegram sd-button share-icon no-text\" href=\"http:\/\/www.rtvnoticias.com.ar\/?p=21419&amp;share=telegram\" target=\"_blank\" title=\"Haz clic para compartir en Telegram\"><span><\/span><span class=\"sharing-screen-reader-text\">Haz clic para compartir en Telegram (Se abre en una ventana nueva)<\/span><\/a><\/li><li class=\"share-end\"><\/li><\/ul><\/div><\/div><\/div>","protected":false},"excerpt":{"rendered":"<p>La Municipalidad de General Pico junto a la Asociaci\u00f3n Veteranos de Guerra de Malvinas \u201cAlberto Amesgaray\u201d, celebraron un nuevo aniversario de la \u201cReafirmaci\u00f3n de los<\/p>\n<div class=\"sharedaddy sd-sharing-enabled\"><div class=\"robots-nocontent sd-block sd-social sd-social-icon sd-sharing\"><h3 class=\"sd-title\">Comparte esto:<\/h3><div class=\"sd-content\"><ul><li class=\"share-twitter\"><a rel=\"nofollow noopener noreferrer\" data-shared=\"sharing-twitter-21419\" class=\"share-twitter sd-button share-icon no-text\" href=\"http:\/\/www.rtvnoticias.com.ar\/?p=21419&amp;share=twitter\" target=\"_blank\" title=\"Haz clic para compartir en Twitter\"><span><\/span><span class=\"sharing-screen-reader-text\">Haz clic para compartir en Twitter (Se abre en una ventana nueva)<\/span><\/a><\/li><li class=\"share-facebook\"><a rel=\"nofollow noopener noreferrer\" data-shared=\"sharing-facebook-21419\" class=\"share-facebook sd-button share-icon no-text\" href=\"http:\/\/www.rtvnoticias.com.ar\/?p=21419&amp;share=facebook\" target=\"_blank\" title=\"Haz clic para compartir en Facebook\"><span><\/span><span class=\"sharing-screen-reader-text\">Haz clic para compartir en Facebook (Se abre en una ventana nueva)<\/span><\/a><\/li><li class=\"share-jetpack-whatsapp\"><a rel=\"nofollow noopener noreferrer\" data-shared=\"\" class=\"share-jetpack-whatsapp sd-button share-icon no-text\" href=\"http:\/\/www.rtvnoticias.com.ar\/?p=21419&amp;share=jetpack-whatsapp\" target=\"_blank\" title=\"Haz clic para compartir en WhatsApp\"><span><\/span><span class=\"sharing-screen-reader-text\">Haz clic para compartir en WhatsApp (Se abre en una ventana nueva)<\/span><\/a><\/li><li class=\"share-telegram\"><a rel=\"nofollow noopener noreferrer\" data-shared=\"\" class=\"share-telegram sd-button share-icon no-text\" href=\"http:\/\/www.rtvnoticias.com.ar\/?p=21419&amp;share=telegram\" target=\"_blank\" title=\"Haz clic para compartir en Telegram\"><span><\/span><span class=\"sharing-screen-reader-text\">Haz clic para compartir en Telegram (Se abre en una ventana nueva)<\/span><\/a><\/li><li class=\"share-end\"><\/li><\/ul><\/div><\/div><\/div>","protected":false},"author":5,"featured_media":21420,"comment_status":"closed","ping_status":"closed","sticky":false,"template":"","format":"standard","meta":{"spay_email":"","jetpack_publicize_message":"","jetpack_is_tweetstorm":false,"jetpack_publicize_feature_enabled":true},"categories":[3],"tags":[3324],"jetpack_featured_media_url":"http:\/\/www.rtvnoticias.com.ar\/wp-content\/uploads\/2020\/06\/morano.png","jetpack_publicize_connections":[],"jetpack_sharing_enabled":true,"_links":{"self":[{"href":"http:\/\/www.rtvnoticias.com.ar\/index.php?rest_route=\/wp\/v2\/posts\/21419"}],"collection":[{"href":"http:\/\/www.rtvnoticias.com.ar\/index.php?rest_route=\/wp\/v2\/posts"}],"about":[{"href":"http:\/\/www.rtvnoticias.com.ar\/index.php?rest_route=\/wp\/v2\/types\/post"}],"author":[{"embeddable":true,"href":"http:\/\/www.rtvnoticias.com.ar\/index.php?rest_route=\/wp\/v2\/users\/5"}],"replies":[{"embeddable":true,"href":"http:\/\/www.rtvnoticias.com.ar\/index.php?rest_route=%2Fwp%2Fv2%2Fcomments&post=21419"}],"version-history":[{"count":1,"href":"http:\/\/www.rtvnoticias.com.ar\/index.php?rest_route=\/wp\/v2\/posts\/21419\/revisions"}],"predecessor-version":[{"id":21422,"href":"http:\/\/www.rtvnoticias.com.ar\/index.php?rest_route=\/wp\/v2\/posts\/21419\/revisions\/21422"}],"wp:featuredmedia":[{"embeddable":true,"href":"http:\/\/www.rtvnoticias.com.ar\/index.php?rest_route=\/wp\/v2\/media\/21420"}],"wp:attachment":[{"href":"http:\/\/www.rtvnoticias.com.ar\/index.php?rest_route=%2Fwp%2Fv2%2Fmedia&parent=21419"}],"wp:term":[{"taxonomy":"category","embeddable":true,"href":"http:\/\/www.rtvnoticias.com.ar\/index.php?rest_route=%2Fwp%2Fv2%2Fcategories&post=21419"},{"taxonomy":"post_tag","embeddable":true,"href":"http:\/\/www.rtvnoticias.com.ar\/index.php?rest_route=%2Fwp%2Fv2%2Ftags&post=21419"}],"curies":[{"name":"wp","href":"https:\/\/api.w.org\/{rel}","templated":true}]}}