{"id":21428,"date":"2020-06-11T19:21:26","date_gmt":"2020-06-11T22:21:26","guid":{"rendered":"http:\/\/www.rtvnoticias.com.ar\/?p=21428"},"modified":"2020-06-11T19:21:48","modified_gmt":"2020-06-11T22:21:48","slug":"rapida-sesion-el-concejo-deliberante-reconocimiento-al-diario-la-reforma","status":"publish","type":"post","link":"http:\/\/www.rtvnoticias.com.ar\/?p=21428","title":{"rendered":"R\u00e1pida sesi\u00f3n el Concejo Deliberante. Reconocimiento al diario La Reforma"},"content":{"rendered":"\n<p>El Concejo Deliberante de General Pico concret\u00f3, en el recinto montado en el Centro Cultura Marac\u00f3, el noveno encuentro ordinario del a\u00f1o, presidido por\u00a0 Daniel L\u00f3pez. Los puntos tratados fueron 18.<\/p>\n\n\n\n<p>El cuerpo trat\u00f3 el expediente sobre la autorizaci\u00f3n para que el gobierno provincial ejecute la obra denominada \u00a0\u201cConservaci\u00f3n y Pavimentaci\u00f3n Urbana en General Pico\u201d.<\/p>\n\n\n\n<p>La obra provincial que implica un&nbsp;presupuesto oficial de 550.400.000 millones de&nbsp;pesos,&nbsp;contempla la pavimentaci\u00f3n de 75 nuevas cuadras de asfalto en la ciudad y la reparaci\u00f3n de m\u00e1s de 400, incluido el arreglo de cordones cuneta. El paso previo a la licitaci\u00f3n, cont\u00f3 con el acompa\u00f1amiento de la totalidad de los concejales y concejalas, que autorizaron de esta manera a la Direcci\u00f3n Provincial de Vialidad, dependiente de la Subsecretaria de Obras y Servicios P\u00fablicos de la provincia de La Pampa, a ejecutar la obra. La Ordenanza adem\u00e1s declara de inter\u00e9s general y utilidad p\u00fablica dicha inversi\u00f3n.<\/p>\n\n\n\n<p>El tercer punto vinculado a la modificaci\u00f3n en una cl\u00e1usula del contrato de concesi\u00f3n del servicio de transporte entre el Municipio y la Cooperativa local pas\u00f3 a comisiones para su posterior tratamiento, al igual que los 3 puntos siguientes que consist\u00edan en correspondencia de particulares.<\/p>\n\n\n\n<p><strong>Proyectos<\/strong><\/p>\n\n\n\n<p>Los cinco proyectos de Resoluci\u00f3n presentados en esta sesi\u00f3n ordinaria por los distintos bloques fueron avalados por la totalidad de los y las ediles.<\/p>\n\n\n\n<p>El primero en ser aprobado por unanimidad fue el proyecto de Guillermo Coppo, de UCR, mediante el cual&nbsp;solicita al Departamento Ejecutivo Municipal la realizaci\u00f3n de controles bromatol\u00f3gicos en la compra de m\u00f3dulos alimentarios.<\/p>\n\n\n\n<p>El otro punto que se aprob\u00f3 del bloque unipersonal se trata de una solicitud al Ejecutivo para que gestione la correspondiente se\u00f1alizaci\u00f3n vial en calle 112 esquina 13.<\/p>\n\n\n\n<figure class=\"wp-block-image\"><img data-attachment-id=\"21429\" data-permalink=\"http:\/\/www.rtvnoticias.com.ar\/?attachment_id=21429\" data-orig-file=\"http:\/\/www.rtvnoticias.com.ar\/wp-content\/uploads\/2020\/06\/l\u00f3pez-sesi\u00f3n-2.jpg\" data-orig-size=\"609,476\" data-comments-opened=\"0\" data-image-meta=\"{&quot;aperture&quot;:&quot;7.1&quot;,&quot;credit&quot;:&quot;&quot;,&quot;camera&quot;:&quot;Canon EOS 6D Mark II&quot;,&quot;caption&quot;:&quot;&quot;,&quot;created_timestamp&quot;:&quot;1589274200&quot;,&quot;copyright&quot;:&quot;&quot;,&quot;focal_length&quot;:&quot;28&quot;,&quot;iso&quot;:&quot;4000&quot;,&quot;shutter_speed&quot;:&quot;0.005&quot;,&quot;title&quot;:&quot;&quot;,&quot;orientation&quot;:&quot;1&quot;}\" data-image-title=\"l\u00f3pez-sesi\u00f3n-2\" data-image-description=\"\" data-image-caption=\"\" data-medium-file=\"http:\/\/www.rtvnoticias.com.ar\/wp-content\/uploads\/2020\/06\/l\u00f3pez-sesi\u00f3n-2-300x234.jpg\" data-large-file=\"http:\/\/www.rtvnoticias.com.ar\/wp-content\/uploads\/2020\/06\/l\u00f3pez-sesi\u00f3n-2.jpg\" decoding=\"async\" loading=\"lazy\" width=\"609\" height=\"476\" src=\"http:\/\/www.rtvnoticias.com.ar\/wp-content\/uploads\/2020\/06\/l\u00f3pez-sesi\u00f3n-2.jpg\" alt=\"\" class=\"wp-image-21429\" srcset=\"http:\/\/www.rtvnoticias.com.ar\/wp-content\/uploads\/2020\/06\/l\u00f3pez-sesi\u00f3n-2.jpg 609w, http:\/\/www.rtvnoticias.com.ar\/wp-content\/uploads\/2020\/06\/l\u00f3pez-sesi\u00f3n-2-300x234.jpg 300w\" sizes=\"(max-width: 609px) 100vw, 609px\" \/><figcaption><strong>Reconocimiento al diario La Reforma por sus 97 a\u00f1os de trayectoria<\/strong><\/figcaption><\/figure>\n\n\n\n<p>El proyecto de los y las concejalas del Frente Justicialista Pampeano fue el reconocimiento a los y las trabajadoras del diario La Reforma por haberse cumplido d\u00edas atr\u00e1s 97 a\u00f1os de su fundaci\u00f3n. En el recinto se hicieron presentes representantes de la planta del medio local, para recibir una placa homenaje de manos del presidente del Concejo Deliberante.<\/p>\n\n\n\n<p>Mientras que los proyectos presentados por Propuesta Federal, y aprobados por la totalidad del recinto, fueron en primera instancia, la solicitud de nuevas paradas alternativas para el servicio de remis, proyecto que evaluar\u00e1 el Consejo de Tr\u00e1nsito en conjunto con el sector vinculado; y la solicitud de informaci\u00f3n al Ejecutivo respecto al destino del fondo solidario municipal.<\/p>\n\n\n\n<p><strong>Despachos por unanimidad<\/strong><\/p>\n\n\n\n<p>Los siete despachos de comisiones que conformaban los \u00faltimos puntos del orden del d\u00eda fueron aprobados por el total de los y las ediles.<\/p>\n\n\n\n<p>Entre ellos se destac\u00f3 el&nbsp;expediente Municipal de la Secretar\u00eda de Planificaci\u00f3n y Gesti\u00f3n Urbana, que solicitaba la aprobaci\u00f3n del convenio suscripto entre el &nbsp;Municipalidad y APA, para la implementaci\u00f3n del programa de mantenimiento obras h\u00eddricas y desag\u00fces pluviales, que contempla obras necesarias para la ciudad.<\/p>\n\n\n\n<p>El cuerpo legislativo tambi\u00e9n brind\u00f3 su aval un\u00e1nime, al convenio de adhesi\u00f3n con la asociaci\u00f3n Civil Red de Acci\u00f3n Clim\u00e1tica (ACRAC) para que la Municipalidad de General Pico forme parte de la Red Argentina de Municipios frente al Cambio Clim\u00e1tico. Lo que implica ejecutar proyectos o programas municipales, regionales o nacionales, relacionados con la mitigaci\u00f3n y\/o adaptaci\u00f3n al cambio clim\u00e1tico.<\/p>\n\n\n\n<p>Y para finalizar la sesi\u00f3n los concejales y concejalas aprobaron por unanimidad el proyecto del Frente Justicialista Pampeano, que implica la adhesi\u00f3n al Decreto Nacional-2019-96-APN-PTE, sobre pirotecnia, que en su art\u00edculo 30 invita a adherir a Provincias y Municipalidades, para su implementaci\u00f3n en la ciudad de General Pico.<\/p>\n\n\n\n<p>El proyecto en su articulado proh\u00edbe la adquisici\u00f3n y el uso de art\u00edculos y de artificios de pirotecnia, de estruendo o sonoros en los eventos y espect\u00e1culos que organice la Municipalidad y el Concejo Deliberante.<\/p>\n<div class=\"sharedaddy sd-sharing-enabled\"><div class=\"robots-nocontent sd-block sd-social sd-social-icon sd-sharing\"><h3 class=\"sd-title\">Comparte esto:<\/h3><div class=\"sd-content\"><ul><li class=\"share-twitter\"><a rel=\"nofollow noopener noreferrer\" data-shared=\"sharing-twitter-21428\" class=\"share-twitter sd-button share-icon no-text\" href=\"http:\/\/www.rtvnoticias.com.ar\/?p=21428&amp;share=twitter\" target=\"_blank\" title=\"Haz clic para compartir en Twitter\"><span><\/span><span class=\"sharing-screen-reader-text\">Haz clic para compartir en Twitter (Se abre en una ventana nueva)<\/span><\/a><\/li><li class=\"share-facebook\"><a rel=\"nofollow noopener noreferrer\" data-shared=\"sharing-facebook-21428\" class=\"share-facebook sd-button share-icon no-text\" href=\"http:\/\/www.rtvnoticias.com.ar\/?p=21428&amp;share=facebook\" target=\"_blank\" title=\"Haz clic para compartir en Facebook\"><span><\/span><span class=\"sharing-screen-reader-text\">Haz clic para compartir en Facebook (Se abre en una ventana nueva)<\/span><\/a><\/li><li class=\"share-jetpack-whatsapp\"><a rel=\"nofollow noopener noreferrer\" data-shared=\"\" class=\"share-jetpack-whatsapp sd-button share-icon no-text\" href=\"http:\/\/www.rtvnoticias.com.ar\/?p=21428&amp;share=jetpack-whatsapp\" target=\"_blank\" title=\"Haz clic para compartir en WhatsApp\"><span><\/span><span class=\"sharing-screen-reader-text\">Haz clic para compartir en WhatsApp (Se abre en una ventana nueva)<\/span><\/a><\/li><li class=\"share-telegram\"><a rel=\"nofollow noopener noreferrer\" data-shared=\"\" class=\"share-telegram sd-button share-icon no-text\" href=\"http:\/\/www.rtvnoticias.com.ar\/?p=21428&amp;share=telegram\" target=\"_blank\" title=\"Haz clic para compartir en Telegram\"><span><\/span><span class=\"sharing-screen-reader-text\">Haz clic para compartir en Telegram (Se abre en una ventana nueva)<\/span><\/a><\/li><li class=\"share-end\"><\/li><\/ul><\/div><\/div><\/div>","protected":false},"excerpt":{"rendered":"<p>El Concejo Deliberante de General Pico concret\u00f3, en el recinto montado en el Centro Cultura Marac\u00f3, el noveno encuentro ordinario del a\u00f1o, presidido por\u00a0 Daniel<\/p>\n<div class=\"sharedaddy sd-sharing-enabled\"><div class=\"robots-nocontent sd-block sd-social sd-social-icon sd-sharing\"><h3 class=\"sd-title\">Comparte esto:<\/h3><div class=\"sd-content\"><ul><li class=\"share-twitter\"><a rel=\"nofollow noopener noreferrer\" data-shared=\"sharing-twitter-21428\" class=\"share-twitter sd-button share-icon no-text\" href=\"http:\/\/www.rtvnoticias.com.ar\/?p=21428&amp;share=twitter\" target=\"_blank\" title=\"Haz clic para compartir en Twitter\"><span><\/span><span class=\"sharing-screen-reader-text\">Haz clic para compartir en Twitter (Se abre en una ventana nueva)<\/span><\/a><\/li><li class=\"share-facebook\"><a rel=\"nofollow noopener noreferrer\" data-shared=\"sharing-facebook-21428\" class=\"share-facebook sd-button share-icon no-text\" href=\"http:\/\/www.rtvnoticias.com.ar\/?p=21428&amp;share=facebook\" target=\"_blank\" title=\"Haz clic para compartir en Facebook\"><span><\/span><span class=\"sharing-screen-reader-text\">Haz clic para compartir en Facebook (Se abre en una ventana nueva)<\/span><\/a><\/li><li class=\"share-jetpack-whatsapp\"><a rel=\"nofollow noopener noreferrer\" data-shared=\"\" class=\"share-jetpack-whatsapp sd-button share-icon no-text\" href=\"http:\/\/www.rtvnoticias.com.ar\/?p=21428&amp;share=jetpack-whatsapp\" target=\"_blank\" title=\"Haz clic para compartir en WhatsApp\"><span><\/span><span class=\"sharing-screen-reader-text\">Haz clic para compartir en WhatsApp (Se abre en una ventana nueva)<\/span><\/a><\/li><li class=\"share-telegram\"><a rel=\"nofollow noopener noreferrer\" data-shared=\"\" class=\"share-telegram sd-button share-icon no-text\" href=\"http:\/\/www.rtvnoticias.com.ar\/?p=21428&amp;share=telegram\" target=\"_blank\" title=\"Haz clic para compartir en Telegram\"><span><\/span><span class=\"sharing-screen-reader-text\">Haz clic para compartir en Telegram (Se abre en una ventana nueva)<\/span><\/a><\/li><li class=\"share-end\"><\/li><\/ul><\/div><\/div><\/div>","protected":false},"author":5,"featured_media":21430,"comment_status":"closed","ping_status":"closed","sticky":false,"template":"","format":"standard","meta":{"spay_email":"","jetpack_publicize_message":"","jetpack_is_tweetstorm":false,"jetpack_publicize_feature_enabled":true},"categories":[3],"tags":[3325],"jetpack_featured_media_url":"http:\/\/www.rtvnoticias.com.ar\/wp-content\/uploads\/2020\/06\/l\u00f3pez-sesi\u00f3n.jpg","jetpack_publicize_connections":[],"jetpack_sharing_enabled":true,"_links":{"self":[{"href":"http:\/\/www.rtvnoticias.com.ar\/index.php?rest_route=\/wp\/v2\/posts\/21428"}],"collection":[{"href":"http:\/\/www.rtvnoticias.com.ar\/index.php?rest_route=\/wp\/v2\/posts"}],"about":[{"href":"http:\/\/www.rtvnoticias.com.ar\/index.php?rest_route=\/wp\/v2\/types\/post"}],"author":[{"embeddable":true,"href":"http:\/\/www.rtvnoticias.com.ar\/index.php?rest_route=\/wp\/v2\/users\/5"}],"replies":[{"embeddable":true,"href":"http:\/\/www.rtvnoticias.com.ar\/index.php?rest_route=%2Fwp%2Fv2%2Fcomments&post=21428"}],"version-history":[{"count":1,"href":"http:\/\/www.rtvnoticias.com.ar\/index.php?rest_route=\/wp\/v2\/posts\/21428\/revisions"}],"predecessor-version":[{"id":21431,"href":"http:\/\/www.rtvnoticias.com.ar\/index.php?rest_route=\/wp\/v2\/posts\/21428\/revisions\/21431"}],"wp:featuredmedia":[{"embeddable":true,"href":"http:\/\/www.rtvnoticias.com.ar\/index.php?rest_route=\/wp\/v2\/media\/21430"}],"wp:attachment":[{"href":"http:\/\/www.rtvnoticias.com.ar\/index.php?rest_route=%2Fwp%2Fv2%2Fmedia&parent=21428"}],"wp:term":[{"taxonomy":"category","embeddable":true,"href":"http:\/\/www.rtvnoticias.com.ar\/index.php?rest_route=%2Fwp%2Fv2%2Fcategories&post=21428"},{"taxonomy":"post_tag","embeddable":true,"href":"http:\/\/www.rtvnoticias.com.ar\/index.php?rest_route=%2Fwp%2Fv2%2Ftags&post=21428"}],"curies":[{"name":"wp","href":"https:\/\/api.w.org\/{rel}","templated":true}]}}