{"id":21433,"date":"2020-06-12T00:10:58","date_gmt":"2020-06-12T03:10:58","guid":{"rendered":"http:\/\/www.rtvnoticias.com.ar\/?p=21433"},"modified":"2020-06-11T19:52:19","modified_gmt":"2020-06-11T22:52:19","slug":"reunion-del-consejo-de-seguridad-interior-por-videoconferencia-y-participo-el-ministro-di-napoli","status":"publish","type":"post","link":"http:\/\/www.rtvnoticias.com.ar\/?p=21433","title":{"rendered":"Reuni\u00f3n del Consejo de Seguridad Interior por videoconferencia y particip\u00f3 el ministro di N\u00e1poli"},"content":{"rendered":"\n<p>El ministro de Seguridad, Horacio di N\u00e1poli, particip\u00f3 de la cuarta Reuni\u00f3n del Consejo de Seguridad Interior encabezada por la ministra de Seguridad de la Naci\u00f3n, Sabina Frederic. La videoconferencia tuvo como objetivo diagnosticar la situaci\u00f3n actual del pa\u00eds en relaci\u00f3n a seguridad, poniendo el foco en la violencia institucional y la pandemia de COVID-19, para elaborar planificaciones conjuntas para dar respuestas de cara al futuro inmediato.<\/p>\n\n\n\n<p>Del encuentro participaron casi todos los ministros de Seguridad provinciales y la presidenta del INADI, Victoria Donda.<\/p>\n\n\n\n<p>El inicio de la reuni\u00f3n cont\u00f3 con un mensaje especial del presidente de la Naci\u00f3n, Alberto Fern\u00e1ndez, quien resalt\u00f3 que \u201c\u00e9sta es una buena oportunidad para que juntos reflexionemos. Las Fuerzas de Seguridad y quienes manejan la Seguridad tienen que tener muy en claro el rol que les compete: perseguir el delito no da piedra libre para cualquier cosa, estamos obligados a recordar que existe un Estado de Derecho, que hay reglas, leyes y condiciones \u00e9ticas que se deben respetar. Tratemos de construir una mejor Seguridad, que prevenga y que act\u00fae con severidad dentro de ese Estado de Derecho, para que finalmente la Justicia castigue a quienes delinquen\u201d.<\/p>\n\n\n\n<p>En relaci\u00f3n a esto, Frederic anunci\u00f3 el lanzamiento de dos programas,&nbsp;la Comisi\u00f3n para la Articulaci\u00f3n Federal de la Formaci\u00f3n en Seguridad (CAFFOS) y el Programa Federal para el Fortalecimiento del Registro y An\u00e1lisis de la Informaci\u00f3n Criminal con perspectiva de G\u00e9nero, a cargo de la Subsecretar\u00eda de Derechos, Bienestar y G\u00e9nero y de la Direcci\u00f3n Nacional de Estad\u00edstica Criminal de esta cartera.<\/p>\n\n\n\n<p>Luego los ministros de cada provincia brindaron un informe detallado de cada regi\u00f3n en relaci\u00f3n a las medidas implementadas en este \u00faltimo tiempo, las problem\u00e1ticas observadas y las labores llevadas adelante para mitigar el COVID-19, donde se resalt\u00f3 que todos los miembros de la fuerza recibieron los insumos necesarios para el cuidado personal y el de todos los ciudadanos.<\/p>\n\n\n\n<p>Finalmente la titular del Ministerio de Seguridad de la Naci\u00f3n agradeci\u00f3 por el trabajo que se est\u00e1 implementando a lo largo del pa\u00eds y se program\u00f3 un pr\u00f3ximo encuentro para continuar trabajando en las tem\u00e1ticas.<\/p>\n<div class=\"sharedaddy sd-sharing-enabled\"><div class=\"robots-nocontent sd-block sd-social sd-social-icon sd-sharing\"><h3 class=\"sd-title\">Comparte esto:<\/h3><div class=\"sd-content\"><ul><li class=\"share-twitter\"><a rel=\"nofollow noopener noreferrer\" data-shared=\"sharing-twitter-21433\" class=\"share-twitter sd-button share-icon no-text\" href=\"http:\/\/www.rtvnoticias.com.ar\/?p=21433&amp;share=twitter\" target=\"_blank\" title=\"Haz clic para compartir en Twitter\"><span><\/span><span class=\"sharing-screen-reader-text\">Haz clic para compartir en Twitter (Se abre en una ventana nueva)<\/span><\/a><\/li><li class=\"share-facebook\"><a rel=\"nofollow noopener noreferrer\" data-shared=\"sharing-facebook-21433\" class=\"share-facebook sd-button share-icon no-text\" href=\"http:\/\/www.rtvnoticias.com.ar\/?p=21433&amp;share=facebook\" target=\"_blank\" title=\"Haz clic para compartir en Facebook\"><span><\/span><span class=\"sharing-screen-reader-text\">Haz clic para compartir en Facebook (Se abre en una ventana nueva)<\/span><\/a><\/li><li class=\"share-jetpack-whatsapp\"><a rel=\"nofollow noopener noreferrer\" data-shared=\"\" class=\"share-jetpack-whatsapp sd-button share-icon no-text\" href=\"http:\/\/www.rtvnoticias.com.ar\/?p=21433&amp;share=jetpack-whatsapp\" target=\"_blank\" title=\"Haz clic para compartir en WhatsApp\"><span><\/span><span class=\"sharing-screen-reader-text\">Haz clic para compartir en WhatsApp (Se abre en una ventana nueva)<\/span><\/a><\/li><li class=\"share-telegram\"><a rel=\"nofollow noopener noreferrer\" data-shared=\"\" class=\"share-telegram sd-button share-icon no-text\" href=\"http:\/\/www.rtvnoticias.com.ar\/?p=21433&amp;share=telegram\" target=\"_blank\" title=\"Haz clic para compartir en Telegram\"><span><\/span><span class=\"sharing-screen-reader-text\">Haz clic para compartir en Telegram (Se abre en una ventana nueva)<\/span><\/a><\/li><li class=\"share-end\"><\/li><\/ul><\/div><\/div><\/div>","protected":false},"excerpt":{"rendered":"<p>El ministro de Seguridad, Horacio di N\u00e1poli, particip\u00f3 de la cuarta Reuni\u00f3n del Consejo de Seguridad Interior encabezada por la ministra de Seguridad de la<\/p>\n<div class=\"sharedaddy sd-sharing-enabled\"><div class=\"robots-nocontent sd-block sd-social sd-social-icon sd-sharing\"><h3 class=\"sd-title\">Comparte esto:<\/h3><div class=\"sd-content\"><ul><li class=\"share-twitter\"><a rel=\"nofollow noopener noreferrer\" data-shared=\"sharing-twitter-21433\" class=\"share-twitter sd-button share-icon no-text\" href=\"http:\/\/www.rtvnoticias.com.ar\/?p=21433&amp;share=twitter\" target=\"_blank\" title=\"Haz clic para compartir en Twitter\"><span><\/span><span class=\"sharing-screen-reader-text\">Haz clic para compartir en Twitter (Se abre en una ventana nueva)<\/span><\/a><\/li><li class=\"share-facebook\"><a rel=\"nofollow noopener noreferrer\" data-shared=\"sharing-facebook-21433\" class=\"share-facebook sd-button share-icon no-text\" href=\"http:\/\/www.rtvnoticias.com.ar\/?p=21433&amp;share=facebook\" target=\"_blank\" title=\"Haz clic para compartir en Facebook\"><span><\/span><span class=\"sharing-screen-reader-text\">Haz clic para compartir en Facebook (Se abre en una ventana nueva)<\/span><\/a><\/li><li class=\"share-jetpack-whatsapp\"><a rel=\"nofollow noopener noreferrer\" data-shared=\"\" class=\"share-jetpack-whatsapp sd-button share-icon no-text\" href=\"http:\/\/www.rtvnoticias.com.ar\/?p=21433&amp;share=jetpack-whatsapp\" target=\"_blank\" title=\"Haz clic para compartir en WhatsApp\"><span><\/span><span class=\"sharing-screen-reader-text\">Haz clic para compartir en WhatsApp (Se abre en una ventana nueva)<\/span><\/a><\/li><li class=\"share-telegram\"><a rel=\"nofollow noopener noreferrer\" data-shared=\"\" class=\"share-telegram sd-button share-icon no-text\" href=\"http:\/\/www.rtvnoticias.com.ar\/?p=21433&amp;share=telegram\" target=\"_blank\" title=\"Haz clic para compartir en Telegram\"><span><\/span><span class=\"sharing-screen-reader-text\">Haz clic para compartir en Telegram (Se abre en una ventana nueva)<\/span><\/a><\/li><li class=\"share-end\"><\/li><\/ul><\/div><\/div><\/div>","protected":false},"author":5,"featured_media":21436,"comment_status":"closed","ping_status":"closed","sticky":false,"template":"","format":"standard","meta":{"spay_email":"","jetpack_publicize_message":"","jetpack_is_tweetstorm":false,"jetpack_publicize_feature_enabled":true},"categories":[4],"tags":[3326],"jetpack_featured_media_url":"http:\/\/www.rtvnoticias.com.ar\/wp-content\/uploads\/2020\/06\/dinapoli.jpg","jetpack_publicize_connections":[],"jetpack_sharing_enabled":true,"_links":{"self":[{"href":"http:\/\/www.rtvnoticias.com.ar\/index.php?rest_route=\/wp\/v2\/posts\/21433"}],"collection":[{"href":"http:\/\/www.rtvnoticias.com.ar\/index.php?rest_route=\/wp\/v2\/posts"}],"about":[{"href":"http:\/\/www.rtvnoticias.com.ar\/index.php?rest_route=\/wp\/v2\/types\/post"}],"author":[{"embeddable":true,"href":"http:\/\/www.rtvnoticias.com.ar\/index.php?rest_route=\/wp\/v2\/users\/5"}],"replies":[{"embeddable":true,"href":"http:\/\/www.rtvnoticias.com.ar\/index.php?rest_route=%2Fwp%2Fv2%2Fcomments&post=21433"}],"version-history":[{"count":1,"href":"http:\/\/www.rtvnoticias.com.ar\/index.php?rest_route=\/wp\/v2\/posts\/21433\/revisions"}],"predecessor-version":[{"id":21434,"href":"http:\/\/www.rtvnoticias.com.ar\/index.php?rest_route=\/wp\/v2\/posts\/21433\/revisions\/21434"}],"wp:featuredmedia":[{"embeddable":true,"href":"http:\/\/www.rtvnoticias.com.ar\/index.php?rest_route=\/wp\/v2\/media\/21436"}],"wp:attachment":[{"href":"http:\/\/www.rtvnoticias.com.ar\/index.php?rest_route=%2Fwp%2Fv2%2Fmedia&parent=21433"}],"wp:term":[{"taxonomy":"category","embeddable":true,"href":"http:\/\/www.rtvnoticias.com.ar\/index.php?rest_route=%2Fwp%2Fv2%2Fcategories&post=21433"},{"taxonomy":"post_tag","embeddable":true,"href":"http:\/\/www.rtvnoticias.com.ar\/index.php?rest_route=%2Fwp%2Fv2%2Ftags&post=21433"}],"curies":[{"name":"wp","href":"https:\/\/api.w.org\/{rel}","templated":true}]}}