{"id":21447,"date":"2020-06-12T11:48:05","date_gmt":"2020-06-12T14:48:05","guid":{"rendered":"http:\/\/www.rtvnoticias.com.ar\/?p=21447"},"modified":"2020-06-12T11:49:01","modified_gmt":"2020-06-12T14:49:01","slug":"ahorro-en-horas-extras-permitio-comprar-dos-recolectoras-y-un-camion-a-la-municipalidad","status":"publish","type":"post","link":"http:\/\/www.rtvnoticias.com.ar\/?p=21447","title":{"rendered":"Ahorro en horas extras permiti\u00f3 comprar dos recolectoras y un cami\u00f3n a la municipalidad"},"content":{"rendered":"\n<p>La Municipalidad de General Pico realiz\u00f3 un fuerte ahorro durante estos 100 d\u00edas de cuarentena en horas extras del personal que le permite adquirir, mediante licitaci\u00f3n que se est\u00e1 elaborando por esta horas, la compra de dos unidades recolectoras y un cami\u00f3n cero kil\u00f3metro.<\/p>\n\n\n\n<p>La informaci\u00f3n fue dada por la intendente municipal Fernanda Alonso al programa Una Ma\u00f1ana de Locos de Radio 37, donde abord\u00f3 varios temas vinculados al funcionamiento comunal.<\/p>\n\n\n\n<p>\u00abEn el mes de marzo pagamos 8 millones de horas extras al personal, mientras que en abril se abon\u00f3 2,8 millones, lo que signific\u00f3 un ahorro de 5.2 millones de pesos\u00bb, afirm\u00f3 la jefa comunal.<\/p>\n\n\n\n<p>Ese ahorro en horas extras permiti\u00f3 que el municipio pueda hacer frente a la compra de equipamientos que necesita para seguir mejorando algunos servicios, en este caso puntual con la adquisici\u00f3n de dos recolectoras y un cami\u00f3n. <\/p>\n\n\n\n<p>Cabe mencionar que un cami\u00f3n de la caracter\u00edsticas que necesita el  municipio est\u00e1 en el orden de los 5 millones de pesos, con lo que el ahorro de un mes de horas extras permiti\u00f3 dicha compra. <\/p>\n\n\n\n<p>Reconoci\u00f3 que hubo varias actividades suspendidas por la cuarentena como las culturales o de recreaci\u00f3n, donde no tuvieron que pagar horas extras. De todas formas dijo que el mayor ahorro se dio en la reestructuraron servicios y las actividades, focalizando mejor el trabajo.<\/p>\n\n\n\n<p>\u00abTuvimos que desandar el camino de mucho tiempo,  porque en varios casos la hora extra fue un complemento del sueldo del empleado p\u00fablico. Hubo resistencia de todos lados, pero se fue entendiendo\u00bb, asegur\u00f3 Alonso.<\/p>\n\n\n\n<p>Si bien con la vuelta del trabajo presencial, que ser\u00eda la pr\u00f3xima semana, podr\u00edan aumentar algunas horas extras en el persona, asegur\u00f3 Alonso que no ser\u00e1n muchas y el ahorro seguir\u00e1 siendo muy importante en comparaci\u00f3n con lo que se ven\u00eda pagando.<\/p>\n\n\n\n<p>RESIDUOS Y ESTACION DE TRANSFERENCIA SUR<\/p>\n\n\n\n<p>En relaci\u00f3n al cambio de horario en la recolecci\u00f3n domiciliaria, que pas\u00f3 exclusivamente a la ma\u00f1ana, dijo que se analizaron varios factores, algunos de funcionamiento focalizando mejor las tareas y otras de seguridad para el personal.<\/p>\n\n\n\n<p>\u00abLa recolecci\u00f3n por la ma\u00f1ana fue un cambio y el vecino lo recibi\u00f3 muy bien. Lo ordenamos mejor y hay m\u00e1s seguridad para el empleado que trabaja con luz\u00bb,  asegur\u00f3 Alonso.<\/p>\n\n\n\n<p>Tambi\u00e9n indic\u00f3 que durante la jornada diurna est\u00e1 todo el personal y no se deben armar guardias en los talleres como ocurr\u00eda en los casos de la noche. \u00abTodos estos cambios significaron un gran esfuerzo del personal, que lo entendi\u00f3\u00bb, afirm\u00f3.<\/p>\n\n\n\n<p>Por otra parte confirm\u00f3 que se avanza con la estaci\u00f3n de transferencia de residuos sur, que estar\u00e1 en el predio donde funciona la planta de asfalto. Este espacio servir\u00e1 para que lleguen de mejor manera los vecinos de ese sector de la ciudad.<\/p>\n\n\n\n<figure class=\"wp-block-embed-facebook wp-block-embed is-type-video is-provider-facebook\"><div class=\"wp-block-embed__wrapper\">\n<div class=\"fb-video\" data-allowfullscreen=\"true\" data-href=\"https:\/\/www.facebook.com\/Radio37\/videos\/628937597833200\/\"><\/div>\n<\/div><\/figure>\n\n\n\n<p><\/p>\n\n\n\n<p>  <\/p>\n<div class=\"sharedaddy sd-sharing-enabled\"><div class=\"robots-nocontent sd-block sd-social sd-social-icon sd-sharing\"><h3 class=\"sd-title\">Comparte esto:<\/h3><div class=\"sd-content\"><ul><li class=\"share-twitter\"><a rel=\"nofollow noopener noreferrer\" data-shared=\"sharing-twitter-21447\" class=\"share-twitter sd-button share-icon no-text\" href=\"http:\/\/www.rtvnoticias.com.ar\/?p=21447&amp;share=twitter\" target=\"_blank\" title=\"Haz clic para compartir en Twitter\"><span><\/span><span class=\"sharing-screen-reader-text\">Haz clic para compartir en Twitter (Se abre en una ventana nueva)<\/span><\/a><\/li><li class=\"share-facebook\"><a rel=\"nofollow noopener noreferrer\" data-shared=\"sharing-facebook-21447\" class=\"share-facebook sd-button share-icon no-text\" href=\"http:\/\/www.rtvnoticias.com.ar\/?p=21447&amp;share=facebook\" target=\"_blank\" title=\"Haz clic para compartir en Facebook\"><span><\/span><span class=\"sharing-screen-reader-text\">Haz clic para compartir en Facebook (Se abre en una ventana nueva)<\/span><\/a><\/li><li class=\"share-jetpack-whatsapp\"><a rel=\"nofollow noopener noreferrer\" data-shared=\"\" class=\"share-jetpack-whatsapp sd-button share-icon no-text\" href=\"http:\/\/www.rtvnoticias.com.ar\/?p=21447&amp;share=jetpack-whatsapp\" target=\"_blank\" title=\"Haz clic para compartir en WhatsApp\"><span><\/span><span class=\"sharing-screen-reader-text\">Haz clic para compartir en WhatsApp (Se abre en una ventana nueva)<\/span><\/a><\/li><li class=\"share-telegram\"><a rel=\"nofollow noopener noreferrer\" data-shared=\"\" class=\"share-telegram sd-button share-icon no-text\" href=\"http:\/\/www.rtvnoticias.com.ar\/?p=21447&amp;share=telegram\" target=\"_blank\" title=\"Haz clic para compartir en Telegram\"><span><\/span><span class=\"sharing-screen-reader-text\">Haz clic para compartir en Telegram (Se abre en una ventana nueva)<\/span><\/a><\/li><li class=\"share-end\"><\/li><\/ul><\/div><\/div><\/div>","protected":false},"excerpt":{"rendered":"<p>La Municipalidad de General Pico realiz\u00f3 un fuerte ahorro durante estos 100 d\u00edas de cuarentena en horas extras del personal que le permite adquirir, mediante<\/p>\n<div class=\"sharedaddy sd-sharing-enabled\"><div class=\"robots-nocontent sd-block sd-social sd-social-icon sd-sharing\"><h3 class=\"sd-title\">Comparte esto:<\/h3><div class=\"sd-content\"><ul><li class=\"share-twitter\"><a rel=\"nofollow noopener noreferrer\" data-shared=\"sharing-twitter-21447\" class=\"share-twitter sd-button share-icon no-text\" href=\"http:\/\/www.rtvnoticias.com.ar\/?p=21447&amp;share=twitter\" target=\"_blank\" title=\"Haz clic para compartir en Twitter\"><span><\/span><span class=\"sharing-screen-reader-text\">Haz clic para compartir en Twitter (Se abre en una ventana nueva)<\/span><\/a><\/li><li class=\"share-facebook\"><a rel=\"nofollow noopener noreferrer\" data-shared=\"sharing-facebook-21447\" class=\"share-facebook sd-button share-icon no-text\" href=\"http:\/\/www.rtvnoticias.com.ar\/?p=21447&amp;share=facebook\" target=\"_blank\" title=\"Haz clic para compartir en Facebook\"><span><\/span><span class=\"sharing-screen-reader-text\">Haz clic para compartir en Facebook (Se abre en una ventana nueva)<\/span><\/a><\/li><li class=\"share-jetpack-whatsapp\"><a rel=\"nofollow noopener noreferrer\" data-shared=\"\" class=\"share-jetpack-whatsapp sd-button share-icon no-text\" href=\"http:\/\/www.rtvnoticias.com.ar\/?p=21447&amp;share=jetpack-whatsapp\" target=\"_blank\" title=\"Haz clic para compartir en WhatsApp\"><span><\/span><span class=\"sharing-screen-reader-text\">Haz clic para compartir en WhatsApp (Se abre en una ventana nueva)<\/span><\/a><\/li><li class=\"share-telegram\"><a rel=\"nofollow noopener noreferrer\" data-shared=\"\" class=\"share-telegram sd-button share-icon no-text\" href=\"http:\/\/www.rtvnoticias.com.ar\/?p=21447&amp;share=telegram\" target=\"_blank\" title=\"Haz clic para compartir en Telegram\"><span><\/span><span class=\"sharing-screen-reader-text\">Haz clic para compartir en Telegram (Se abre en una ventana nueva)<\/span><\/a><\/li><li class=\"share-end\"><\/li><\/ul><\/div><\/div><\/div>","protected":false},"author":5,"featured_media":21451,"comment_status":"closed","ping_status":"closed","sticky":false,"template":"","format":"standard","meta":{"spay_email":"","jetpack_publicize_message":"","jetpack_is_tweetstorm":false,"jetpack_publicize_feature_enabled":true},"categories":[1],"tags":[],"jetpack_featured_media_url":"http:\/\/www.rtvnoticias.com.ar\/wp-content\/uploads\/2020\/06\/foto-audio-alonso.png","jetpack_publicize_connections":[],"jetpack_sharing_enabled":true,"_links":{"self":[{"href":"http:\/\/www.rtvnoticias.com.ar\/index.php?rest_route=\/wp\/v2\/posts\/21447"}],"collection":[{"href":"http:\/\/www.rtvnoticias.com.ar\/index.php?rest_route=\/wp\/v2\/posts"}],"about":[{"href":"http:\/\/www.rtvnoticias.com.ar\/index.php?rest_route=\/wp\/v2\/types\/post"}],"author":[{"embeddable":true,"href":"http:\/\/www.rtvnoticias.com.ar\/index.php?rest_route=\/wp\/v2\/users\/5"}],"replies":[{"embeddable":true,"href":"http:\/\/www.rtvnoticias.com.ar\/index.php?rest_route=%2Fwp%2Fv2%2Fcomments&post=21447"}],"version-history":[{"count":4,"href":"http:\/\/www.rtvnoticias.com.ar\/index.php?rest_route=\/wp\/v2\/posts\/21447\/revisions"}],"predecessor-version":[{"id":21453,"href":"http:\/\/www.rtvnoticias.com.ar\/index.php?rest_route=\/wp\/v2\/posts\/21447\/revisions\/21453"}],"wp:featuredmedia":[{"embeddable":true,"href":"http:\/\/www.rtvnoticias.com.ar\/index.php?rest_route=\/wp\/v2\/media\/21451"}],"wp:attachment":[{"href":"http:\/\/www.rtvnoticias.com.ar\/index.php?rest_route=%2Fwp%2Fv2%2Fmedia&parent=21447"}],"wp:term":[{"taxonomy":"category","embeddable":true,"href":"http:\/\/www.rtvnoticias.com.ar\/index.php?rest_route=%2Fwp%2Fv2%2Fcategories&post=21447"},{"taxonomy":"post_tag","embeddable":true,"href":"http:\/\/www.rtvnoticias.com.ar\/index.php?rest_route=%2Fwp%2Fv2%2Ftags&post=21447"}],"curies":[{"name":"wp","href":"https:\/\/api.w.org\/{rel}","templated":true}]}}