{"id":21455,"date":"2020-06-12T12:10:03","date_gmt":"2020-06-12T15:10:03","guid":{"rendered":"http:\/\/www.rtvnoticias.com.ar\/?p=21455"},"modified":"2020-06-12T20:18:43","modified_gmt":"2020-06-12T23:18:43","slug":"coronavirus-ziliotto-anuncia-nuevas-medidas-actividades-habilitadas-dias-y-horarios-en-vivo","status":"publish","type":"post","link":"http:\/\/www.rtvnoticias.com.ar\/?p=21455","title":{"rendered":"Coronavirus: Ziliotto anuncia nuevas medidas, actividades habilitadas, d\u00edas y horarios (en vivo)"},"content":{"rendered":"\n<p><\/p>\n\n\n\n<figure class=\"wp-block-image\"><img alt=\"\"\/><\/figure>\n\n\n\n<p>Se ampl\u00edan y unifican franjas horarias de las actividades econ\u00f3micas y sociales, y se incorporan nuevas como la caza deportiva y el funcionamiento de establecimientos educativos universitarios y terciarios sin dictado presencial de clases. En funci\u00f3n de la habilitaci\u00f3n para circular entre departamentos provinciales,  se autoriz\u00f3 el Servicio de Transporte P\u00fablico de Pasajeros Interurbano. Los decretos con las nuevas medidas ya se encuentran publicados en el Bolet\u00edn Oficial del Gobierno de La Pampa.   <\/p>\n\n\n\n<p>El nuevo esquema de flexibilizaci\u00f3n fue anunciado en conferencia de prensa por el gobernador, Sergio Ziliotto, quien estuvo acompa\u00f1ado por el vicegobernador Mariano Fern\u00e1ndez y los ministros Pablo Bensus\u00e1n y Mario Kohan.<\/p>\n\n\n\n<p>Las medidas adoptadas en La Pampa se sostienen en la facultad otorgada a la provincia por el \u00faltimo Decreto de Necesidad y Urgencia del Gobierno Nacional.<br><\/p>\n\n\n\n<p>En igual sentido el Gobierno de La Pampa facult\u00f3 a los intendentes a \u201crestringir, acotar o limitar los horarios de las actividades econ\u00f3micas en general y de otras actividades comunitarias y asistenciales\u201d.<br><\/p>\n\n\n\n<p>Ziliotto llam\u00f3 a los pampeanos a \u201cser responsables\u201d en esta nueva etapa y \u201ccuidar lo que nos hemos ganado entre todos. Nos cost\u00f3 mucho lograr el estatus sanitario que hoy tenemos, no lo tiremos por la borda\u201d.<br><\/p>\n\n\n\n<p>Advirti\u00f3 que ha habido un \u201crelajamiento peligroso\u201d de las medidas de prevenci\u00f3n  epidemiol\u00f3gica, y a modo de ejemplo se\u00f1al\u00f3 que el \u00faltimo fin de semana, en Santa Rosa, se registr\u00f3 m\u00e1s movimiento que previo al dictado de la cuarentena por la pandemia.<br><\/p>\n\n\n\n<p><strong>Actividades restringidas<\/strong><br><\/p>\n\n\n\n<p>El mandatario comenz\u00f3 la conferencia de prensa informando las actividades que contin\u00faan restringidas con motivo de la pandemia de Coronavirus. En este sentido puntualiz\u00f3 que siguen prohibidos eventos de cualquier \u00edndole de m\u00e1s de diez personas; pr\u00e1ctica de deportes de conjunto, que signifiquen contacto f\u00edsico; cines, teatros y centros culturales y el  turismo.<br><\/p>\n\n\n\n<p><strong>Actividades Habilitadas<\/strong><br><\/p>\n\n\n\n<p>La nueva normativa provincial, fija d\u00edas y horarios en funci\u00f3n de la delegaci\u00f3n expresa que el Decreto de Necesidad y Urgencia presidencial.<br><\/p>\n\n\n\n<p>De 8 a 20 horas: en esa franja horaria se habilitan  las actividades econ\u00f3micas en general; las actividades deportivas, art\u00edsticas y culturales; los entrenamientos de los deportes de conjunto; las agencias de quiniela con una hora de tolerancia; las guarder\u00edas y clases presenciales deportivas, culturales, art\u00edsticas y f\u00edsicas, no dependientes del Ministerio de Educaci\u00f3n.<br><\/p>\n\n\n\n<p>De 8 a 24 horas: con estos horarios podr\u00e1n funcionar restaurantes y locales de gastronom\u00eda, hasta 10 personas por mesa y con una tolerancia de una hora m\u00e1s a partir de la hora del cierre. Abrir\u00e1n sus puertas los comedores comunitarios incluidos los p\u00fablicos y se podr\u00e1n realizar encuentros sociales y familiares.<br><\/p>\n\n\n\n<p><strong>Transporte, caza y educaci\u00f3n<\/strong><br><\/p>\n\n\n\n<p>La provincia de La Pampa autoriz\u00f3 el Servicio de Transporte P\u00fablico de Pasajeros Interurbano en todo el territorio, como as\u00ed tambi\u00e9n la caza deportiva.<br><\/p>\n\n\n\n<p>Fueron habilitadas las universidades p\u00fablicas, privadas y los institutos terciarios sin dictado presencial de clases. Podr\u00e1n realizar actividades administrativas; abrir comedores y poner en funcionamiento el transporte universitario. Asimismo est\u00e1n facultadas a entregar diplomas, la conformaci\u00f3n de mesas de examen.<br><\/p>\n\n\n\n<p>El gobernador anunci\u00f3 adem\u00e1s que se habilitaron las visitas a establecimientos residenciales de Adultos Mayores, observando estrictas medidas sanitarias previstas en los protocolos elaborados.<br><\/p>\n\n\n\n<p><strong>Medidas de prevenci\u00f3n<\/strong><br><\/p>\n\n\n\n<p>En todos los  casos se deber\u00e1 conservar una distancia m\u00ednima de dos metros, tal como recomiendan las autoridades nacionales para evitar la proliferaci\u00f3n  del virus y mantener el estatus sanitario de la provincia.<br><\/p>\n\n\n\n<p>En relaci\u00f3n al uso de SUPERFICIES CERRADAS se establece que podr\u00e1 emplearse hasta un m\u00e1ximo del 50 % de su capacidad.<br><\/p>\n\n\n\n<p>En este sentido se establece la obligatoriedad de limitar la densidad de ocupaci\u00f3n de espacios (salas de reuni\u00f3n, oficinas, comedor, cocina, vestuarios, etc\u00e9tera) a una  persona cada 2,25 por m2.<\/p>\n<div class=\"sharedaddy sd-sharing-enabled\"><div class=\"robots-nocontent sd-block sd-social sd-social-icon sd-sharing\"><h3 class=\"sd-title\">Comparte esto:<\/h3><div class=\"sd-content\"><ul><li class=\"share-twitter\"><a rel=\"nofollow noopener noreferrer\" data-shared=\"sharing-twitter-21455\" class=\"share-twitter sd-button share-icon no-text\" href=\"http:\/\/www.rtvnoticias.com.ar\/?p=21455&amp;share=twitter\" target=\"_blank\" title=\"Haz clic para compartir en Twitter\"><span><\/span><span class=\"sharing-screen-reader-text\">Haz clic para compartir en Twitter (Se abre en una ventana nueva)<\/span><\/a><\/li><li class=\"share-facebook\"><a rel=\"nofollow noopener noreferrer\" data-shared=\"sharing-facebook-21455\" class=\"share-facebook sd-button share-icon no-text\" href=\"http:\/\/www.rtvnoticias.com.ar\/?p=21455&amp;share=facebook\" target=\"_blank\" title=\"Haz clic para compartir en Facebook\"><span><\/span><span class=\"sharing-screen-reader-text\">Haz clic para compartir en Facebook (Se abre en una ventana nueva)<\/span><\/a><\/li><li class=\"share-jetpack-whatsapp\"><a rel=\"nofollow noopener noreferrer\" data-shared=\"\" class=\"share-jetpack-whatsapp sd-button share-icon no-text\" href=\"http:\/\/www.rtvnoticias.com.ar\/?p=21455&amp;share=jetpack-whatsapp\" target=\"_blank\" title=\"Haz clic para compartir en WhatsApp\"><span><\/span><span class=\"sharing-screen-reader-text\">Haz clic para compartir en WhatsApp (Se abre en una ventana nueva)<\/span><\/a><\/li><li class=\"share-telegram\"><a rel=\"nofollow noopener noreferrer\" data-shared=\"\" class=\"share-telegram sd-button share-icon no-text\" href=\"http:\/\/www.rtvnoticias.com.ar\/?p=21455&amp;share=telegram\" target=\"_blank\" title=\"Haz clic para compartir en Telegram\"><span><\/span><span class=\"sharing-screen-reader-text\">Haz clic para compartir en Telegram (Se abre en una ventana nueva)<\/span><\/a><\/li><li class=\"share-end\"><\/li><\/ul><\/div><\/div><\/div>","protected":false},"excerpt":{"rendered":"<p>Se ampl\u00edan y unifican franjas horarias de las actividades econ\u00f3micas y sociales, y se incorporan nuevas como la caza deportiva y el funcionamiento de establecimientos<\/p>\n<div class=\"sharedaddy sd-sharing-enabled\"><div class=\"robots-nocontent sd-block sd-social sd-social-icon sd-sharing\"><h3 class=\"sd-title\">Comparte esto:<\/h3><div class=\"sd-content\"><ul><li class=\"share-twitter\"><a rel=\"nofollow noopener noreferrer\" data-shared=\"sharing-twitter-21455\" class=\"share-twitter sd-button share-icon no-text\" href=\"http:\/\/www.rtvnoticias.com.ar\/?p=21455&amp;share=twitter\" target=\"_blank\" title=\"Haz clic para compartir en Twitter\"><span><\/span><span class=\"sharing-screen-reader-text\">Haz clic para compartir en Twitter (Se abre en una ventana nueva)<\/span><\/a><\/li><li class=\"share-facebook\"><a rel=\"nofollow noopener noreferrer\" data-shared=\"sharing-facebook-21455\" class=\"share-facebook sd-button share-icon no-text\" href=\"http:\/\/www.rtvnoticias.com.ar\/?p=21455&amp;share=facebook\" target=\"_blank\" title=\"Haz clic para compartir en Facebook\"><span><\/span><span class=\"sharing-screen-reader-text\">Haz clic para compartir en Facebook (Se abre en una ventana nueva)<\/span><\/a><\/li><li class=\"share-jetpack-whatsapp\"><a rel=\"nofollow noopener noreferrer\" data-shared=\"\" class=\"share-jetpack-whatsapp sd-button share-icon no-text\" href=\"http:\/\/www.rtvnoticias.com.ar\/?p=21455&amp;share=jetpack-whatsapp\" target=\"_blank\" title=\"Haz clic para compartir en WhatsApp\"><span><\/span><span class=\"sharing-screen-reader-text\">Haz clic para compartir en WhatsApp (Se abre en una ventana nueva)<\/span><\/a><\/li><li class=\"share-telegram\"><a rel=\"nofollow noopener noreferrer\" data-shared=\"\" class=\"share-telegram sd-button share-icon no-text\" href=\"http:\/\/www.rtvnoticias.com.ar\/?p=21455&amp;share=telegram\" target=\"_blank\" title=\"Haz clic para compartir en Telegram\"><span><\/span><span class=\"sharing-screen-reader-text\">Haz clic para compartir en Telegram (Se abre en una ventana nueva)<\/span><\/a><\/li><li class=\"share-end\"><\/li><\/ul><\/div><\/div><\/div>","protected":false},"author":7,"featured_media":21456,"comment_status":"closed","ping_status":"closed","sticky":false,"template":"","format":"standard","meta":{"spay_email":"","jetpack_publicize_message":"","jetpack_is_tweetstorm":false,"jetpack_publicize_feature_enabled":true},"categories":[1],"tags":[],"jetpack_featured_media_url":"http:\/\/www.rtvnoticias.com.ar\/wp-content\/uploads\/2020\/06\/zilio.png","jetpack_publicize_connections":[],"jetpack_sharing_enabled":true,"_links":{"self":[{"href":"http:\/\/www.rtvnoticias.com.ar\/index.php?rest_route=\/wp\/v2\/posts\/21455"}],"collection":[{"href":"http:\/\/www.rtvnoticias.com.ar\/index.php?rest_route=\/wp\/v2\/posts"}],"about":[{"href":"http:\/\/www.rtvnoticias.com.ar\/index.php?rest_route=\/wp\/v2\/types\/post"}],"author":[{"embeddable":true,"href":"http:\/\/www.rtvnoticias.com.ar\/index.php?rest_route=\/wp\/v2\/users\/7"}],"replies":[{"embeddable":true,"href":"http:\/\/www.rtvnoticias.com.ar\/index.php?rest_route=%2Fwp%2Fv2%2Fcomments&post=21455"}],"version-history":[{"count":2,"href":"http:\/\/www.rtvnoticias.com.ar\/index.php?rest_route=\/wp\/v2\/posts\/21455\/revisions"}],"predecessor-version":[{"id":21470,"href":"http:\/\/www.rtvnoticias.com.ar\/index.php?rest_route=\/wp\/v2\/posts\/21455\/revisions\/21470"}],"wp:featuredmedia":[{"embeddable":true,"href":"http:\/\/www.rtvnoticias.com.ar\/index.php?rest_route=\/wp\/v2\/media\/21456"}],"wp:attachment":[{"href":"http:\/\/www.rtvnoticias.com.ar\/index.php?rest_route=%2Fwp%2Fv2%2Fmedia&parent=21455"}],"wp:term":[{"taxonomy":"category","embeddable":true,"href":"http:\/\/www.rtvnoticias.com.ar\/index.php?rest_route=%2Fwp%2Fv2%2Fcategories&post=21455"},{"taxonomy":"post_tag","embeddable":true,"href":"http:\/\/www.rtvnoticias.com.ar\/index.php?rest_route=%2Fwp%2Fv2%2Ftags&post=21455"}],"curies":[{"name":"wp","href":"https:\/\/api.w.org\/{rel}","templated":true}]}}