{"id":21480,"date":"2020-06-13T18:59:44","date_gmt":"2020-06-13T21:59:44","guid":{"rendered":"http:\/\/www.rtvnoticias.com.ar\/?p=21480"},"modified":"2020-06-13T18:59:48","modified_gmt":"2020-06-13T21:59:48","slug":"continuo-el-programa-de-busqueda-activa-del-virus-en-realico","status":"publish","type":"post","link":"http:\/\/www.rtvnoticias.com.ar\/?p=21480","title":{"rendered":"Continu\u00f3 el programa de b\u00fasqueda activa del virus en Realic\u00f3"},"content":{"rendered":"\n<p>En el marco del plan \u00abB\u00fasqueda activa de Coronavirus en grupos espec\u00edficos\u00bb, tal como lo determinara el gobernador, Sergio Ziliotto, desde el Ministerio de Salud lo realizaron a transportistas de Realic\u00f3. Participaron del encuentro el subsecretario de Salud, Gustavo Vera, los referentes de la Direcci\u00f3n de Epidemiolog\u00eda, Claudia Elorza, Pedro Benitez y Heraldo Tolosa.<\/p>\n\n\n\n<p>Los funcionarios brindaron una charla a los transportistas, donde se recordaron las medidas de prevenci\u00f3n y posteriormente se efectu\u00f3 la toma voluntaria de muestras.\u00a0 <\/p>\n\n\n\n<p>En principio, junto al intendente Jos\u00e9 \u00c1lvarez, el director del Hospital Leandro\u00a0 Deambrossio, el Comisario, Andr\u00e9s Aranguez y funcionarios municipales entre otros, desde el Centro Cultural y de Convenciones, los especialistas de salud y autoridades se reunieron con alrededor de 40 transportistas. <\/p>\n\n\n\n<p>En el encuentro los agentes sanitarios reiteraron las medidas de prevenci\u00f3n del virus y los lugare\u00f1os se sacaron dudas vinculadas a la pandemia.<br>Tras la charla informativa y con una excelente predisposici\u00f3n de todos los integrantes del encuentro, 26 transportistas se hicieron el hisopado voluntario.<\/p>\n\n\n\n<p>Esta metodolog\u00eda de rastreo fue dictada por el gobernador, Sergio Ziliotto y se orienta a trabajar sobre grupos espec\u00edficos, en este caso se trata de transportistas que deben trasladarse en la mayor\u00eda de los casos, fuera de los l\u00edmites de la Provincia y recorrer localidades con presencia del virus.<\/p>\n\n\n\n<p>Las muestras ser\u00e1n analizadas en el Laboratorio Central de la Direcci\u00f3n de Epidemiolog\u00eda del Ministerio de Salud.<\/p>\n\n\n\n<p>Por otra parte es importante recordar que la \u00fanica barrera para hacer frente a este nuevo virus son las medidas de prevenci\u00f3n:<br>*Distanciamiento social (mantener dos metros de distancia entre personas)\u00a0<br>*Lavarse las manos frecuentemente con agua y jab\u00f3n o alcohol en gel.<br>*Toser o estornudar sobre el pliegue del codo o utilizar pa\u00f1uelos descartables.<br>*No llevarse las manos a la cara.<br>*Ventilar bien los ambientes de la casa y del lugar de trabajo.<br>*Desinfectar bien los objetos que se usan con frecuencia.<br>*Utilizaci\u00f3n obligatoria del cubreboca nasal.<br>*Evitar contacto con personas que vienen de lugares con circulaci\u00f3n viral.<br>*No automedicarse.<br>En caso de presentar s\u00edntomas como fiebre 37,5 o m\u00e1s, dificultad para respirar, tos seca, cansancio, dolor de garganta, p\u00e9rdida o disminuci\u00f3n del sentido del olfato o del gusto, debe comunicarse al 0800-333-1135 o con su m\u00e9dico de cabecera.<\/p>\n<div class=\"sharedaddy sd-sharing-enabled\"><div class=\"robots-nocontent sd-block sd-social sd-social-icon sd-sharing\"><h3 class=\"sd-title\">Comparte esto:<\/h3><div class=\"sd-content\"><ul><li class=\"share-twitter\"><a rel=\"nofollow noopener noreferrer\" data-shared=\"sharing-twitter-21480\" class=\"share-twitter sd-button share-icon no-text\" href=\"http:\/\/www.rtvnoticias.com.ar\/?p=21480&amp;share=twitter\" target=\"_blank\" title=\"Haz clic para compartir en Twitter\"><span><\/span><span class=\"sharing-screen-reader-text\">Haz clic para compartir en Twitter (Se abre en una ventana nueva)<\/span><\/a><\/li><li class=\"share-facebook\"><a rel=\"nofollow noopener noreferrer\" data-shared=\"sharing-facebook-21480\" class=\"share-facebook sd-button share-icon no-text\" href=\"http:\/\/www.rtvnoticias.com.ar\/?p=21480&amp;share=facebook\" target=\"_blank\" title=\"Haz clic para compartir en Facebook\"><span><\/span><span class=\"sharing-screen-reader-text\">Haz clic para compartir en Facebook (Se abre en una ventana nueva)<\/span><\/a><\/li><li class=\"share-jetpack-whatsapp\"><a rel=\"nofollow noopener noreferrer\" data-shared=\"\" class=\"share-jetpack-whatsapp sd-button share-icon no-text\" href=\"http:\/\/www.rtvnoticias.com.ar\/?p=21480&amp;share=jetpack-whatsapp\" target=\"_blank\" title=\"Haz clic para compartir en WhatsApp\"><span><\/span><span class=\"sharing-screen-reader-text\">Haz clic para compartir en WhatsApp (Se abre en una ventana nueva)<\/span><\/a><\/li><li class=\"share-telegram\"><a rel=\"nofollow noopener noreferrer\" data-shared=\"\" class=\"share-telegram sd-button share-icon no-text\" href=\"http:\/\/www.rtvnoticias.com.ar\/?p=21480&amp;share=telegram\" target=\"_blank\" title=\"Haz clic para compartir en Telegram\"><span><\/span><span class=\"sharing-screen-reader-text\">Haz clic para compartir en Telegram (Se abre en una ventana nueva)<\/span><\/a><\/li><li class=\"share-end\"><\/li><\/ul><\/div><\/div><\/div>","protected":false},"excerpt":{"rendered":"<p>En el marco del plan \u00abB\u00fasqueda activa de Coronavirus en grupos espec\u00edficos\u00bb, tal como lo determinara el gobernador, Sergio Ziliotto, desde el Ministerio de Salud<\/p>\n<div class=\"sharedaddy sd-sharing-enabled\"><div class=\"robots-nocontent sd-block sd-social sd-social-icon sd-sharing\"><h3 class=\"sd-title\">Comparte esto:<\/h3><div class=\"sd-content\"><ul><li class=\"share-twitter\"><a rel=\"nofollow noopener noreferrer\" data-shared=\"sharing-twitter-21480\" class=\"share-twitter sd-button share-icon no-text\" href=\"http:\/\/www.rtvnoticias.com.ar\/?p=21480&amp;share=twitter\" target=\"_blank\" title=\"Haz clic para compartir en Twitter\"><span><\/span><span class=\"sharing-screen-reader-text\">Haz clic para compartir en Twitter (Se abre en una ventana nueva)<\/span><\/a><\/li><li class=\"share-facebook\"><a rel=\"nofollow noopener noreferrer\" data-shared=\"sharing-facebook-21480\" class=\"share-facebook sd-button share-icon no-text\" href=\"http:\/\/www.rtvnoticias.com.ar\/?p=21480&amp;share=facebook\" target=\"_blank\" title=\"Haz clic para compartir en Facebook\"><span><\/span><span class=\"sharing-screen-reader-text\">Haz clic para compartir en Facebook (Se abre en una ventana nueva)<\/span><\/a><\/li><li class=\"share-jetpack-whatsapp\"><a rel=\"nofollow noopener noreferrer\" data-shared=\"\" class=\"share-jetpack-whatsapp sd-button share-icon no-text\" href=\"http:\/\/www.rtvnoticias.com.ar\/?p=21480&amp;share=jetpack-whatsapp\" target=\"_blank\" title=\"Haz clic para compartir en WhatsApp\"><span><\/span><span class=\"sharing-screen-reader-text\">Haz clic para compartir en WhatsApp (Se abre en una ventana nueva)<\/span><\/a><\/li><li class=\"share-telegram\"><a rel=\"nofollow noopener noreferrer\" data-shared=\"\" class=\"share-telegram sd-button share-icon no-text\" href=\"http:\/\/www.rtvnoticias.com.ar\/?p=21480&amp;share=telegram\" target=\"_blank\" title=\"Haz clic para compartir en Telegram\"><span><\/span><span class=\"sharing-screen-reader-text\">Haz clic para compartir en Telegram (Se abre en una ventana nueva)<\/span><\/a><\/li><li class=\"share-end\"><\/li><\/ul><\/div><\/div><\/div>","protected":false},"author":5,"featured_media":21481,"comment_status":"closed","ping_status":"closed","sticky":false,"template":"","format":"standard","meta":{"spay_email":"","jetpack_publicize_message":"","jetpack_is_tweetstorm":false,"jetpack_publicize_feature_enabled":true},"categories":[4],"tags":[3331],"jetpack_featured_media_url":"http:\/\/www.rtvnoticias.com.ar\/wp-content\/uploads\/2020\/06\/m\u00e9dicos-virus.jpg","jetpack_publicize_connections":[],"jetpack_sharing_enabled":true,"_links":{"self":[{"href":"http:\/\/www.rtvnoticias.com.ar\/index.php?rest_route=\/wp\/v2\/posts\/21480"}],"collection":[{"href":"http:\/\/www.rtvnoticias.com.ar\/index.php?rest_route=\/wp\/v2\/posts"}],"about":[{"href":"http:\/\/www.rtvnoticias.com.ar\/index.php?rest_route=\/wp\/v2\/types\/post"}],"author":[{"embeddable":true,"href":"http:\/\/www.rtvnoticias.com.ar\/index.php?rest_route=\/wp\/v2\/users\/5"}],"replies":[{"embeddable":true,"href":"http:\/\/www.rtvnoticias.com.ar\/index.php?rest_route=%2Fwp%2Fv2%2Fcomments&post=21480"}],"version-history":[{"count":1,"href":"http:\/\/www.rtvnoticias.com.ar\/index.php?rest_route=\/wp\/v2\/posts\/21480\/revisions"}],"predecessor-version":[{"id":21482,"href":"http:\/\/www.rtvnoticias.com.ar\/index.php?rest_route=\/wp\/v2\/posts\/21480\/revisions\/21482"}],"wp:featuredmedia":[{"embeddable":true,"href":"http:\/\/www.rtvnoticias.com.ar\/index.php?rest_route=\/wp\/v2\/media\/21481"}],"wp:attachment":[{"href":"http:\/\/www.rtvnoticias.com.ar\/index.php?rest_route=%2Fwp%2Fv2%2Fmedia&parent=21480"}],"wp:term":[{"taxonomy":"category","embeddable":true,"href":"http:\/\/www.rtvnoticias.com.ar\/index.php?rest_route=%2Fwp%2Fv2%2Fcategories&post=21480"},{"taxonomy":"post_tag","embeddable":true,"href":"http:\/\/www.rtvnoticias.com.ar\/index.php?rest_route=%2Fwp%2Fv2%2Ftags&post=21480"}],"curies":[{"name":"wp","href":"https:\/\/api.w.org\/{rel}","templated":true}]}}