{"id":21483,"date":"2020-06-14T00:12:39","date_gmt":"2020-06-14T03:12:39","guid":{"rendered":"http:\/\/www.rtvnoticias.com.ar\/?p=21483"},"modified":"2020-06-13T19:05:05","modified_gmt":"2020-06-13T22:05:05","slug":"alonso-recibio-el-senador-daniel-lovera","status":"publish","type":"post","link":"http:\/\/www.rtvnoticias.com.ar\/?p=21483","title":{"rendered":"Alonso recibi\u00f3 el senador Daniel Lovera"},"content":{"rendered":"\n<p>La intendenta de la ciudad, Fernanda Alonso,\u00a0 se reuni\u00f3 con el senador nacional, Daniel Lovera, para concertar estrategias conjuntas que permitan el sostenimiento de las fuentes laborales en la ciudad y aminorar el impacto de la crisis generada por la pandemia de Covid-19.<\/p>\n\n\n\n<p>Fernanda Alonso\u00a0 y el senador Daniel Lovera, se reunieron en el Palacio Municipal con el fin de analizar diversas estrategias conjuntas para enfrentar los efectos derivados de la crisis de coronavirus, en el sistema productivo de la ciudad, poniendo \u00e9nfasis en el sostenimiento de los puestos de trabajo.\u00a0 <\/p>\n\n\n\n<p>Lovera y Alonso coincidieron en se\u00f1alar que es necesario pensar en estrategias que sostengan las fuentes laborales y que sea el Estado municipal quien acompa\u00f1e.<\/p>\n\n\n\n<p>\u201cEstamos convencidos de que el impacto que ha tenido&nbsp; esta situaci\u00f3n epidemiol\u00f3gica que estamos atravesando, debemos afrontarla juntos y con el esfuerzo de diversos sectores, de que&nbsp; la \u00fanica&nbsp; salida, es&nbsp; trabajar m\u00e1s juntos que nunca\u201d, afirm\u00f3 Alonso.<\/p>\n\n\n\n<p>La intendenta de la ciudad, asegur\u00f3 que&nbsp; est\u00e1 convencida de que se deben buscar estrategias que sean v\u00e1lidas tanto para el sector privado,&nbsp; como para el Estado comunal, para sostener los puestos de empleo, que tanto ha costado generar y sostener en este momento de crisis sanitaria que atraviesa la ciudad: \u201cNosotros como Estado debemos acompa\u00f1ar ese proceso\u201d, afirm\u00f3 Fernanda.<\/p>\n\n\n\n<p>Alonso agreg\u00f3 que&nbsp; junto al senador&nbsp; nacional Daniel Lovera,&nbsp; est\u00e1n trabajando en la b\u00fasqueda de consenso y estrategias de trabajo comunes con diversos sectores de la ciudad.<\/p>\n\n\n\n<p>\u201cEl sostenimiento de&nbsp; las fuentes laborales es un objetivo que nos une. Entendemos que aunando esfuerzos podemos generar estrategias conjuntas, que nos permitan aminorar el impacto de esta pandemia\u201d, remarc\u00f3 la intendenta.<\/p>\n<div class=\"sharedaddy sd-sharing-enabled\"><div class=\"robots-nocontent sd-block sd-social sd-social-icon sd-sharing\"><h3 class=\"sd-title\">Comparte esto:<\/h3><div class=\"sd-content\"><ul><li class=\"share-twitter\"><a rel=\"nofollow noopener noreferrer\" data-shared=\"sharing-twitter-21483\" class=\"share-twitter sd-button share-icon no-text\" href=\"http:\/\/www.rtvnoticias.com.ar\/?p=21483&amp;share=twitter\" target=\"_blank\" title=\"Haz clic para compartir en Twitter\"><span><\/span><span class=\"sharing-screen-reader-text\">Haz clic para compartir en Twitter (Se abre en una ventana nueva)<\/span><\/a><\/li><li class=\"share-facebook\"><a rel=\"nofollow noopener noreferrer\" data-shared=\"sharing-facebook-21483\" class=\"share-facebook sd-button share-icon no-text\" href=\"http:\/\/www.rtvnoticias.com.ar\/?p=21483&amp;share=facebook\" target=\"_blank\" title=\"Haz clic para compartir en Facebook\"><span><\/span><span class=\"sharing-screen-reader-text\">Haz clic para compartir en Facebook (Se abre en una ventana nueva)<\/span><\/a><\/li><li class=\"share-jetpack-whatsapp\"><a rel=\"nofollow noopener noreferrer\" data-shared=\"\" class=\"share-jetpack-whatsapp sd-button share-icon no-text\" href=\"http:\/\/www.rtvnoticias.com.ar\/?p=21483&amp;share=jetpack-whatsapp\" target=\"_blank\" title=\"Haz clic para compartir en WhatsApp\"><span><\/span><span class=\"sharing-screen-reader-text\">Haz clic para compartir en WhatsApp (Se abre en una ventana nueva)<\/span><\/a><\/li><li class=\"share-telegram\"><a rel=\"nofollow noopener noreferrer\" data-shared=\"\" class=\"share-telegram sd-button share-icon no-text\" href=\"http:\/\/www.rtvnoticias.com.ar\/?p=21483&amp;share=telegram\" target=\"_blank\" title=\"Haz clic para compartir en Telegram\"><span><\/span><span class=\"sharing-screen-reader-text\">Haz clic para compartir en Telegram (Se abre en una ventana nueva)<\/span><\/a><\/li><li class=\"share-end\"><\/li><\/ul><\/div><\/div><\/div>","protected":false},"excerpt":{"rendered":"<p>La intendenta de la ciudad, Fernanda Alonso,\u00a0 se reuni\u00f3 con el senador nacional, Daniel Lovera, para concertar estrategias conjuntas que permitan el sostenimiento de las<\/p>\n<div class=\"sharedaddy sd-sharing-enabled\"><div class=\"robots-nocontent sd-block sd-social sd-social-icon sd-sharing\"><h3 class=\"sd-title\">Comparte esto:<\/h3><div class=\"sd-content\"><ul><li class=\"share-twitter\"><a rel=\"nofollow noopener noreferrer\" data-shared=\"sharing-twitter-21483\" class=\"share-twitter sd-button share-icon no-text\" href=\"http:\/\/www.rtvnoticias.com.ar\/?p=21483&amp;share=twitter\" target=\"_blank\" title=\"Haz clic para compartir en Twitter\"><span><\/span><span class=\"sharing-screen-reader-text\">Haz clic para compartir en Twitter (Se abre en una ventana nueva)<\/span><\/a><\/li><li class=\"share-facebook\"><a rel=\"nofollow noopener noreferrer\" data-shared=\"sharing-facebook-21483\" class=\"share-facebook sd-button share-icon no-text\" href=\"http:\/\/www.rtvnoticias.com.ar\/?p=21483&amp;share=facebook\" target=\"_blank\" title=\"Haz clic para compartir en Facebook\"><span><\/span><span class=\"sharing-screen-reader-text\">Haz clic para compartir en Facebook (Se abre en una ventana nueva)<\/span><\/a><\/li><li class=\"share-jetpack-whatsapp\"><a rel=\"nofollow noopener noreferrer\" data-shared=\"\" class=\"share-jetpack-whatsapp sd-button share-icon no-text\" href=\"http:\/\/www.rtvnoticias.com.ar\/?p=21483&amp;share=jetpack-whatsapp\" target=\"_blank\" title=\"Haz clic para compartir en WhatsApp\"><span><\/span><span class=\"sharing-screen-reader-text\">Haz clic para compartir en WhatsApp (Se abre en una ventana nueva)<\/span><\/a><\/li><li class=\"share-telegram\"><a rel=\"nofollow noopener noreferrer\" data-shared=\"\" class=\"share-telegram sd-button share-icon no-text\" href=\"http:\/\/www.rtvnoticias.com.ar\/?p=21483&amp;share=telegram\" target=\"_blank\" title=\"Haz clic para compartir en Telegram\"><span><\/span><span class=\"sharing-screen-reader-text\">Haz clic para compartir en Telegram (Se abre en una ventana nueva)<\/span><\/a><\/li><li class=\"share-end\"><\/li><\/ul><\/div><\/div><\/div>","protected":false},"author":5,"featured_media":21484,"comment_status":"closed","ping_status":"closed","sticky":false,"template":"","format":"standard","meta":{"spay_email":"","jetpack_publicize_message":"","jetpack_is_tweetstorm":false,"jetpack_publicize_feature_enabled":true},"categories":[3],"tags":[3332],"jetpack_featured_media_url":"http:\/\/www.rtvnoticias.com.ar\/wp-content\/uploads\/2020\/06\/alonso-lovera.jpg","jetpack_publicize_connections":[],"jetpack_sharing_enabled":true,"_links":{"self":[{"href":"http:\/\/www.rtvnoticias.com.ar\/index.php?rest_route=\/wp\/v2\/posts\/21483"}],"collection":[{"href":"http:\/\/www.rtvnoticias.com.ar\/index.php?rest_route=\/wp\/v2\/posts"}],"about":[{"href":"http:\/\/www.rtvnoticias.com.ar\/index.php?rest_route=\/wp\/v2\/types\/post"}],"author":[{"embeddable":true,"href":"http:\/\/www.rtvnoticias.com.ar\/index.php?rest_route=\/wp\/v2\/users\/5"}],"replies":[{"embeddable":true,"href":"http:\/\/www.rtvnoticias.com.ar\/index.php?rest_route=%2Fwp%2Fv2%2Fcomments&post=21483"}],"version-history":[{"count":1,"href":"http:\/\/www.rtvnoticias.com.ar\/index.php?rest_route=\/wp\/v2\/posts\/21483\/revisions"}],"predecessor-version":[{"id":21485,"href":"http:\/\/www.rtvnoticias.com.ar\/index.php?rest_route=\/wp\/v2\/posts\/21483\/revisions\/21485"}],"wp:featuredmedia":[{"embeddable":true,"href":"http:\/\/www.rtvnoticias.com.ar\/index.php?rest_route=\/wp\/v2\/media\/21484"}],"wp:attachment":[{"href":"http:\/\/www.rtvnoticias.com.ar\/index.php?rest_route=%2Fwp%2Fv2%2Fmedia&parent=21483"}],"wp:term":[{"taxonomy":"category","embeddable":true,"href":"http:\/\/www.rtvnoticias.com.ar\/index.php?rest_route=%2Fwp%2Fv2%2Fcategories&post=21483"},{"taxonomy":"post_tag","embeddable":true,"href":"http:\/\/www.rtvnoticias.com.ar\/index.php?rest_route=%2Fwp%2Fv2%2Ftags&post=21483"}],"curies":[{"name":"wp","href":"https:\/\/api.w.org\/{rel}","templated":true}]}}