{"id":21494,"date":"2020-06-13T20:05:50","date_gmt":"2020-06-13T23:05:50","guid":{"rendered":"http:\/\/www.rtvnoticias.com.ar\/?p=21494"},"modified":"2020-06-13T20:05:54","modified_gmt":"2020-06-13T23:05:54","slug":"coronavirus-1-531-nuevos-casos-y-suman-30-295-infectados-murieron-30-personas-y-son-815-las-victimas","status":"publish","type":"post","link":"http:\/\/www.rtvnoticias.com.ar\/?p=21494","title":{"rendered":"Coronavirus: 1.531 nuevos casos y suman 30.295 infectados. Murieron 30 personas y son 815 las v\u00edctimas"},"content":{"rendered":"\n<figure class=\"wp-block-image\"><img data-attachment-id=\"21495\" data-permalink=\"http:\/\/www.rtvnoticias.com.ar\/?attachment_id=21495\" data-orig-file=\"http:\/\/www.rtvnoticias.com.ar\/wp-content\/uploads\/2020\/06\/A6D33A7E-1B41-42B2-82DB-C9EE4C87EC1A.jpeg\" data-orig-size=\"320,205\" data-comments-opened=\"0\" data-image-meta=\"{&quot;aperture&quot;:&quot;0&quot;,&quot;credit&quot;:&quot;&quot;,&quot;camera&quot;:&quot;&quot;,&quot;caption&quot;:&quot;&quot;,&quot;created_timestamp&quot;:&quot;0&quot;,&quot;copyright&quot;:&quot;&quot;,&quot;focal_length&quot;:&quot;0&quot;,&quot;iso&quot;:&quot;0&quot;,&quot;shutter_speed&quot;:&quot;0&quot;,&quot;title&quot;:&quot;&quot;,&quot;orientation&quot;:&quot;1&quot;}\" data-image-title=\"A6D33A7E-1B41-42B2-82DB-C9EE4C87EC1A\" data-image-description=\"\" data-image-caption=\"\" data-medium-file=\"http:\/\/www.rtvnoticias.com.ar\/wp-content\/uploads\/2020\/06\/A6D33A7E-1B41-42B2-82DB-C9EE4C87EC1A-300x192.jpeg\" data-large-file=\"http:\/\/www.rtvnoticias.com.ar\/wp-content\/uploads\/2020\/06\/A6D33A7E-1B41-42B2-82DB-C9EE4C87EC1A.jpeg\" decoding=\"async\" loading=\"lazy\" width=\"320\" height=\"205\" src=\"http:\/\/www.rtvnoticias.com.ar\/wp-content\/uploads\/2020\/06\/A6D33A7E-1B41-42B2-82DB-C9EE4C87EC1A.jpeg\" alt=\"\" class=\"wp-image-21495\" srcset=\"http:\/\/www.rtvnoticias.com.ar\/wp-content\/uploads\/2020\/06\/A6D33A7E-1B41-42B2-82DB-C9EE4C87EC1A.jpeg 320w, http:\/\/www.rtvnoticias.com.ar\/wp-content\/uploads\/2020\/06\/A6D33A7E-1B41-42B2-82DB-C9EE4C87EC1A-300x192.jpeg 300w\" sizes=\"(max-width: 320px) 100vw, 320px\" \/><\/figure>\n\n\n\n<p><strong>El Ministerio de Salud de la Naci\u00f3n inform\u00f3 este s\u00e1bado que durante las \u00faltimas 24 horas se registraron 30 muertes y 1.531 nuevos casos positivos por coronavirus. Con estos datos,\u00a0el total de infectados en todo el pa\u00eds asciende a 30.295 y las v\u00edctimas fatales suman 815.<\/strong><\/p>\n\n\n\n<p>Del total de esos casos, 1.011 (3,3%) son importados, 11.950 (39,4%) son contactos estrechos de casos confirmados, 11.707 (38,6%) son casos de circulaci\u00f3n comunitaria y el resto se encuentra en investigaci\u00f3n epidemiol\u00f3gica.<\/p>\n\n\n\n<p><strong>Desde el \u00faltimo reporte emitido, se registraron 13 nuevas muertes<\/strong>. Seis hombres, tres de 73, 62 y 61, residentes en la provincia de Buenos Aires; dos de 87 y 88 a\u00f1os, residente en la Ciudad de Buenos Aires (CABA); y uno de 64 a\u00f1os, residente en la provincia de R\u00edo Negro; y siete mujeres, cuatro de 45, 75, 29 y 45 a\u00f1os, residentes en la provincia de Buenos Aires; dos de 74 y 82 a\u00f1os, residentes en la ciudad de Buenos Aires (CABA); y una de 73 a\u00f1os, residente en la provincia de R\u00edo Negro.<\/p>\n\n\n\n<p>El Ministerio de Salud de la Naci\u00f3n inform\u00f3 este s\u00e1bado que durante las \u00faltimas 24 horas se registraron 30 muertes y 1.531 nuevos casos positivos por coronavirus. Con estos datos,<strong>&nbsp;el total de infectados en todo el pa\u00eds asciende a 30.295 y las v\u00edctimas fatales suman 815.<\/strong><\/p>\n\n\n\n<p>Del total de esos casos, 1.011 (3,3%) son importados, 11.950 (39,4%) son contactos estrechos de casos confirmados, 11.707 (38,6%) son casos de circulaci\u00f3n comunitaria y el resto se encuentra en investigaci\u00f3n epidemiol\u00f3gica.<\/p>\n\n\n\n<p><strong>Desde el \u00faltimo reporte emitido, se registraron 13 nuevas muertes<\/strong>. Seis hombres, tres de 73, 62 y 61, residentes en la provincia de Buenos Aires; dos de 87 y 88 a\u00f1os, residente en la Ciudad de Buenos Aires (CABA); y uno de 64 a\u00f1os, residente en la provincia de R\u00edo Negro; y siete mujeres, cuatro de 45, 75, 29 y 45 a\u00f1os, residentes en la provincia de Buenos Aires; dos de 74 y 82 a\u00f1os, residentes en la ciudad de Buenos Aires (CABA); y una de 73 a\u00f1os, residente en la provincia de R\u00edo Negro.<\/p>\n<div class=\"sharedaddy sd-sharing-enabled\"><div class=\"robots-nocontent sd-block sd-social sd-social-icon sd-sharing\"><h3 class=\"sd-title\">Comparte esto:<\/h3><div class=\"sd-content\"><ul><li class=\"share-twitter\"><a rel=\"nofollow noopener noreferrer\" data-shared=\"sharing-twitter-21494\" class=\"share-twitter sd-button share-icon no-text\" href=\"http:\/\/www.rtvnoticias.com.ar\/?p=21494&amp;share=twitter\" target=\"_blank\" title=\"Haz clic para compartir en Twitter\"><span><\/span><span class=\"sharing-screen-reader-text\">Haz clic para compartir en Twitter (Se abre en una ventana nueva)<\/span><\/a><\/li><li class=\"share-facebook\"><a rel=\"nofollow noopener noreferrer\" data-shared=\"sharing-facebook-21494\" class=\"share-facebook sd-button share-icon no-text\" href=\"http:\/\/www.rtvnoticias.com.ar\/?p=21494&amp;share=facebook\" target=\"_blank\" title=\"Haz clic para compartir en Facebook\"><span><\/span><span class=\"sharing-screen-reader-text\">Haz clic para compartir en Facebook (Se abre en una ventana nueva)<\/span><\/a><\/li><li class=\"share-jetpack-whatsapp\"><a rel=\"nofollow noopener noreferrer\" data-shared=\"\" class=\"share-jetpack-whatsapp sd-button share-icon no-text\" href=\"http:\/\/www.rtvnoticias.com.ar\/?p=21494&amp;share=jetpack-whatsapp\" target=\"_blank\" title=\"Haz clic para compartir en WhatsApp\"><span><\/span><span class=\"sharing-screen-reader-text\">Haz clic para compartir en WhatsApp (Se abre en una ventana nueva)<\/span><\/a><\/li><li class=\"share-telegram\"><a rel=\"nofollow noopener noreferrer\" data-shared=\"\" class=\"share-telegram sd-button share-icon no-text\" href=\"http:\/\/www.rtvnoticias.com.ar\/?p=21494&amp;share=telegram\" target=\"_blank\" title=\"Haz clic para compartir en Telegram\"><span><\/span><span class=\"sharing-screen-reader-text\">Haz clic para compartir en Telegram (Se abre en una ventana nueva)<\/span><\/a><\/li><li class=\"share-end\"><\/li><\/ul><\/div><\/div><\/div>","protected":false},"excerpt":{"rendered":"<p>El Ministerio de Salud de la Naci\u00f3n inform\u00f3 este s\u00e1bado que durante las \u00faltimas 24 horas se registraron 30 muertes y 1.531 nuevos casos positivos<\/p>\n<div class=\"sharedaddy sd-sharing-enabled\"><div class=\"robots-nocontent sd-block sd-social sd-social-icon sd-sharing\"><h3 class=\"sd-title\">Comparte esto:<\/h3><div class=\"sd-content\"><ul><li class=\"share-twitter\"><a rel=\"nofollow noopener noreferrer\" data-shared=\"sharing-twitter-21494\" class=\"share-twitter sd-button share-icon no-text\" href=\"http:\/\/www.rtvnoticias.com.ar\/?p=21494&amp;share=twitter\" target=\"_blank\" title=\"Haz clic para compartir en Twitter\"><span><\/span><span class=\"sharing-screen-reader-text\">Haz clic para compartir en Twitter (Se abre en una ventana nueva)<\/span><\/a><\/li><li class=\"share-facebook\"><a rel=\"nofollow noopener noreferrer\" data-shared=\"sharing-facebook-21494\" class=\"share-facebook sd-button share-icon no-text\" href=\"http:\/\/www.rtvnoticias.com.ar\/?p=21494&amp;share=facebook\" target=\"_blank\" title=\"Haz clic para compartir en Facebook\"><span><\/span><span class=\"sharing-screen-reader-text\">Haz clic para compartir en Facebook (Se abre en una ventana nueva)<\/span><\/a><\/li><li class=\"share-jetpack-whatsapp\"><a rel=\"nofollow noopener noreferrer\" data-shared=\"\" class=\"share-jetpack-whatsapp sd-button share-icon no-text\" href=\"http:\/\/www.rtvnoticias.com.ar\/?p=21494&amp;share=jetpack-whatsapp\" target=\"_blank\" title=\"Haz clic para compartir en WhatsApp\"><span><\/span><span class=\"sharing-screen-reader-text\">Haz clic para compartir en WhatsApp (Se abre en una ventana nueva)<\/span><\/a><\/li><li class=\"share-telegram\"><a rel=\"nofollow noopener noreferrer\" data-shared=\"\" class=\"share-telegram sd-button share-icon no-text\" href=\"http:\/\/www.rtvnoticias.com.ar\/?p=21494&amp;share=telegram\" target=\"_blank\" title=\"Haz clic para compartir en Telegram\"><span><\/span><span class=\"sharing-screen-reader-text\">Haz clic para compartir en Telegram (Se abre en una ventana nueva)<\/span><\/a><\/li><li class=\"share-end\"><\/li><\/ul><\/div><\/div><\/div>","protected":false},"author":5,"featured_media":0,"comment_status":"closed","ping_status":"closed","sticky":false,"template":"","format":"standard","meta":{"spay_email":"","jetpack_publicize_message":"","jetpack_is_tweetstorm":false,"jetpack_publicize_feature_enabled":true},"categories":[1],"tags":[],"jetpack_featured_media_url":"","jetpack_publicize_connections":[],"jetpack_sharing_enabled":true,"_links":{"self":[{"href":"http:\/\/www.rtvnoticias.com.ar\/index.php?rest_route=\/wp\/v2\/posts\/21494"}],"collection":[{"href":"http:\/\/www.rtvnoticias.com.ar\/index.php?rest_route=\/wp\/v2\/posts"}],"about":[{"href":"http:\/\/www.rtvnoticias.com.ar\/index.php?rest_route=\/wp\/v2\/types\/post"}],"author":[{"embeddable":true,"href":"http:\/\/www.rtvnoticias.com.ar\/index.php?rest_route=\/wp\/v2\/users\/5"}],"replies":[{"embeddable":true,"href":"http:\/\/www.rtvnoticias.com.ar\/index.php?rest_route=%2Fwp%2Fv2%2Fcomments&post=21494"}],"version-history":[{"count":1,"href":"http:\/\/www.rtvnoticias.com.ar\/index.php?rest_route=\/wp\/v2\/posts\/21494\/revisions"}],"predecessor-version":[{"id":21496,"href":"http:\/\/www.rtvnoticias.com.ar\/index.php?rest_route=\/wp\/v2\/posts\/21494\/revisions\/21496"}],"wp:attachment":[{"href":"http:\/\/www.rtvnoticias.com.ar\/index.php?rest_route=%2Fwp%2Fv2%2Fmedia&parent=21494"}],"wp:term":[{"taxonomy":"category","embeddable":true,"href":"http:\/\/www.rtvnoticias.com.ar\/index.php?rest_route=%2Fwp%2Fv2%2Fcategories&post=21494"},{"taxonomy":"post_tag","embeddable":true,"href":"http:\/\/www.rtvnoticias.com.ar\/index.php?rest_route=%2Fwp%2Fv2%2Ftags&post=21494"}],"curies":[{"name":"wp","href":"https:\/\/api.w.org\/{rel}","templated":true}]}}