{"id":21507,"date":"2020-06-15T19:30:02","date_gmt":"2020-06-15T22:30:02","guid":{"rendered":"http:\/\/www.rtvnoticias.com.ar\/?p=21507"},"modified":"2020-06-15T19:58:19","modified_gmt":"2020-06-15T22:58:19","slug":"el-gobierno-provincia-quiere-activar-el-inmueble-de-la-ex-montenegro","status":"publish","type":"post","link":"http:\/\/www.rtvnoticias.com.ar\/?p=21507","title":{"rendered":"El Gobierno provincia quiere activar el inmueble de la ex Montenegro"},"content":{"rendered":"\n<p>El gobernador Sergio Ziliotto enviar\u00e1 esta semana a diputados,  <br>tal como anunci\u00f3 en la apertura de sesiones de la Legislatura Provincial,  un proyecto de Ley que permita vender, alquilar, arrendar con opci\u00f3n a compra (leasing) o la cesi\u00f3n de uso del inmueble\u00a0 que hoy es propiedad de la Provincia. <\/p>\n\n\n\n<p>Ziliotto quiere sumar las instalaciones al aparato productivo o de servicios pampeano, para fomentar el desarrollo y el crecimiento, al tiempo que se estimula la creaci\u00f3n de empleo. \u00a0El proyecto que el Poder Ejecutivo enviar\u00e1 a la Legislatura Pampeana requiere autorizaci\u00f3n\u00a0 para \u201cla venta, a dar en concesi\u00f3n, locaci\u00f3n, alquiler con opci\u00f3n a compra (leasing) o cesi\u00f3n de uso, con cargo a actividades industriales, de servicios log\u00edsticos y\/o tecnol\u00f3gicos,\u00a0 del inmueble propiedad del Estado Provincial\u201d.<\/p>\n\n\n\n<p>Asimismo se solicita la posibilidad de\u00a0 \u201csubdividir el referido inmueble, en cuyo caso las parcelas resultantes podr\u00e1n licitarse en forma conjunta o por separado\u201d.<\/p>\n\n\n\n<p>El predio de lo que iba a ser la f\u00e1brica de m\u00e1quinas agr\u00edcolas Montenegro se ubica a la vera de la ruta Nacional 35, frente a la planta transmisora de Canal 3. Qued\u00f3 en manos del Estado Provincial luego de un\u00a0 proceso judicial impulsado para recuperar \u00a0un cr\u00e9dito de promoci\u00f3n industrial de 50 millones de pesos que la firma nunca pag\u00f3.<\/p>\n\n\n\n<p>La decisi\u00f3n de sumar la infraestructura ociosa al sistema productivo y\/o de servicios pampeano forma parte de un plan integral dise\u00f1ado por el gobernador Ziliotto, \u201ccon la finalidad de fomentar el desarrollo y crecimiento de las actividades econ\u00f3micas dentro de la Provincia\u201d.<br>En este sentido, consider\u00f3 la necesidad de\u00a0 \u201cestimular \u00a0la actividad industrial, los servicios log\u00edsticos y tecnol\u00f3gicos\u201d a trav\u00e9s de la selecci\u00f3n de proyectos\u00a0 \u201cque tengan impacto en el desarrollo regional y contribuya al mejoramiento de las condiciones socio-econ\u00f3micas de la poblaci\u00f3n en general\u201d.<\/p>\n\n\n\n<p><strong>Licitaci\u00f3n y prioridades<\/strong><\/p>\n\n\n\n<p>El proyecto prev\u00e9 que \u201cla contrataci\u00f3n, cualquiera sea su modalidad, se realizar\u00e1 a trav\u00e9s de un procedimiento de licitaci\u00f3n p\u00fablica de ofertas\u201d.<br>\u201cSe priorizar\u00e1n las propuestas que contemplen mayor incorporaci\u00f3n de mano de obra y aquellas que favorezcan la contrataci\u00f3n de personal oriundo y\/o residente de la provincia de La Pampa y de trabajadores que hayan quedado desempleados en los \u00faltimos veinticuatro \u00a0meses, con mayores dificultades de empleabilidad (por su edad, formaci\u00f3n y g\u00e9nero)\u201d.<\/p>\n\n\n\n<p>La iniciativa girada a la legislatura precisa que \u201cse valorar\u00e1n las propuestas de empresas o grupos de empresas con antecedentes t\u00e9cnicos y comerciales afines a la actividad propuesta \u00a0y los planes de gesti\u00f3n y trabajo pretendidos, los que ineludiblemente deber\u00e1n contemplar una r\u00e1pida puesta en marcha, a fin de evitar el deterioro del inmueble y sus instalaciones\u201d.<br><br><\/p>\n<div class=\"sharedaddy sd-sharing-enabled\"><div class=\"robots-nocontent sd-block sd-social sd-social-icon sd-sharing\"><h3 class=\"sd-title\">Comparte esto:<\/h3><div class=\"sd-content\"><ul><li class=\"share-twitter\"><a rel=\"nofollow noopener noreferrer\" data-shared=\"sharing-twitter-21507\" class=\"share-twitter sd-button share-icon no-text\" href=\"http:\/\/www.rtvnoticias.com.ar\/?p=21507&amp;share=twitter\" target=\"_blank\" title=\"Haz clic para compartir en Twitter\"><span><\/span><span class=\"sharing-screen-reader-text\">Haz clic para compartir en Twitter (Se abre en una ventana nueva)<\/span><\/a><\/li><li class=\"share-facebook\"><a rel=\"nofollow noopener noreferrer\" data-shared=\"sharing-facebook-21507\" class=\"share-facebook sd-button share-icon no-text\" href=\"http:\/\/www.rtvnoticias.com.ar\/?p=21507&amp;share=facebook\" target=\"_blank\" title=\"Haz clic para compartir en Facebook\"><span><\/span><span class=\"sharing-screen-reader-text\">Haz clic para compartir en Facebook (Se abre en una ventana nueva)<\/span><\/a><\/li><li class=\"share-jetpack-whatsapp\"><a rel=\"nofollow noopener noreferrer\" data-shared=\"\" class=\"share-jetpack-whatsapp sd-button share-icon no-text\" href=\"http:\/\/www.rtvnoticias.com.ar\/?p=21507&amp;share=jetpack-whatsapp\" target=\"_blank\" title=\"Haz clic para compartir en WhatsApp\"><span><\/span><span class=\"sharing-screen-reader-text\">Haz clic para compartir en WhatsApp (Se abre en una ventana nueva)<\/span><\/a><\/li><li class=\"share-telegram\"><a rel=\"nofollow noopener noreferrer\" data-shared=\"\" class=\"share-telegram sd-button share-icon no-text\" href=\"http:\/\/www.rtvnoticias.com.ar\/?p=21507&amp;share=telegram\" target=\"_blank\" title=\"Haz clic para compartir en Telegram\"><span><\/span><span class=\"sharing-screen-reader-text\">Haz clic para compartir en Telegram (Se abre en una ventana nueva)<\/span><\/a><\/li><li class=\"share-end\"><\/li><\/ul><\/div><\/div><\/div>","protected":false},"excerpt":{"rendered":"<p>El gobernador Sergio Ziliotto enviar\u00e1 esta semana a diputados, tal como anunci\u00f3 en la apertura de sesiones de la Legislatura Provincial, un proyecto de Ley<\/p>\n<div class=\"sharedaddy sd-sharing-enabled\"><div class=\"robots-nocontent sd-block sd-social sd-social-icon sd-sharing\"><h3 class=\"sd-title\">Comparte esto:<\/h3><div class=\"sd-content\"><ul><li class=\"share-twitter\"><a rel=\"nofollow noopener noreferrer\" data-shared=\"sharing-twitter-21507\" class=\"share-twitter sd-button share-icon no-text\" href=\"http:\/\/www.rtvnoticias.com.ar\/?p=21507&amp;share=twitter\" target=\"_blank\" title=\"Haz clic para compartir en Twitter\"><span><\/span><span class=\"sharing-screen-reader-text\">Haz clic para compartir en Twitter (Se abre en una ventana nueva)<\/span><\/a><\/li><li class=\"share-facebook\"><a rel=\"nofollow noopener noreferrer\" data-shared=\"sharing-facebook-21507\" class=\"share-facebook sd-button share-icon no-text\" href=\"http:\/\/www.rtvnoticias.com.ar\/?p=21507&amp;share=facebook\" target=\"_blank\" title=\"Haz clic para compartir en Facebook\"><span><\/span><span class=\"sharing-screen-reader-text\">Haz clic para compartir en Facebook (Se abre en una ventana nueva)<\/span><\/a><\/li><li class=\"share-jetpack-whatsapp\"><a rel=\"nofollow noopener noreferrer\" data-shared=\"\" class=\"share-jetpack-whatsapp sd-button share-icon no-text\" href=\"http:\/\/www.rtvnoticias.com.ar\/?p=21507&amp;share=jetpack-whatsapp\" target=\"_blank\" title=\"Haz clic para compartir en WhatsApp\"><span><\/span><span class=\"sharing-screen-reader-text\">Haz clic para compartir en WhatsApp (Se abre en una ventana nueva)<\/span><\/a><\/li><li class=\"share-telegram\"><a rel=\"nofollow noopener noreferrer\" data-shared=\"\" class=\"share-telegram sd-button share-icon no-text\" href=\"http:\/\/www.rtvnoticias.com.ar\/?p=21507&amp;share=telegram\" target=\"_blank\" title=\"Haz clic para compartir en Telegram\"><span><\/span><span class=\"sharing-screen-reader-text\">Haz clic para compartir en Telegram (Se abre en una ventana nueva)<\/span><\/a><\/li><li class=\"share-end\"><\/li><\/ul><\/div><\/div><\/div>","protected":false},"author":5,"featured_media":21508,"comment_status":"closed","ping_status":"closed","sticky":false,"template":"","format":"standard","meta":{"spay_email":"","jetpack_publicize_message":"","jetpack_is_tweetstorm":false,"jetpack_publicize_feature_enabled":true},"categories":[4],"tags":[3336],"jetpack_featured_media_url":"http:\/\/www.rtvnoticias.com.ar\/wp-content\/uploads\/2020\/06\/montenegro.jpg","jetpack_publicize_connections":[],"jetpack_sharing_enabled":true,"_links":{"self":[{"href":"http:\/\/www.rtvnoticias.com.ar\/index.php?rest_route=\/wp\/v2\/posts\/21507"}],"collection":[{"href":"http:\/\/www.rtvnoticias.com.ar\/index.php?rest_route=\/wp\/v2\/posts"}],"about":[{"href":"http:\/\/www.rtvnoticias.com.ar\/index.php?rest_route=\/wp\/v2\/types\/post"}],"author":[{"embeddable":true,"href":"http:\/\/www.rtvnoticias.com.ar\/index.php?rest_route=\/wp\/v2\/users\/5"}],"replies":[{"embeddable":true,"href":"http:\/\/www.rtvnoticias.com.ar\/index.php?rest_route=%2Fwp%2Fv2%2Fcomments&post=21507"}],"version-history":[{"count":1,"href":"http:\/\/www.rtvnoticias.com.ar\/index.php?rest_route=\/wp\/v2\/posts\/21507\/revisions"}],"predecessor-version":[{"id":21509,"href":"http:\/\/www.rtvnoticias.com.ar\/index.php?rest_route=\/wp\/v2\/posts\/21507\/revisions\/21509"}],"wp:featuredmedia":[{"embeddable":true,"href":"http:\/\/www.rtvnoticias.com.ar\/index.php?rest_route=\/wp\/v2\/media\/21508"}],"wp:attachment":[{"href":"http:\/\/www.rtvnoticias.com.ar\/index.php?rest_route=%2Fwp%2Fv2%2Fmedia&parent=21507"}],"wp:term":[{"taxonomy":"category","embeddable":true,"href":"http:\/\/www.rtvnoticias.com.ar\/index.php?rest_route=%2Fwp%2Fv2%2Fcategories&post=21507"},{"taxonomy":"post_tag","embeddable":true,"href":"http:\/\/www.rtvnoticias.com.ar\/index.php?rest_route=%2Fwp%2Fv2%2Ftags&post=21507"}],"curies":[{"name":"wp","href":"https:\/\/api.w.org\/{rel}","templated":true}]}}