{"id":21510,"date":"2020-06-16T12:19:26","date_gmt":"2020-06-16T15:19:26","guid":{"rendered":"http:\/\/www.rtvnoticias.com.ar\/?p=21510"},"modified":"2020-06-16T12:19:39","modified_gmt":"2020-06-16T15:19:39","slug":"murio-edgar-morisoli-gran-impulsor-de-la-pampeanidad","status":"publish","type":"post","link":"http:\/\/www.rtvnoticias.com.ar\/?p=21510","title":{"rendered":"Muri\u00f3 Edgar Morisoli, gran impulsor de la pampeanidad"},"content":{"rendered":"\n<p>El\u00a0poeta, escritor y ensayista\u00a0Edgar Morisoli\u00a0falleci\u00f3 este martes despu\u00e9s de que el fin de semana lo internaran por problemas de salud.<\/p>\n\n\n\n<p>Morisoli hab\u00eda\u00a0nacido en Acebal (Santa Fe) el 5 de noviembre de 1930, aunque era\u00a0un pampeano por adopci\u00f3n.\u00a0Fue miembro fundador de la Asociaci\u00f3n de Escritores Pampeanos.<\/p>\n\n\n\n<p>Public\u00f3 los poemarios Salmo Bagual (1957), Solar del viento (1965); Tierra que s\u00e9 (1972); Cuatro cantatas, Al sur crece tu nombre (1974); Obra callada (1994); Cancionero del Alto Colorado (1998); Hasta aqu\u00ed la canci\u00f3n (1999); Cuadernos del rumbeador (2001); La lecci\u00f3n de la diuca (2003) y \u00daltima rosa, \u00faltima trinchera (2005).<\/p>\n\n\n\n<p>El Ministerio de Cultura y Educaci\u00f3n de la provincia le otorg\u00f3 el Premio Testimonio en su edici\u00f3n de 1997. Tambi\u00e9n recibi\u00f3 el Premio a los Creadores, del Gobierno de la Ciudad Aut\u00f3noma de Buenos Aires.<\/p>\n\n\n\n<p>Considerado uno de los mayores poetas que ha dado La Pampa a trav\u00e9s del siglo XX e inicios del XXI, Morisoli fue&nbsp;uno de los pilares fundamentales en la construcci\u00f3n de cierta \u201cpampeanidad\u201d. Muchos de sus poemas han sido musicalizados y exceden los l\u00edmites provinciales, lo que lo convierte en un poeta americano, universal.<\/p>\n\n\n\n<figure class=\"wp-block-image\"><img decoding=\"async\" src=\"http:\/\/diariotextual.com\/inicio\/wp-content\/uploads\/2018\/03\/morisoliedgartendal1.jpg\" alt=\"\" class=\"wp-image-2295\"\/><\/figure>\n\n\n\n<p>El 22 de noviembre de 2018 la obra literaria de Morisoli fue declarada de inter\u00e9s provincial. La Secretar\u00eda de Cultura&nbsp;resalt\u00f3 que es de suma relevancia, siendo deber del Estado compartirla en bibliotecas populares, centros de cultura, establecimientos educativos, a los fines de su divulgaci\u00f3n, ya que constituye un gran aporte al conocimiento de la historia, modos y paisajes pampeanos.<\/p>\n\n\n\n<p>La poes\u00eda, narrativa y producci\u00f3n general de Edgar Morisoli son consecuentes -en claridad y hechura-, con su propia vida militante y sencilla, muestra de ejemplo de c\u00f3mo ser un buen vecino, un buen ciudadano y habitante de nuestra provincia.<\/p>\n\n\n\n<p>El escritor pampeano\u00a0Daniel Pellegrino\u00a0reflexion\u00f3 sobre Morisoli. \u00abFue un santafesino que no le llev\u00f3 mucho tiempo tener una captura del paisaje de la provincia y un estilo del lenguaje para trasladarlo a su poes\u00eda.\u00a0Construy\u00f3 rasgos de la pampeanidad criolla\u00a0y los conect\u00f3 con una cultura rioplatense con sesgo latinoamericanista. Puso a la pampeanidad en esa perspectiva y la idea de la patria grande, emancipada\u00bb.<\/p>\n\n\n\n<p>Fuente: diariotextual<\/p>\n<div class=\"sharedaddy sd-sharing-enabled\"><div class=\"robots-nocontent sd-block sd-social sd-social-icon sd-sharing\"><h3 class=\"sd-title\">Comparte esto:<\/h3><div class=\"sd-content\"><ul><li class=\"share-twitter\"><a rel=\"nofollow noopener noreferrer\" data-shared=\"sharing-twitter-21510\" class=\"share-twitter sd-button share-icon no-text\" href=\"http:\/\/www.rtvnoticias.com.ar\/?p=21510&amp;share=twitter\" target=\"_blank\" title=\"Haz clic para compartir en Twitter\"><span><\/span><span class=\"sharing-screen-reader-text\">Haz clic para compartir en Twitter (Se abre en una ventana nueva)<\/span><\/a><\/li><li class=\"share-facebook\"><a rel=\"nofollow noopener noreferrer\" data-shared=\"sharing-facebook-21510\" class=\"share-facebook sd-button share-icon no-text\" href=\"http:\/\/www.rtvnoticias.com.ar\/?p=21510&amp;share=facebook\" target=\"_blank\" title=\"Haz clic para compartir en Facebook\"><span><\/span><span class=\"sharing-screen-reader-text\">Haz clic para compartir en Facebook (Se abre en una ventana nueva)<\/span><\/a><\/li><li class=\"share-jetpack-whatsapp\"><a rel=\"nofollow noopener noreferrer\" data-shared=\"\" class=\"share-jetpack-whatsapp sd-button share-icon no-text\" href=\"http:\/\/www.rtvnoticias.com.ar\/?p=21510&amp;share=jetpack-whatsapp\" target=\"_blank\" title=\"Haz clic para compartir en WhatsApp\"><span><\/span><span class=\"sharing-screen-reader-text\">Haz clic para compartir en WhatsApp (Se abre en una ventana nueva)<\/span><\/a><\/li><li class=\"share-telegram\"><a rel=\"nofollow noopener noreferrer\" data-shared=\"\" class=\"share-telegram sd-button share-icon no-text\" href=\"http:\/\/www.rtvnoticias.com.ar\/?p=21510&amp;share=telegram\" target=\"_blank\" title=\"Haz clic para compartir en Telegram\"><span><\/span><span class=\"sharing-screen-reader-text\">Haz clic para compartir en Telegram (Se abre en una ventana nueva)<\/span><\/a><\/li><li class=\"share-end\"><\/li><\/ul><\/div><\/div><\/div>","protected":false},"excerpt":{"rendered":"<p>El\u00a0poeta, escritor y ensayista\u00a0Edgar Morisoli\u00a0falleci\u00f3 este martes despu\u00e9s de que el fin de semana lo internaran por problemas de salud. Morisoli hab\u00eda\u00a0nacido en Acebal (Santa<\/p>\n<div class=\"sharedaddy sd-sharing-enabled\"><div class=\"robots-nocontent sd-block sd-social sd-social-icon sd-sharing\"><h3 class=\"sd-title\">Comparte esto:<\/h3><div class=\"sd-content\"><ul><li class=\"share-twitter\"><a rel=\"nofollow noopener noreferrer\" data-shared=\"sharing-twitter-21510\" class=\"share-twitter sd-button share-icon no-text\" href=\"http:\/\/www.rtvnoticias.com.ar\/?p=21510&amp;share=twitter\" target=\"_blank\" title=\"Haz clic para compartir en Twitter\"><span><\/span><span class=\"sharing-screen-reader-text\">Haz clic para compartir en Twitter (Se abre en una ventana nueva)<\/span><\/a><\/li><li class=\"share-facebook\"><a rel=\"nofollow noopener noreferrer\" data-shared=\"sharing-facebook-21510\" class=\"share-facebook sd-button share-icon no-text\" href=\"http:\/\/www.rtvnoticias.com.ar\/?p=21510&amp;share=facebook\" target=\"_blank\" title=\"Haz clic para compartir en Facebook\"><span><\/span><span class=\"sharing-screen-reader-text\">Haz clic para compartir en Facebook (Se abre en una ventana nueva)<\/span><\/a><\/li><li class=\"share-jetpack-whatsapp\"><a rel=\"nofollow noopener noreferrer\" data-shared=\"\" class=\"share-jetpack-whatsapp sd-button share-icon no-text\" href=\"http:\/\/www.rtvnoticias.com.ar\/?p=21510&amp;share=jetpack-whatsapp\" target=\"_blank\" title=\"Haz clic para compartir en WhatsApp\"><span><\/span><span class=\"sharing-screen-reader-text\">Haz clic para compartir en WhatsApp (Se abre en una ventana nueva)<\/span><\/a><\/li><li class=\"share-telegram\"><a rel=\"nofollow noopener noreferrer\" data-shared=\"\" class=\"share-telegram sd-button share-icon no-text\" href=\"http:\/\/www.rtvnoticias.com.ar\/?p=21510&amp;share=telegram\" target=\"_blank\" title=\"Haz clic para compartir en Telegram\"><span><\/span><span class=\"sharing-screen-reader-text\">Haz clic para compartir en Telegram (Se abre en una ventana nueva)<\/span><\/a><\/li><li class=\"share-end\"><\/li><\/ul><\/div><\/div><\/div>","protected":false},"author":5,"featured_media":21511,"comment_status":"closed","ping_status":"closed","sticky":false,"template":"","format":"standard","meta":{"spay_email":"","jetpack_publicize_message":"","jetpack_is_tweetstorm":false,"jetpack_publicize_feature_enabled":true},"categories":[4],"tags":[2128],"jetpack_featured_media_url":"http:\/\/www.rtvnoticias.com.ar\/wp-content\/uploads\/2020\/06\/morisoli.jpg","jetpack_publicize_connections":[],"jetpack_sharing_enabled":true,"_links":{"self":[{"href":"http:\/\/www.rtvnoticias.com.ar\/index.php?rest_route=\/wp\/v2\/posts\/21510"}],"collection":[{"href":"http:\/\/www.rtvnoticias.com.ar\/index.php?rest_route=\/wp\/v2\/posts"}],"about":[{"href":"http:\/\/www.rtvnoticias.com.ar\/index.php?rest_route=\/wp\/v2\/types\/post"}],"author":[{"embeddable":true,"href":"http:\/\/www.rtvnoticias.com.ar\/index.php?rest_route=\/wp\/v2\/users\/5"}],"replies":[{"embeddable":true,"href":"http:\/\/www.rtvnoticias.com.ar\/index.php?rest_route=%2Fwp%2Fv2%2Fcomments&post=21510"}],"version-history":[{"count":1,"href":"http:\/\/www.rtvnoticias.com.ar\/index.php?rest_route=\/wp\/v2\/posts\/21510\/revisions"}],"predecessor-version":[{"id":21512,"href":"http:\/\/www.rtvnoticias.com.ar\/index.php?rest_route=\/wp\/v2\/posts\/21510\/revisions\/21512"}],"wp:featuredmedia":[{"embeddable":true,"href":"http:\/\/www.rtvnoticias.com.ar\/index.php?rest_route=\/wp\/v2\/media\/21511"}],"wp:attachment":[{"href":"http:\/\/www.rtvnoticias.com.ar\/index.php?rest_route=%2Fwp%2Fv2%2Fmedia&parent=21510"}],"wp:term":[{"taxonomy":"category","embeddable":true,"href":"http:\/\/www.rtvnoticias.com.ar\/index.php?rest_route=%2Fwp%2Fv2%2Fcategories&post=21510"},{"taxonomy":"post_tag","embeddable":true,"href":"http:\/\/www.rtvnoticias.com.ar\/index.php?rest_route=%2Fwp%2Fv2%2Ftags&post=21510"}],"curies":[{"name":"wp","href":"https:\/\/api.w.org\/{rel}","templated":true}]}}