{"id":21513,"date":"2020-06-16T17:52:59","date_gmt":"2020-06-16T20:52:59","guid":{"rendered":"http:\/\/www.rtvnoticias.com.ar\/?p=21513"},"modified":"2020-06-16T17:53:04","modified_gmt":"2020-06-16T20:53:04","slug":"alonso-se-reunio-con-el-gobernador-ziliotto-y-el-ministro-de-desarrollo-social","status":"publish","type":"post","link":"http:\/\/www.rtvnoticias.com.ar\/?p=21513","title":{"rendered":"Alonso se reuni\u00f3 con el gobernador Ziliotto y el ministro de Desarrollo Social"},"content":{"rendered":"\n<p>La Intendenta Fernanda Alonso viaj\u00f3 a Santa Rosa para reunirse con el gobernador de la provincia, Sergio Ziliotto\u00a0 y con el ministro de Desarrollo Social, Diego Alvarez. Coordin\u00f3 con el gobernador aspectos de su pr\u00f3xima visita a General Pico para la firma de la obra de pavimento y con el ministro rubric\u00f3 convenio para el Departamento de Medicina Deportiva. <\/p>\n\n\n\n<p>La intendenta de la ciudad de General Pico,\u00a0 se reuni\u00f3 primero con el gobernador Sergio Ziliotto, en Casa de Gobierno. Durante el encuentro con el titular del Ejecutivo Provincial se tocaron varios puntos concernientes\u00a0 a la gesti\u00f3n,\u00a0 como as\u00ed tambi\u00e9n lo que tiene que ver\u00a0 con la organizaci\u00f3n de los diferentes\u00a0 detalles que hacen a la visita de Ziliotto a la ciudad de General Pico el pr\u00f3ximo martes 23 de junio en el marco de la firma de la licitaci\u00f3n por la obra de asfalto. <\/p>\n\n\n\n<p><strong>Asfalto<\/strong><\/p>\n\n\n\n<p>La referida obra de asfalto conservaci\u00f3n y pavimentaci\u00f3n urbana en General Pico,&nbsp; tiene un presupuesto oficial de 550.400.000 millones de pesos y contempla un plazo de ejecuci\u00f3n de 24 meses.<\/p>\n\n\n\n<p>Adem\u00e1s, la responsable del Ejecutivo local hizo oportuna\u00a0 la ocasi\u00f3n para intercambiar proyectos e ideas con el Gobernador\u00a0 y analizar lo referido a los avances en las gestiones que el Mandatario Provincial\u00a0 viene realizando para General Pico.<\/p>\n\n\n\n<figure class=\"wp-block-image\"><img data-attachment-id=\"21515\" data-permalink=\"http:\/\/www.rtvnoticias.com.ar\/?attachment_id=21515\" data-orig-file=\"http:\/\/www.rtvnoticias.com.ar\/wp-content\/uploads\/2020\/06\/alonso-alvarez-junio.jpg\" data-orig-size=\"600,460\" data-comments-opened=\"0\" data-image-meta=\"{&quot;aperture&quot;:&quot;5.6&quot;,&quot;credit&quot;:&quot;&quot;,&quot;camera&quot;:&quot;NIKON D750&quot;,&quot;caption&quot;:&quot;&quot;,&quot;created_timestamp&quot;:&quot;1592302122&quot;,&quot;copyright&quot;:&quot;&quot;,&quot;focal_length&quot;:&quot;30&quot;,&quot;iso&quot;:&quot;400&quot;,&quot;shutter_speed&quot;:&quot;0.00625&quot;,&quot;title&quot;:&quot;&quot;,&quot;orientation&quot;:&quot;1&quot;}\" data-image-title=\"alonso-alvarez-junio\" data-image-description=\"\" data-image-caption=\"\" data-medium-file=\"http:\/\/www.rtvnoticias.com.ar\/wp-content\/uploads\/2020\/06\/alonso-alvarez-junio-300x230.jpg\" data-large-file=\"http:\/\/www.rtvnoticias.com.ar\/wp-content\/uploads\/2020\/06\/alonso-alvarez-junio.jpg\" decoding=\"async\" loading=\"lazy\" width=\"600\" height=\"460\" src=\"http:\/\/www.rtvnoticias.com.ar\/wp-content\/uploads\/2020\/06\/alonso-alvarez-junio.jpg\" alt=\"\" class=\"wp-image-21515\" srcset=\"http:\/\/www.rtvnoticias.com.ar\/wp-content\/uploads\/2020\/06\/alonso-alvarez-junio.jpg 600w, http:\/\/www.rtvnoticias.com.ar\/wp-content\/uploads\/2020\/06\/alonso-alvarez-junio-300x230.jpg 300w\" sizes=\"(max-width: 600px) 100vw, 600px\" \/><figcaption><em>Alonso en la reuni\u00f3n con el ministro Diego Alvarez<\/em><\/figcaption><\/figure>\n\n\n\n<p><strong>Departamento de Medicina Deportiva<\/strong><\/p>\n\n\n\n<p>M\u00e1s tarde, Fernanda Alonso se reuni\u00f3 con el ministro de Desarrollo Social,&nbsp; Diego \u00c1lvarez, para firmar&nbsp; un convenio donde queda establecido el&nbsp; compromiso de&nbsp;mantener el funcionamiento de la Delegaci\u00f3n del Departamento de Medicina Deportiva y Ciencias aplicadas en la ciudad.&nbsp;&nbsp;<\/p>\n\n\n\n<p>De esta manera,&nbsp; el Ministerio brindar\u00e1 continuidad a la supervisi\u00f3n t\u00e9cnica, mientras que el Municipio&nbsp; le corresponder\u00e1 hacerse cargo de mantener la infraestructura espec\u00edfica, dotando de recursos humanos calificados, recursos materiales y t\u00e9cnicos, con el fin de continuar con la atenci\u00f3n m\u00e9dica y psicol\u00f3gica, de rehabilitaci\u00f3n, nutricional y de asesoramiento para las y los atletas domiciliados en la zona norte provincial. <br>&#8212;\n\n<\/p>\n<div class=\"sharedaddy sd-sharing-enabled\"><div class=\"robots-nocontent sd-block sd-social sd-social-icon sd-sharing\"><h3 class=\"sd-title\">Comparte esto:<\/h3><div class=\"sd-content\"><ul><li class=\"share-twitter\"><a rel=\"nofollow noopener noreferrer\" data-shared=\"sharing-twitter-21513\" class=\"share-twitter sd-button share-icon no-text\" href=\"http:\/\/www.rtvnoticias.com.ar\/?p=21513&amp;share=twitter\" target=\"_blank\" title=\"Haz clic para compartir en Twitter\"><span><\/span><span class=\"sharing-screen-reader-text\">Haz clic para compartir en Twitter (Se abre en una ventana nueva)<\/span><\/a><\/li><li class=\"share-facebook\"><a rel=\"nofollow noopener noreferrer\" data-shared=\"sharing-facebook-21513\" class=\"share-facebook sd-button share-icon no-text\" href=\"http:\/\/www.rtvnoticias.com.ar\/?p=21513&amp;share=facebook\" target=\"_blank\" title=\"Haz clic para compartir en Facebook\"><span><\/span><span class=\"sharing-screen-reader-text\">Haz clic para compartir en Facebook (Se abre en una ventana nueva)<\/span><\/a><\/li><li class=\"share-jetpack-whatsapp\"><a rel=\"nofollow noopener noreferrer\" data-shared=\"\" class=\"share-jetpack-whatsapp sd-button share-icon no-text\" href=\"http:\/\/www.rtvnoticias.com.ar\/?p=21513&amp;share=jetpack-whatsapp\" target=\"_blank\" title=\"Haz clic para compartir en WhatsApp\"><span><\/span><span class=\"sharing-screen-reader-text\">Haz clic para compartir en WhatsApp (Se abre en una ventana nueva)<\/span><\/a><\/li><li class=\"share-telegram\"><a rel=\"nofollow noopener noreferrer\" data-shared=\"\" class=\"share-telegram sd-button share-icon no-text\" href=\"http:\/\/www.rtvnoticias.com.ar\/?p=21513&amp;share=telegram\" target=\"_blank\" title=\"Haz clic para compartir en Telegram\"><span><\/span><span class=\"sharing-screen-reader-text\">Haz clic para compartir en Telegram (Se abre en una ventana nueva)<\/span><\/a><\/li><li class=\"share-end\"><\/li><\/ul><\/div><\/div><\/div>","protected":false},"excerpt":{"rendered":"<p>La Intendenta Fernanda Alonso viaj\u00f3 a Santa Rosa para reunirse con el gobernador de la provincia, Sergio Ziliotto\u00a0 y con el ministro de Desarrollo Social,<\/p>\n<div class=\"sharedaddy sd-sharing-enabled\"><div class=\"robots-nocontent sd-block sd-social sd-social-icon sd-sharing\"><h3 class=\"sd-title\">Comparte esto:<\/h3><div class=\"sd-content\"><ul><li class=\"share-twitter\"><a rel=\"nofollow noopener noreferrer\" data-shared=\"sharing-twitter-21513\" class=\"share-twitter sd-button share-icon no-text\" href=\"http:\/\/www.rtvnoticias.com.ar\/?p=21513&amp;share=twitter\" target=\"_blank\" title=\"Haz clic para compartir en Twitter\"><span><\/span><span class=\"sharing-screen-reader-text\">Haz clic para compartir en Twitter (Se abre en una ventana nueva)<\/span><\/a><\/li><li class=\"share-facebook\"><a rel=\"nofollow noopener noreferrer\" data-shared=\"sharing-facebook-21513\" class=\"share-facebook sd-button share-icon no-text\" href=\"http:\/\/www.rtvnoticias.com.ar\/?p=21513&amp;share=facebook\" target=\"_blank\" title=\"Haz clic para compartir en Facebook\"><span><\/span><span class=\"sharing-screen-reader-text\">Haz clic para compartir en Facebook (Se abre en una ventana nueva)<\/span><\/a><\/li><li class=\"share-jetpack-whatsapp\"><a rel=\"nofollow noopener noreferrer\" data-shared=\"\" class=\"share-jetpack-whatsapp sd-button share-icon no-text\" href=\"http:\/\/www.rtvnoticias.com.ar\/?p=21513&amp;share=jetpack-whatsapp\" target=\"_blank\" title=\"Haz clic para compartir en WhatsApp\"><span><\/span><span class=\"sharing-screen-reader-text\">Haz clic para compartir en WhatsApp (Se abre en una ventana nueva)<\/span><\/a><\/li><li class=\"share-telegram\"><a rel=\"nofollow noopener noreferrer\" data-shared=\"\" class=\"share-telegram sd-button share-icon no-text\" href=\"http:\/\/www.rtvnoticias.com.ar\/?p=21513&amp;share=telegram\" target=\"_blank\" title=\"Haz clic para compartir en Telegram\"><span><\/span><span class=\"sharing-screen-reader-text\">Haz clic para compartir en Telegram (Se abre en una ventana nueva)<\/span><\/a><\/li><li class=\"share-end\"><\/li><\/ul><\/div><\/div><\/div>","protected":false},"author":5,"featured_media":21514,"comment_status":"closed","ping_status":"closed","sticky":false,"template":"","format":"standard","meta":{"spay_email":"","jetpack_publicize_message":"","jetpack_is_tweetstorm":false,"jetpack_publicize_feature_enabled":true},"categories":[3],"tags":[3337],"jetpack_featured_media_url":"http:\/\/www.rtvnoticias.com.ar\/wp-content\/uploads\/2020\/06\/alonso-ziliotto-junio.jpg","jetpack_publicize_connections":[],"jetpack_sharing_enabled":true,"_links":{"self":[{"href":"http:\/\/www.rtvnoticias.com.ar\/index.php?rest_route=\/wp\/v2\/posts\/21513"}],"collection":[{"href":"http:\/\/www.rtvnoticias.com.ar\/index.php?rest_route=\/wp\/v2\/posts"}],"about":[{"href":"http:\/\/www.rtvnoticias.com.ar\/index.php?rest_route=\/wp\/v2\/types\/post"}],"author":[{"embeddable":true,"href":"http:\/\/www.rtvnoticias.com.ar\/index.php?rest_route=\/wp\/v2\/users\/5"}],"replies":[{"embeddable":true,"href":"http:\/\/www.rtvnoticias.com.ar\/index.php?rest_route=%2Fwp%2Fv2%2Fcomments&post=21513"}],"version-history":[{"count":1,"href":"http:\/\/www.rtvnoticias.com.ar\/index.php?rest_route=\/wp\/v2\/posts\/21513\/revisions"}],"predecessor-version":[{"id":21516,"href":"http:\/\/www.rtvnoticias.com.ar\/index.php?rest_route=\/wp\/v2\/posts\/21513\/revisions\/21516"}],"wp:featuredmedia":[{"embeddable":true,"href":"http:\/\/www.rtvnoticias.com.ar\/index.php?rest_route=\/wp\/v2\/media\/21514"}],"wp:attachment":[{"href":"http:\/\/www.rtvnoticias.com.ar\/index.php?rest_route=%2Fwp%2Fv2%2Fmedia&parent=21513"}],"wp:term":[{"taxonomy":"category","embeddable":true,"href":"http:\/\/www.rtvnoticias.com.ar\/index.php?rest_route=%2Fwp%2Fv2%2Fcategories&post=21513"},{"taxonomy":"post_tag","embeddable":true,"href":"http:\/\/www.rtvnoticias.com.ar\/index.php?rest_route=%2Fwp%2Fv2%2Ftags&post=21513"}],"curies":[{"name":"wp","href":"https:\/\/api.w.org\/{rel}","templated":true}]}}