{"id":21517,"date":"2020-06-17T00:12:07","date_gmt":"2020-06-17T03:12:07","guid":{"rendered":"http:\/\/www.rtvnoticias.com.ar\/?p=21517"},"modified":"2020-06-16T18:07:17","modified_gmt":"2020-06-16T21:07:17","slug":"alonso-expuso-ante-diputados-sobre-el-funcionamiento-de-la-ordenanza-de-agroquimicos","status":"publish","type":"post","link":"http:\/\/www.rtvnoticias.com.ar\/?p=21517","title":{"rendered":"Alonso expuso ante Diputados sobre el funcionamiento de la ordenanza de agroqu\u00edmicos"},"content":{"rendered":"\n<p>Fernanda Alonso concurri\u00f3 a la C\u00e1mara de Diputados de la Provincia de La Pampa,\u00a0 invitada\u00a0 para dar cuenta de la experiencia que existe en nuestra ciudad sobre el funcionamiento de la ordenanza de agroqu\u00edmicos y plaguicidas. normativa que lleva m\u00e1s de 10 a\u00f1os.<\/p>\n\n\n\n<p>Luego de mantener reuniones con el gobernador y el ministro de Desarrollo social, la intendenta\u00a0 se traslad\u00f3 hasta la C\u00e1mara de Diputados de la Provincia de La Pampa,\u00a0 para asistir al \u00faltimo plenario de comisiones, donde se encuentra en tratamiento la nueva ley de agroqu\u00edmicos de la Provincia.<\/p>\n\n\n\n<p>Fernanda Alonso fue especialmente invitada por los diputados provinciales, no solo como intendenta de la ciudad de General Pico, sino tambi\u00e9n porque preside la Microrregi\u00f3n II.<\/p>\n\n\n\n<figure class=\"wp-block-image\"><img data-attachment-id=\"21519\" data-permalink=\"http:\/\/www.rtvnoticias.com.ar\/?attachment_id=21519\" data-orig-file=\"http:\/\/www.rtvnoticias.com.ar\/wp-content\/uploads\/2020\/06\/alonso-diputados-2.jpg\" data-orig-size=\"600,383\" data-comments-opened=\"0\" data-image-meta=\"{&quot;aperture&quot;:&quot;0&quot;,&quot;credit&quot;:&quot;&quot;,&quot;camera&quot;:&quot;&quot;,&quot;caption&quot;:&quot;&quot;,&quot;created_timestamp&quot;:&quot;0&quot;,&quot;copyright&quot;:&quot;&quot;,&quot;focal_length&quot;:&quot;0&quot;,&quot;iso&quot;:&quot;0&quot;,&quot;shutter_speed&quot;:&quot;0&quot;,&quot;title&quot;:&quot;&quot;,&quot;orientation&quot;:&quot;1&quot;}\" data-image-title=\"alonso-diputados-2\" data-image-description=\"\" data-image-caption=\"\" data-medium-file=\"http:\/\/www.rtvnoticias.com.ar\/wp-content\/uploads\/2020\/06\/alonso-diputados-2-300x192.jpg\" data-large-file=\"http:\/\/www.rtvnoticias.com.ar\/wp-content\/uploads\/2020\/06\/alonso-diputados-2.jpg\" decoding=\"async\" loading=\"lazy\" width=\"600\" height=\"383\" src=\"http:\/\/www.rtvnoticias.com.ar\/wp-content\/uploads\/2020\/06\/alonso-diputados-2.jpg\" alt=\"\" class=\"wp-image-21519\" srcset=\"http:\/\/www.rtvnoticias.com.ar\/wp-content\/uploads\/2020\/06\/alonso-diputados-2.jpg 600w, http:\/\/www.rtvnoticias.com.ar\/wp-content\/uploads\/2020\/06\/alonso-diputados-2-300x192.jpg 300w\" sizes=\"(max-width: 600px) 100vw, 600px\" \/><figcaption>Alonso ante diputados por tema agroqu\u00edmicos y plaguicidas <\/figcaption><\/figure>\n\n\n\n<p>Los legisladores pampeanos consideraron que la jefa comunal pod\u00eda aportar la experiencia que ya tiene nuestra ciudad en materia de agroqu\u00edmicos, ya&nbsp; que posee una ordenanza que sanciona al respecto y que est\u00e1 vigente desde&nbsp; hace&nbsp; m\u00e1s de 10 a\u00f1os y tambi\u00e9n sobre otras tem\u00e1ticas importantes&nbsp; para la confecci\u00f3n final&nbsp; de la nueva ley de agroqu\u00edmicos.<\/p>\n\n\n\n<p><strong>Responsabilidad y Experiencia<\/strong><\/p>\n\n\n\n<p>Alonso manifest\u00f3 su agrado por la decisi\u00f3n de la Legislatura Pampeana de rever su normativa en esta cuesti\u00f3n ya que considero que: \u201cEs una de las cuestiones m\u00e1s importantes que ata\u00f1en a la provincia y que requiere especial atenci\u00f3n. Especialmente de los intendentes, por la responsabilidad que nos cabe&nbsp; en el cuidado del medio ambiente, que es la herencia que les vamos a dejar a nuestros hijos\u201d.<\/p>\n\n\n\n<p>Alonso subray\u00f3 adem\u00e1s, que Pico tiene una importante trayectoria de implementaci\u00f3n de una ordenanza propia, \u201cQue est\u00e1 vigente desde hace ya 10 a\u00f1os y que seguramente tiene much\u00edsimas cosas para corregir, pero lo cierto es que se ha podido instituir como norma y que nos ha permitido tener un aprendizaje constante en la cuesti\u00f3n del agro,\u00a0 que en nuestra provincia siempre en esta convivencia con la ciudad\u00a0 y de c\u00f3mo encontrar un equilibrio\u201d, se\u00f1al\u00f3 Alonso ante los diputados provinciales.\u00a0\u00a0<\/p>\n\n\n\n<p>Tambi\u00e9n estuvieron presentes otros intendentes municipales de localidades pampeanas quienes escucharon e intercambiaron ideas con los legisladores.<\/p>\n<div class=\"sharedaddy sd-sharing-enabled\"><div class=\"robots-nocontent sd-block sd-social sd-social-icon sd-sharing\"><h3 class=\"sd-title\">Comparte esto:<\/h3><div class=\"sd-content\"><ul><li class=\"share-twitter\"><a rel=\"nofollow noopener noreferrer\" data-shared=\"sharing-twitter-21517\" class=\"share-twitter sd-button share-icon no-text\" href=\"http:\/\/www.rtvnoticias.com.ar\/?p=21517&amp;share=twitter\" target=\"_blank\" title=\"Haz clic para compartir en Twitter\"><span><\/span><span class=\"sharing-screen-reader-text\">Haz clic para compartir en Twitter (Se abre en una ventana nueva)<\/span><\/a><\/li><li class=\"share-facebook\"><a rel=\"nofollow noopener noreferrer\" data-shared=\"sharing-facebook-21517\" class=\"share-facebook sd-button share-icon no-text\" href=\"http:\/\/www.rtvnoticias.com.ar\/?p=21517&amp;share=facebook\" target=\"_blank\" title=\"Haz clic para compartir en Facebook\"><span><\/span><span class=\"sharing-screen-reader-text\">Haz clic para compartir en Facebook (Se abre en una ventana nueva)<\/span><\/a><\/li><li class=\"share-jetpack-whatsapp\"><a rel=\"nofollow noopener noreferrer\" data-shared=\"\" class=\"share-jetpack-whatsapp sd-button share-icon no-text\" href=\"http:\/\/www.rtvnoticias.com.ar\/?p=21517&amp;share=jetpack-whatsapp\" target=\"_blank\" title=\"Haz clic para compartir en WhatsApp\"><span><\/span><span class=\"sharing-screen-reader-text\">Haz clic para compartir en WhatsApp (Se abre en una ventana nueva)<\/span><\/a><\/li><li class=\"share-telegram\"><a rel=\"nofollow noopener noreferrer\" data-shared=\"\" class=\"share-telegram sd-button share-icon no-text\" href=\"http:\/\/www.rtvnoticias.com.ar\/?p=21517&amp;share=telegram\" target=\"_blank\" title=\"Haz clic para compartir en Telegram\"><span><\/span><span class=\"sharing-screen-reader-text\">Haz clic para compartir en Telegram (Se abre en una ventana nueva)<\/span><\/a><\/li><li class=\"share-end\"><\/li><\/ul><\/div><\/div><\/div>","protected":false},"excerpt":{"rendered":"<p>Fernanda Alonso concurri\u00f3 a la C\u00e1mara de Diputados de la Provincia de La Pampa,\u00a0 invitada\u00a0 para dar cuenta de la experiencia que existe en nuestra<\/p>\n<div class=\"sharedaddy sd-sharing-enabled\"><div class=\"robots-nocontent sd-block sd-social sd-social-icon sd-sharing\"><h3 class=\"sd-title\">Comparte esto:<\/h3><div class=\"sd-content\"><ul><li class=\"share-twitter\"><a rel=\"nofollow noopener noreferrer\" data-shared=\"sharing-twitter-21517\" class=\"share-twitter sd-button share-icon no-text\" href=\"http:\/\/www.rtvnoticias.com.ar\/?p=21517&amp;share=twitter\" target=\"_blank\" title=\"Haz clic para compartir en Twitter\"><span><\/span><span class=\"sharing-screen-reader-text\">Haz clic para compartir en Twitter (Se abre en una ventana nueva)<\/span><\/a><\/li><li class=\"share-facebook\"><a rel=\"nofollow noopener noreferrer\" data-shared=\"sharing-facebook-21517\" class=\"share-facebook sd-button share-icon no-text\" href=\"http:\/\/www.rtvnoticias.com.ar\/?p=21517&amp;share=facebook\" target=\"_blank\" title=\"Haz clic para compartir en Facebook\"><span><\/span><span class=\"sharing-screen-reader-text\">Haz clic para compartir en Facebook (Se abre en una ventana nueva)<\/span><\/a><\/li><li class=\"share-jetpack-whatsapp\"><a rel=\"nofollow noopener noreferrer\" data-shared=\"\" class=\"share-jetpack-whatsapp sd-button share-icon no-text\" href=\"http:\/\/www.rtvnoticias.com.ar\/?p=21517&amp;share=jetpack-whatsapp\" target=\"_blank\" title=\"Haz clic para compartir en WhatsApp\"><span><\/span><span class=\"sharing-screen-reader-text\">Haz clic para compartir en WhatsApp (Se abre en una ventana nueva)<\/span><\/a><\/li><li class=\"share-telegram\"><a rel=\"nofollow noopener noreferrer\" data-shared=\"\" class=\"share-telegram sd-button share-icon no-text\" href=\"http:\/\/www.rtvnoticias.com.ar\/?p=21517&amp;share=telegram\" target=\"_blank\" title=\"Haz clic para compartir en Telegram\"><span><\/span><span class=\"sharing-screen-reader-text\">Haz clic para compartir en Telegram (Se abre en una ventana nueva)<\/span><\/a><\/li><li class=\"share-end\"><\/li><\/ul><\/div><\/div><\/div>","protected":false},"author":5,"featured_media":21518,"comment_status":"closed","ping_status":"closed","sticky":false,"template":"","format":"standard","meta":{"spay_email":"","jetpack_publicize_message":"","jetpack_is_tweetstorm":false,"jetpack_publicize_feature_enabled":true},"categories":[3],"tags":[3338],"jetpack_featured_media_url":"http:\/\/www.rtvnoticias.com.ar\/wp-content\/uploads\/2020\/06\/alonso-diputados.jpg","jetpack_publicize_connections":[],"jetpack_sharing_enabled":true,"_links":{"self":[{"href":"http:\/\/www.rtvnoticias.com.ar\/index.php?rest_route=\/wp\/v2\/posts\/21517"}],"collection":[{"href":"http:\/\/www.rtvnoticias.com.ar\/index.php?rest_route=\/wp\/v2\/posts"}],"about":[{"href":"http:\/\/www.rtvnoticias.com.ar\/index.php?rest_route=\/wp\/v2\/types\/post"}],"author":[{"embeddable":true,"href":"http:\/\/www.rtvnoticias.com.ar\/index.php?rest_route=\/wp\/v2\/users\/5"}],"replies":[{"embeddable":true,"href":"http:\/\/www.rtvnoticias.com.ar\/index.php?rest_route=%2Fwp%2Fv2%2Fcomments&post=21517"}],"version-history":[{"count":1,"href":"http:\/\/www.rtvnoticias.com.ar\/index.php?rest_route=\/wp\/v2\/posts\/21517\/revisions"}],"predecessor-version":[{"id":21520,"href":"http:\/\/www.rtvnoticias.com.ar\/index.php?rest_route=\/wp\/v2\/posts\/21517\/revisions\/21520"}],"wp:featuredmedia":[{"embeddable":true,"href":"http:\/\/www.rtvnoticias.com.ar\/index.php?rest_route=\/wp\/v2\/media\/21518"}],"wp:attachment":[{"href":"http:\/\/www.rtvnoticias.com.ar\/index.php?rest_route=%2Fwp%2Fv2%2Fmedia&parent=21517"}],"wp:term":[{"taxonomy":"category","embeddable":true,"href":"http:\/\/www.rtvnoticias.com.ar\/index.php?rest_route=%2Fwp%2Fv2%2Fcategories&post=21517"},{"taxonomy":"post_tag","embeddable":true,"href":"http:\/\/www.rtvnoticias.com.ar\/index.php?rest_route=%2Fwp%2Fv2%2Ftags&post=21517"}],"curies":[{"name":"wp","href":"https:\/\/api.w.org\/{rel}","templated":true}]}}