{"id":21533,"date":"2020-06-17T18:03:32","date_gmt":"2020-06-17T21:03:32","guid":{"rendered":"http:\/\/www.rtvnoticias.com.ar\/?p=21533"},"modified":"2020-06-17T18:09:35","modified_gmt":"2020-06-17T21:09:35","slug":"alonso-recibio-al-intendente-de-carro-quemado","status":"publish","type":"post","link":"http:\/\/www.rtvnoticias.com.ar\/?p=21533","title":{"rendered":"Alonso recibi\u00f3 al intendente de Carro Quemado"},"content":{"rendered":"\n<p>El Jefe comunal de Carro Quemado\u00a0 Oscar Rodr\u00edguez Huarte visit\u00f3 esta ma\u00f1ana a la intendenta  Fernanda Alonso. Rodr\u00edguez Huarte, aprovechando la flexibilizaci\u00f3n de las medidas de aislamiento en nuestra provincia,\u00a0 se encuentra por estos d\u00edas visitando a intendentes de otras localidades pampeanas, con la intenci\u00f3n de intercambiar impresiones sobre aspectos relacionados con el desempe\u00f1o de las diferentes Comunas de la provincia.<\/p>\n\n\n\n<p>\u201cMe interesa conocer algunos aspectos del manejo de la administraci\u00f3n p\u00fablica de ciudades m\u00e1s grandes, como General Pico. Carro Quemado es una localidad muy chica, que solo tiene 350 habitantes\u201d, dijo.<\/p>\n\n\n\n<p><strong>Turismo<\/strong><\/p>\n\n\n\n<p>Seg\u00fan explic\u00f3 el propio Rodr\u00edguez Huarte, se trat\u00f3 adem\u00e1s de una visita de car\u00e1cter protocolar, que aprovech\u00f3 para difundir lo que puede ofrecer Carro Quemado a sus eventuales visitantes: \u201cLa idea es potenciar la oferta tur\u00edstica de Carro Quemado, que tiene algunos lugares dignos de destacar. A 20 kil\u00f3metros y todo por asfalto, se ubica el Atelier Ortiz Echague, una estancia important\u00edsima\u201d.<\/p>\n\n\n\n<p>El&nbsp; Atelier ubicado en la estancia \u201cLa Holanda\u201d&nbsp; permite a los visitantes conocer la obra del reconocido artista pl\u00e1stico Antonio Ortiz Echague,&nbsp; que residi\u00f3 en esa estancia los \u00faltimos 9 a\u00f1os de su vida. Adem\u00e1s \u201cLa Holanda\u201d&nbsp; est\u00e1 enclavada en la belleza natural de los montes pampeanos que la rodean.<\/p>\n\n\n\n<p>\u201cEstamos haciendo una nueva oficina de turismo, para brindarle informaci\u00f3n a quienes llegan al pueblo\u201d, se\u00f1al\u00f3 Huarte, y agreg\u00f3 que se puede ir a pasar el d\u00eda: \u201cles aseguramos que la van a pasar muy bien. El pueblo tambi\u00e9n tiene a disposici\u00f3n de los visitantes, un complejo muy lindo al que le estamos a\u00f1adiendo cada vez m\u00e1s comodidades\u201d .<\/p>\n\n\n\n<p><strong>Impacto de la Pandemia<\/strong><\/p>\n\n\n\n<p>En cuanto al impacto que han tenido las medidas adoptadas por el Gobierno Nacional, en el marco de la Pandemia de Covid 19,&nbsp; en Carro Quemado, Huarte se\u00f1al\u00f3 que fren\u00f3 algunas iniciativas que la intendencia planeaba llevar a cabo, como por ejemplo la realizaci\u00f3n de un parque tem\u00e1tico.<\/p>\n\n\n\n<p>Por otra parte, la pandemia ha restringido uno de los recursos m\u00e1s importantes con que cuenta Carro Quemado, como es la actividad cineg\u00e9tica: \u201cEste a\u00f1o nos hemos visto muy afectados por la pandemia, que&nbsp; nos oblig\u00f3 a suspender todas las actividades relacionadas con la caza. En septiembre, octubre, se va a sentir la falta de actividad en los diferentes cotos de caza de la zona. La actividad en los meses de marzo, abril, mayo les dejaba un resto a los due\u00f1os de los cotos de caza y a la gente que oficia como gu\u00eda de caza, lo que le permit\u00eda al Municipio emprender alguna obra\u201d.&nbsp; manifest\u00f3 Oscar Rodr\u00edguez Huarte.<\/p>\n<div class=\"sharedaddy sd-sharing-enabled\"><div class=\"robots-nocontent sd-block sd-social sd-social-icon sd-sharing\"><h3 class=\"sd-title\">Comparte esto:<\/h3><div class=\"sd-content\"><ul><li class=\"share-twitter\"><a rel=\"nofollow noopener noreferrer\" data-shared=\"sharing-twitter-21533\" class=\"share-twitter sd-button share-icon no-text\" href=\"http:\/\/www.rtvnoticias.com.ar\/?p=21533&amp;share=twitter\" target=\"_blank\" title=\"Haz clic para compartir en Twitter\"><span><\/span><span class=\"sharing-screen-reader-text\">Haz clic para compartir en Twitter (Se abre en una ventana nueva)<\/span><\/a><\/li><li class=\"share-facebook\"><a rel=\"nofollow noopener noreferrer\" data-shared=\"sharing-facebook-21533\" class=\"share-facebook sd-button share-icon no-text\" href=\"http:\/\/www.rtvnoticias.com.ar\/?p=21533&amp;share=facebook\" target=\"_blank\" title=\"Haz clic para compartir en Facebook\"><span><\/span><span class=\"sharing-screen-reader-text\">Haz clic para compartir en Facebook (Se abre en una ventana nueva)<\/span><\/a><\/li><li class=\"share-jetpack-whatsapp\"><a rel=\"nofollow noopener noreferrer\" data-shared=\"\" class=\"share-jetpack-whatsapp sd-button share-icon no-text\" href=\"http:\/\/www.rtvnoticias.com.ar\/?p=21533&amp;share=jetpack-whatsapp\" target=\"_blank\" title=\"Haz clic para compartir en WhatsApp\"><span><\/span><span class=\"sharing-screen-reader-text\">Haz clic para compartir en WhatsApp (Se abre en una ventana nueva)<\/span><\/a><\/li><li class=\"share-telegram\"><a rel=\"nofollow noopener noreferrer\" data-shared=\"\" class=\"share-telegram sd-button share-icon no-text\" href=\"http:\/\/www.rtvnoticias.com.ar\/?p=21533&amp;share=telegram\" target=\"_blank\" title=\"Haz clic para compartir en Telegram\"><span><\/span><span class=\"sharing-screen-reader-text\">Haz clic para compartir en Telegram (Se abre en una ventana nueva)<\/span><\/a><\/li><li class=\"share-end\"><\/li><\/ul><\/div><\/div><\/div>","protected":false},"excerpt":{"rendered":"<p>El Jefe comunal de Carro Quemado\u00a0 Oscar Rodr\u00edguez Huarte visit\u00f3 esta ma\u00f1ana a la intendenta Fernanda Alonso. Rodr\u00edguez Huarte, aprovechando la flexibilizaci\u00f3n de las medidas<\/p>\n<div class=\"sharedaddy sd-sharing-enabled\"><div class=\"robots-nocontent sd-block sd-social sd-social-icon sd-sharing\"><h3 class=\"sd-title\">Comparte esto:<\/h3><div class=\"sd-content\"><ul><li class=\"share-twitter\"><a rel=\"nofollow noopener noreferrer\" data-shared=\"sharing-twitter-21533\" class=\"share-twitter sd-button share-icon no-text\" href=\"http:\/\/www.rtvnoticias.com.ar\/?p=21533&amp;share=twitter\" target=\"_blank\" title=\"Haz clic para compartir en Twitter\"><span><\/span><span class=\"sharing-screen-reader-text\">Haz clic para compartir en Twitter (Se abre en una ventana nueva)<\/span><\/a><\/li><li class=\"share-facebook\"><a rel=\"nofollow noopener noreferrer\" data-shared=\"sharing-facebook-21533\" class=\"share-facebook sd-button share-icon no-text\" href=\"http:\/\/www.rtvnoticias.com.ar\/?p=21533&amp;share=facebook\" target=\"_blank\" title=\"Haz clic para compartir en Facebook\"><span><\/span><span class=\"sharing-screen-reader-text\">Haz clic para compartir en Facebook (Se abre en una ventana nueva)<\/span><\/a><\/li><li class=\"share-jetpack-whatsapp\"><a rel=\"nofollow noopener noreferrer\" data-shared=\"\" class=\"share-jetpack-whatsapp sd-button share-icon no-text\" href=\"http:\/\/www.rtvnoticias.com.ar\/?p=21533&amp;share=jetpack-whatsapp\" target=\"_blank\" title=\"Haz clic para compartir en WhatsApp\"><span><\/span><span class=\"sharing-screen-reader-text\">Haz clic para compartir en WhatsApp (Se abre en una ventana nueva)<\/span><\/a><\/li><li class=\"share-telegram\"><a rel=\"nofollow noopener noreferrer\" data-shared=\"\" class=\"share-telegram sd-button share-icon no-text\" href=\"http:\/\/www.rtvnoticias.com.ar\/?p=21533&amp;share=telegram\" target=\"_blank\" title=\"Haz clic para compartir en Telegram\"><span><\/span><span class=\"sharing-screen-reader-text\">Haz clic para compartir en Telegram (Se abre en una ventana nueva)<\/span><\/a><\/li><li class=\"share-end\"><\/li><\/ul><\/div><\/div><\/div>","protected":false},"author":5,"featured_media":21534,"comment_status":"closed","ping_status":"closed","sticky":false,"template":"","format":"standard","meta":{"spay_email":"","jetpack_publicize_message":"","jetpack_is_tweetstorm":false,"jetpack_publicize_feature_enabled":true},"categories":[3],"tags":[],"jetpack_featured_media_url":"http:\/\/www.rtvnoticias.com.ar\/wp-content\/uploads\/2020\/06\/alonso-carroquemado.png","jetpack_publicize_connections":[],"jetpack_sharing_enabled":true,"_links":{"self":[{"href":"http:\/\/www.rtvnoticias.com.ar\/index.php?rest_route=\/wp\/v2\/posts\/21533"}],"collection":[{"href":"http:\/\/www.rtvnoticias.com.ar\/index.php?rest_route=\/wp\/v2\/posts"}],"about":[{"href":"http:\/\/www.rtvnoticias.com.ar\/index.php?rest_route=\/wp\/v2\/types\/post"}],"author":[{"embeddable":true,"href":"http:\/\/www.rtvnoticias.com.ar\/index.php?rest_route=\/wp\/v2\/users\/5"}],"replies":[{"embeddable":true,"href":"http:\/\/www.rtvnoticias.com.ar\/index.php?rest_route=%2Fwp%2Fv2%2Fcomments&post=21533"}],"version-history":[{"count":1,"href":"http:\/\/www.rtvnoticias.com.ar\/index.php?rest_route=\/wp\/v2\/posts\/21533\/revisions"}],"predecessor-version":[{"id":21535,"href":"http:\/\/www.rtvnoticias.com.ar\/index.php?rest_route=\/wp\/v2\/posts\/21533\/revisions\/21535"}],"wp:featuredmedia":[{"embeddable":true,"href":"http:\/\/www.rtvnoticias.com.ar\/index.php?rest_route=\/wp\/v2\/media\/21534"}],"wp:attachment":[{"href":"http:\/\/www.rtvnoticias.com.ar\/index.php?rest_route=%2Fwp%2Fv2%2Fmedia&parent=21533"}],"wp:term":[{"taxonomy":"category","embeddable":true,"href":"http:\/\/www.rtvnoticias.com.ar\/index.php?rest_route=%2Fwp%2Fv2%2Fcategories&post=21533"},{"taxonomy":"post_tag","embeddable":true,"href":"http:\/\/www.rtvnoticias.com.ar\/index.php?rest_route=%2Fwp%2Fv2%2Ftags&post=21533"}],"curies":[{"name":"wp","href":"https:\/\/api.w.org\/{rel}","templated":true}]}}