{"id":21536,"date":"2020-06-17T19:20:01","date_gmt":"2020-06-17T22:20:01","guid":{"rendered":"http:\/\/www.rtvnoticias.com.ar\/?p=21536"},"modified":"2020-06-17T19:20:07","modified_gmt":"2020-06-17T22:20:07","slug":"el-gobierno-reducira-ayuda-para-pagar-salarios-de-junio-y-no-dara-fondos-para-el-aguinaldo","status":"publish","type":"post","link":"http:\/\/www.rtvnoticias.com.ar\/?p=21536","title":{"rendered":"El Gobierno reducir\u00e1 ayuda para pagar salarios de junio y no dar\u00e1 fondos para el aguinaldo"},"content":{"rendered":"\n<p>Se llev\u00f3 a cabo en el Sal\u00f3n de las Mujeres de la Casa Rosada, una nueva reuni\u00f3n del Gabinete Econ\u00f3mico, encabezada por el jefe de Gabinete de Ministros de la Naci\u00f3n, Santiago Cafiero, para analizar las medidas de protecci\u00f3n econ\u00f3mica y social que desarroll\u00f3 el Gobierno Nacional en el marco de la pandemia, como lo son -entre otras- el Programa de Asistencia al Trabajo y la Producci\u00f3n (ATP) y el Ingreso Familiar de Emergencia (IFE).<\/p>\n\n\n\n<p>Del encuentro participaron el ministro de Econom\u00eda, Mart\u00edn Guzm\u00e1n, y su par de Trabajo y Desarrollo Productivo, Claudio Moroni y Mat\u00edas Kulfas, respectivamente; la titular de la AFIP, Mercedes Marc\u00f3 del Pont; la titular de la ANSES, Mar\u00eda Fernanda Raverta; el presidente del Banco Central; Miguel \u00c1ngel Pesce y la vicejefa de Gabinete, Cecilia Todesca Bocco.<\/p>\n\n\n\n<p>En la reuni\u00f3n de Gabinete Econ\u00f3mico se trabaj\u00f3 sobre la readecuaci\u00f3n de las pol\u00edticas desarrolladas para enfrentar la pandemia en este nuevo contexto con el 85% del territorio argentino con su capacidad productiva y comercial recuper\u00e1ndose, pero sosteniendo -e incluso ampliando- las herramientas y medidas para los sectores que siguen afectados por el ASPO.<\/p>\n\n\n\n<p>En lo que refiere al ATP, para el pago de salarios del mes de julio se determin\u00f3 la utilizaci\u00f3n de dos variables; una relacionada con lo sectorial y la otra con lo geogr\u00e1fico. La primero refiere a sectores cr\u00edticos que por el momento est\u00e1n imposibilitados o con severas dificultades para funcionar.<\/p>\n\n\n\n<p>El otro criterio es el geogr\u00e1fico que, a partir del DNU 520, se determin\u00f3 que una parte de la Argentina est\u00e1 en DISPO y otra parte que contin\u00faa en ASPO.<br>La decisi\u00f3n del Gabinete Econ\u00f3mico fue concentrar mayores recursos en aquellos lugares que est\u00e1n atravesando una situaci\u00f3n m\u00e1s complicada por el alto nivel de contagio y que, por ende, tienen la actividad productiva m\u00e1s afectada.<\/p>\n\n\n\n<p>Asimismo, se defini\u00f3 que las empresas incluidas sean las que tengan hasta 800 trabajadores en sus plantillas, salvo en los sectores cr\u00edticos -en donde no hay ninguna restricci\u00f3n de tama\u00f1o-.<\/p>\n\n\n\n<p>Con respecto a los cr\u00e9ditos, se determin\u00f3 la ampliaci\u00f3n del cr\u00e9dito al 24%, del que estar\u00e1 a cargo el Banco Central, adem\u00e1s de la nueva l\u00ednea, denominada \u201cL\u00ednea Pyme Plus\u201d, que gestiona el Ministerio de Desarrollo Social junto al Banco Central y que est\u00e1 dirigida a un universo de pymes que nunca antes hab\u00edan tomado un cr\u00e9dito bancario.<\/p>\n\n\n\n<p>Por \u00faltimo, hay una l\u00ednea particular para cooperativas al 18% que se est\u00e1 implementando entre el Banco Central y el Ministerio de Desarrollo Productivo.<\/p>\n\n\n\n<p>El objetivo planteado por el Gabinete Econ\u00f3mico es que la nueva din\u00e1mica del ATP se acompa\u00f1e de las diversas l\u00edneas de cr\u00e9ditos, porque hay muchas empresas que ya recuperaron su actividad y las necesidades difieren seg\u00fan su estado de funcionamiento.<\/p>\n\n\n\n<p>En lo que refiere al IFE; el lunes pasado ANSES comenz\u00f3 a pagar la segunda ronda junto con la AUH, en un cronograma que se extender\u00e1 durante cinco semanas y que alcanzar\u00e1 a casi 9 millones de personas en todo el territorio nacional.<\/p>\n\n\n\n<p>Del encuentro tambi\u00e9n participaron el viceministro de Econom\u00eda; Haroldo Montag\u00fa y el jefe de gabinete de esa cartera; Gonzalo Guiraldes<\/p>\n<div class=\"sharedaddy sd-sharing-enabled\"><div class=\"robots-nocontent sd-block sd-social sd-social-icon sd-sharing\"><h3 class=\"sd-title\">Comparte esto:<\/h3><div class=\"sd-content\"><ul><li class=\"share-twitter\"><a rel=\"nofollow noopener noreferrer\" data-shared=\"sharing-twitter-21536\" class=\"share-twitter sd-button share-icon no-text\" href=\"http:\/\/www.rtvnoticias.com.ar\/?p=21536&amp;share=twitter\" target=\"_blank\" title=\"Haz clic para compartir en Twitter\"><span><\/span><span class=\"sharing-screen-reader-text\">Haz clic para compartir en Twitter (Se abre en una ventana nueva)<\/span><\/a><\/li><li class=\"share-facebook\"><a rel=\"nofollow noopener noreferrer\" data-shared=\"sharing-facebook-21536\" class=\"share-facebook sd-button share-icon no-text\" href=\"http:\/\/www.rtvnoticias.com.ar\/?p=21536&amp;share=facebook\" target=\"_blank\" title=\"Haz clic para compartir en Facebook\"><span><\/span><span class=\"sharing-screen-reader-text\">Haz clic para compartir en Facebook (Se abre en una ventana nueva)<\/span><\/a><\/li><li class=\"share-jetpack-whatsapp\"><a rel=\"nofollow noopener noreferrer\" data-shared=\"\" class=\"share-jetpack-whatsapp sd-button share-icon no-text\" href=\"http:\/\/www.rtvnoticias.com.ar\/?p=21536&amp;share=jetpack-whatsapp\" target=\"_blank\" title=\"Haz clic para compartir en WhatsApp\"><span><\/span><span class=\"sharing-screen-reader-text\">Haz clic para compartir en WhatsApp (Se abre en una ventana nueva)<\/span><\/a><\/li><li class=\"share-telegram\"><a rel=\"nofollow noopener noreferrer\" data-shared=\"\" class=\"share-telegram sd-button share-icon no-text\" href=\"http:\/\/www.rtvnoticias.com.ar\/?p=21536&amp;share=telegram\" target=\"_blank\" title=\"Haz clic para compartir en Telegram\"><span><\/span><span class=\"sharing-screen-reader-text\">Haz clic para compartir en Telegram (Se abre en una ventana nueva)<\/span><\/a><\/li><li class=\"share-end\"><\/li><\/ul><\/div><\/div><\/div>","protected":false},"excerpt":{"rendered":"<p>Se llev\u00f3 a cabo en el Sal\u00f3n de las Mujeres de la Casa Rosada, una nueva reuni\u00f3n del Gabinete Econ\u00f3mico, encabezada por el jefe de<\/p>\n<div class=\"sharedaddy sd-sharing-enabled\"><div class=\"robots-nocontent sd-block sd-social sd-social-icon sd-sharing\"><h3 class=\"sd-title\">Comparte esto:<\/h3><div class=\"sd-content\"><ul><li class=\"share-twitter\"><a rel=\"nofollow noopener noreferrer\" data-shared=\"sharing-twitter-21536\" class=\"share-twitter sd-button share-icon no-text\" href=\"http:\/\/www.rtvnoticias.com.ar\/?p=21536&amp;share=twitter\" target=\"_blank\" title=\"Haz clic para compartir en Twitter\"><span><\/span><span class=\"sharing-screen-reader-text\">Haz clic para compartir en Twitter (Se abre en una ventana nueva)<\/span><\/a><\/li><li class=\"share-facebook\"><a rel=\"nofollow noopener noreferrer\" data-shared=\"sharing-facebook-21536\" class=\"share-facebook sd-button share-icon no-text\" href=\"http:\/\/www.rtvnoticias.com.ar\/?p=21536&amp;share=facebook\" target=\"_blank\" title=\"Haz clic para compartir en Facebook\"><span><\/span><span class=\"sharing-screen-reader-text\">Haz clic para compartir en Facebook (Se abre en una ventana nueva)<\/span><\/a><\/li><li class=\"share-jetpack-whatsapp\"><a rel=\"nofollow noopener noreferrer\" data-shared=\"\" class=\"share-jetpack-whatsapp sd-button share-icon no-text\" href=\"http:\/\/www.rtvnoticias.com.ar\/?p=21536&amp;share=jetpack-whatsapp\" target=\"_blank\" title=\"Haz clic para compartir en WhatsApp\"><span><\/span><span class=\"sharing-screen-reader-text\">Haz clic para compartir en WhatsApp (Se abre en una ventana nueva)<\/span><\/a><\/li><li class=\"share-telegram\"><a rel=\"nofollow noopener noreferrer\" data-shared=\"\" class=\"share-telegram sd-button share-icon no-text\" href=\"http:\/\/www.rtvnoticias.com.ar\/?p=21536&amp;share=telegram\" target=\"_blank\" title=\"Haz clic para compartir en Telegram\"><span><\/span><span class=\"sharing-screen-reader-text\">Haz clic para compartir en Telegram (Se abre en una ventana nueva)<\/span><\/a><\/li><li class=\"share-end\"><\/li><\/ul><\/div><\/div><\/div>","protected":false},"author":5,"featured_media":21538,"comment_status":"closed","ping_status":"closed","sticky":false,"template":"","format":"standard","meta":{"spay_email":"","jetpack_publicize_message":"","jetpack_is_tweetstorm":false,"jetpack_publicize_feature_enabled":true},"categories":[5],"tags":[3341],"jetpack_featured_media_url":"http:\/\/www.rtvnoticias.com.ar\/wp-content\/uploads\/2020\/06\/gobierno-2.jpg","jetpack_publicize_connections":[],"jetpack_sharing_enabled":true,"_links":{"self":[{"href":"http:\/\/www.rtvnoticias.com.ar\/index.php?rest_route=\/wp\/v2\/posts\/21536"}],"collection":[{"href":"http:\/\/www.rtvnoticias.com.ar\/index.php?rest_route=\/wp\/v2\/posts"}],"about":[{"href":"http:\/\/www.rtvnoticias.com.ar\/index.php?rest_route=\/wp\/v2\/types\/post"}],"author":[{"embeddable":true,"href":"http:\/\/www.rtvnoticias.com.ar\/index.php?rest_route=\/wp\/v2\/users\/5"}],"replies":[{"embeddable":true,"href":"http:\/\/www.rtvnoticias.com.ar\/index.php?rest_route=%2Fwp%2Fv2%2Fcomments&post=21536"}],"version-history":[{"count":1,"href":"http:\/\/www.rtvnoticias.com.ar\/index.php?rest_route=\/wp\/v2\/posts\/21536\/revisions"}],"predecessor-version":[{"id":21539,"href":"http:\/\/www.rtvnoticias.com.ar\/index.php?rest_route=\/wp\/v2\/posts\/21536\/revisions\/21539"}],"wp:featuredmedia":[{"embeddable":true,"href":"http:\/\/www.rtvnoticias.com.ar\/index.php?rest_route=\/wp\/v2\/media\/21538"}],"wp:attachment":[{"href":"http:\/\/www.rtvnoticias.com.ar\/index.php?rest_route=%2Fwp%2Fv2%2Fmedia&parent=21536"}],"wp:term":[{"taxonomy":"category","embeddable":true,"href":"http:\/\/www.rtvnoticias.com.ar\/index.php?rest_route=%2Fwp%2Fv2%2Fcategories&post=21536"},{"taxonomy":"post_tag","embeddable":true,"href":"http:\/\/www.rtvnoticias.com.ar\/index.php?rest_route=%2Fwp%2Fv2%2Ftags&post=21536"}],"curies":[{"name":"wp","href":"https:\/\/api.w.org\/{rel}","templated":true}]}}