{"id":21546,"date":"2020-06-18T10:24:28","date_gmt":"2020-06-18T13:24:28","guid":{"rendered":"http:\/\/www.rtvnoticias.com.ar\/?p=21546"},"modified":"2020-06-18T10:24:33","modified_gmt":"2020-06-18T13:24:33","slug":"hoy-se-estrena-el-documental-los-versos-salvados","status":"publish","type":"post","link":"http:\/\/www.rtvnoticias.com.ar\/?p=21546","title":{"rendered":"Hoy se estrena el documental \u201cLos versos salvados\u201d"},"content":{"rendered":"\n<p style=\"text-align:center\"><strong>Una madre y su hija son las protagonistas de una dura historia familiar. La madre es Celina, y la hija es Fernanda Galeano, piquense, y la difusi\u00f3n de esta historia nos hace conocer otros detalles de una \u00e9poca oscura de la Argentina.  <\/strong><\/p>\n\n\n\n<p>Este jueves a las 20 se estrena \u00abLos Versos Salvados\u00bb por la pantalla de CINE.AR TV. Escrita y dirigida por el uruguayo Gabriel Szollosy, la historia de este documental transcurre entre Piedra de Afilar, una localidad de uruguaya, Buenos Aires y General Pico, La Pampa. <\/p>\n\n\n\n<p>Fernanda, en una entrevista con Radio 37 cuenta su historia, y adelanta algunos detalles de la filmaci\u00f3n.<\/p>\n\n\n\n<figure class=\"wp-block-embed is-type-rich is-provider-anchor-fm-inc\"><div class=\"wp-block-embed__wrapper\">\n<iframe class=\"wp-embedded-content\" sandbox=\"allow-scripts\" security=\"restricted\" title=\"Fernanda Galeano - &quot;Los versos salvados&quot; by Entrevistas\" src=\"https:\/\/anchor.fm\/radio-37\/embed\/episodes\/Fernanda-Galeano---Los-versos-salvados-efjfkd#?secret=KwBwpaoqkz\" data-secret=\"KwBwpaoqkz\" height=\"102px\" width=\"400px\" frameborder=\"0\" scrolling=\"no\"><\/iframe>\n<\/div><\/figure>\n\n\n\n<p>En su sinopsis dice: Cada a\u00f1o Celina cruza La Pampa en su carro para visitar a su hija Fernanda. Entre cientos de desapariciones, fueron ellas dos las \u00fanicas que lograron salir vivas de la sala de partos de la dictadura. Para esta madre e hija la \u00fanica verdad y justicia posible es seguir adelante con sus vidas. <\/p>\n\n\n\n<p>La historia se presenta en el contexto de la dictadura militar. El 10 de agosto del 1978, secuestraron a Osvaldo y a Celina, embarazada. A ella la liberan unos meses despu\u00e9s, junto a su hija, Fernanda, nacida en cautiverio. <\/p>\n\n\n\n<p>Celina y Fernanda son las \u00fanicas madre e hija que lograron salir vivas de la sala de parto del centro de detenci\u00f3n de Campo de Mayo.<\/p>\n\n\n\n<p>\u00abLos versos salvados\u00bb es una coproducci\u00f3n internacional de la productora cordobesa Cholula Films (se hizo cargo del rodaje en Argentina y la postproducci\u00f3n), Librecine (Uruguay) y Makingdocs (Colombia). <\/p>\n\n\n\n<p>Tras realizar su estreno mundial en el Festival Internacional de Zacatecas, M\u00e9xico, llev\u00e1ndose el premio como mejor documental Iberoamericano, y ante la situaci\u00f3n de la pandemia la pel\u00edcula se vi\u00f3 imposibilitada a seguir el circuito ordinario de festivales.<\/p>\n\n\n\n<p>Desde el viernes 19, Los versos salvados permanecer\u00e1 como estreno gratis por una semana en la plataforma de streaming CINE.AR PLAY.<\/p>\n\n\n\n<figure class=\"wp-block-embed-youtube wp-block-embed is-type-video is-provider-youtube wp-embed-aspect-16-9 wp-has-aspect-ratio\"><div class=\"wp-block-embed__wrapper\">\n<iframe loading=\"lazy\" title=\"LOS VERSOS SALVADOS - Dir. GABRIEL SZOLLOSY\" width=\"640\" height=\"360\" src=\"https:\/\/www.youtube.com\/embed\/0r66Amhttk4?feature=oembed\" frameborder=\"0\" allow=\"accelerometer; autoplay; clipboard-write; encrypted-media; gyroscope; picture-in-picture; web-share\" referrerpolicy=\"strict-origin-when-cross-origin\" allowfullscreen><\/iframe>\n<\/div><\/figure>\n<div class=\"sharedaddy sd-sharing-enabled\"><div class=\"robots-nocontent sd-block sd-social sd-social-icon sd-sharing\"><h3 class=\"sd-title\">Comparte esto:<\/h3><div class=\"sd-content\"><ul><li class=\"share-twitter\"><a rel=\"nofollow noopener noreferrer\" data-shared=\"sharing-twitter-21546\" class=\"share-twitter sd-button share-icon no-text\" href=\"http:\/\/www.rtvnoticias.com.ar\/?p=21546&amp;share=twitter\" target=\"_blank\" title=\"Haz clic para compartir en Twitter\"><span><\/span><span class=\"sharing-screen-reader-text\">Haz clic para compartir en Twitter (Se abre en una ventana nueva)<\/span><\/a><\/li><li class=\"share-facebook\"><a rel=\"nofollow noopener noreferrer\" data-shared=\"sharing-facebook-21546\" class=\"share-facebook sd-button share-icon no-text\" href=\"http:\/\/www.rtvnoticias.com.ar\/?p=21546&amp;share=facebook\" target=\"_blank\" title=\"Haz clic para compartir en Facebook\"><span><\/span><span class=\"sharing-screen-reader-text\">Haz clic para compartir en Facebook (Se abre en una ventana nueva)<\/span><\/a><\/li><li class=\"share-jetpack-whatsapp\"><a rel=\"nofollow noopener noreferrer\" data-shared=\"\" class=\"share-jetpack-whatsapp sd-button share-icon no-text\" href=\"http:\/\/www.rtvnoticias.com.ar\/?p=21546&amp;share=jetpack-whatsapp\" target=\"_blank\" title=\"Haz clic para compartir en WhatsApp\"><span><\/span><span class=\"sharing-screen-reader-text\">Haz clic para compartir en WhatsApp (Se abre en una ventana nueva)<\/span><\/a><\/li><li class=\"share-telegram\"><a rel=\"nofollow noopener noreferrer\" data-shared=\"\" class=\"share-telegram sd-button share-icon no-text\" href=\"http:\/\/www.rtvnoticias.com.ar\/?p=21546&amp;share=telegram\" target=\"_blank\" title=\"Haz clic para compartir en Telegram\"><span><\/span><span class=\"sharing-screen-reader-text\">Haz clic para compartir en Telegram (Se abre en una ventana nueva)<\/span><\/a><\/li><li class=\"share-end\"><\/li><\/ul><\/div><\/div><\/div>","protected":false},"excerpt":{"rendered":"<p>Una madre y su hija son las protagonistas de una dura historia familiar. La madre es Celina, y la hija es Fernanda Galeano, piquense, y<\/p>\n<div class=\"sharedaddy sd-sharing-enabled\"><div class=\"robots-nocontent sd-block sd-social sd-social-icon sd-sharing\"><h3 class=\"sd-title\">Comparte esto:<\/h3><div class=\"sd-content\"><ul><li class=\"share-twitter\"><a rel=\"nofollow noopener noreferrer\" data-shared=\"sharing-twitter-21546\" class=\"share-twitter sd-button share-icon no-text\" href=\"http:\/\/www.rtvnoticias.com.ar\/?p=21546&amp;share=twitter\" target=\"_blank\" title=\"Haz clic para compartir en Twitter\"><span><\/span><span class=\"sharing-screen-reader-text\">Haz clic para compartir en Twitter (Se abre en una ventana nueva)<\/span><\/a><\/li><li class=\"share-facebook\"><a rel=\"nofollow noopener noreferrer\" data-shared=\"sharing-facebook-21546\" class=\"share-facebook sd-button share-icon no-text\" href=\"http:\/\/www.rtvnoticias.com.ar\/?p=21546&amp;share=facebook\" target=\"_blank\" title=\"Haz clic para compartir en Facebook\"><span><\/span><span class=\"sharing-screen-reader-text\">Haz clic para compartir en Facebook (Se abre en una ventana nueva)<\/span><\/a><\/li><li class=\"share-jetpack-whatsapp\"><a rel=\"nofollow noopener noreferrer\" data-shared=\"\" class=\"share-jetpack-whatsapp sd-button share-icon no-text\" href=\"http:\/\/www.rtvnoticias.com.ar\/?p=21546&amp;share=jetpack-whatsapp\" target=\"_blank\" title=\"Haz clic para compartir en WhatsApp\"><span><\/span><span class=\"sharing-screen-reader-text\">Haz clic para compartir en WhatsApp (Se abre en una ventana nueva)<\/span><\/a><\/li><li class=\"share-telegram\"><a rel=\"nofollow noopener noreferrer\" data-shared=\"\" class=\"share-telegram sd-button share-icon no-text\" href=\"http:\/\/www.rtvnoticias.com.ar\/?p=21546&amp;share=telegram\" target=\"_blank\" title=\"Haz clic para compartir en Telegram\"><span><\/span><span class=\"sharing-screen-reader-text\">Haz clic para compartir en Telegram (Se abre en una ventana nueva)<\/span><\/a><\/li><li class=\"share-end\"><\/li><\/ul><\/div><\/div><\/div>","protected":false},"author":7,"featured_media":21547,"comment_status":"closed","ping_status":"closed","sticky":false,"template":"","format":"standard","meta":{"spay_email":"","jetpack_publicize_message":"","jetpack_is_tweetstorm":false,"jetpack_publicize_feature_enabled":true},"categories":[1],"tags":[],"jetpack_featured_media_url":"http:\/\/www.rtvnoticias.com.ar\/wp-content\/uploads\/2020\/06\/galeano.png","jetpack_publicize_connections":[],"jetpack_sharing_enabled":true,"_links":{"self":[{"href":"http:\/\/www.rtvnoticias.com.ar\/index.php?rest_route=\/wp\/v2\/posts\/21546"}],"collection":[{"href":"http:\/\/www.rtvnoticias.com.ar\/index.php?rest_route=\/wp\/v2\/posts"}],"about":[{"href":"http:\/\/www.rtvnoticias.com.ar\/index.php?rest_route=\/wp\/v2\/types\/post"}],"author":[{"embeddable":true,"href":"http:\/\/www.rtvnoticias.com.ar\/index.php?rest_route=\/wp\/v2\/users\/7"}],"replies":[{"embeddable":true,"href":"http:\/\/www.rtvnoticias.com.ar\/index.php?rest_route=%2Fwp%2Fv2%2Fcomments&post=21546"}],"version-history":[{"count":2,"href":"http:\/\/www.rtvnoticias.com.ar\/index.php?rest_route=\/wp\/v2\/posts\/21546\/revisions"}],"predecessor-version":[{"id":21549,"href":"http:\/\/www.rtvnoticias.com.ar\/index.php?rest_route=\/wp\/v2\/posts\/21546\/revisions\/21549"}],"wp:featuredmedia":[{"embeddable":true,"href":"http:\/\/www.rtvnoticias.com.ar\/index.php?rest_route=\/wp\/v2\/media\/21547"}],"wp:attachment":[{"href":"http:\/\/www.rtvnoticias.com.ar\/index.php?rest_route=%2Fwp%2Fv2%2Fmedia&parent=21546"}],"wp:term":[{"taxonomy":"category","embeddable":true,"href":"http:\/\/www.rtvnoticias.com.ar\/index.php?rest_route=%2Fwp%2Fv2%2Fcategories&post=21546"},{"taxonomy":"post_tag","embeddable":true,"href":"http:\/\/www.rtvnoticias.com.ar\/index.php?rest_route=%2Fwp%2Fv2%2Ftags&post=21546"}],"curies":[{"name":"wp","href":"https:\/\/api.w.org\/{rel}","templated":true}]}}