{"id":21551,"date":"2020-06-18T20:15:26","date_gmt":"2020-06-18T23:15:26","guid":{"rendered":"http:\/\/www.rtvnoticias.com.ar\/?p=21551"},"modified":"2020-06-18T20:33:54","modified_gmt":"2020-06-18T23:33:54","slug":"comunidad-organizada-pide-que-la-banca-de-brindesi-la-asuma-una-nueva-diputada","status":"publish","type":"post","link":"http:\/\/www.rtvnoticias.com.ar\/?p=21551","title":{"rendered":"Comunidad Organizada pide que la banca de Brindesi la asuma una nueva diputada"},"content":{"rendered":"\n<p>A ra\u00edz del alejamiento de Juan Pedro Brindesi del bloque de Comunidad Organizada, el vicepresindete del partido Jos\u00e9 Mu\u00f1oz, present\u00f3 este jueves una nota en la C\u00e1mara de Diputados para que  sea tomada la renuncia y por consiguiente asuma una nueva diputada.<\/p>\n\n\n\n<p>Los argumentos que esgrimen desde el tiernismo es que Brindesi firm\u00f3 un \u00abcompromiso pol\u00edtico y legal\u00bb antes de asumir como diputado.<\/p>\n\n\n\n<p>\u201cLuego de la decisi\u00f3n tomada por Juan Pedro Brindesi de abandonar el bloque del partido Comunidad Organizada, presentamos en la C\u00e1mara de Diputados una nota solicitando que asuma en representaci\u00f3n del voto popular y de los votantes de Comunidad Organizada, la persona que sigue en el orden de prelaci\u00f3n de la lista votada el d\u00eda 19 de mayo de 2019 en las \u00faltimas elecciones provinciales\u201d, expres\u00f3 Tierno en sus redes sociales para dar cuenta de las acciones que est\u00e1n llevando a cabo desde su partido.<\/p>\n\n\n\n<p>Seg\u00fan las palabras de Juan Carlos Tierno: \u201cY eso as\u00ed porque el mismo Juan Brindesi gener\u00f3 su renuncia al violar la voluntad popular que \u00e9l mismo documento firmado por \u00e9l en t\u00e9rmino pol\u00edtico y legal. Forman parte de esta manipulaci\u00f3n Mario Sappa (Arata) y  Lisandro Baravalle Lago (Santa Rosa). Ni siquiera expresiones respecto a la cuesti\u00f3n lo cual denota fines y operaciones inconfesables tanto expresadas a Comunidad Organizada como al pueblo y en definitiva una violaci\u00f3n a la voluntad popular\u201d.<\/p>\n\n\n\n<p>La nota presentada por Mu\u00f1oz reza lo siguiente: \u201cVengo a defender el voto popular y particularmente el de Comunidad Organizada, como partido pol\u00edtico, que, en el ejercicio de sus obligaciones y competencia constitucionales, tal como lo determina el art\u00edculo 38 de la Constituci\u00f3n Nacional, fue el que se present\u00f3 a la ciudadan\u00eda y postul\u00f3 quienes iban a llevar adelante sus propuestas\u201d.<\/p>\n\n\n\n<p>\u201cEn el d\u00eda de ayer se toma conocimiento de una nota presentada por el Diputado por Comunidad Organizada, Juan Pedro Brindesi, presentada en esta legislatura donde manifiesta el hecho determinante por el cual, \u00e9l mismo, motoriz\u00f3 su renuncia. Por lo tanto, efectivizada la renuncia con la misma nota de BRINDESI, en los t\u00e9rminos de su compromiso y obligaciones pol\u00edticas y legales, solicitamos que asuma en representaci\u00f3n del voto popular y de los votantes de Comunidad Organizada, la persona que sigue en el orden de prelaci\u00f3n de la lista votada el d\u00eda 19 de mayo de 2019 en las \u00faltimas elecciones provinciales. Se trata en definitiva de defender la voluntad popular que es el \u00fanico soberano en un sistema democr\u00e1tico y republicano\u201d, concluye la nota.<\/p>\n\n\n\n<p> La lista estaba conformada de la siguiente manera: Juan Brindesi, Sandra Fonseca, -el fallecido- \u00c9xito Manuel Gianforte, Laura Escudero y Mario Sappa en los primeros lugares. <\/p>\n\n\n\n<p><\/p>\n<div class=\"sharedaddy sd-sharing-enabled\"><div class=\"robots-nocontent sd-block sd-social sd-social-icon sd-sharing\"><h3 class=\"sd-title\">Comparte esto:<\/h3><div class=\"sd-content\"><ul><li class=\"share-twitter\"><a rel=\"nofollow noopener noreferrer\" data-shared=\"sharing-twitter-21551\" class=\"share-twitter sd-button share-icon no-text\" href=\"http:\/\/www.rtvnoticias.com.ar\/?p=21551&amp;share=twitter\" target=\"_blank\" title=\"Haz clic para compartir en Twitter\"><span><\/span><span class=\"sharing-screen-reader-text\">Haz clic para compartir en Twitter (Se abre en una ventana nueva)<\/span><\/a><\/li><li class=\"share-facebook\"><a rel=\"nofollow noopener noreferrer\" data-shared=\"sharing-facebook-21551\" class=\"share-facebook sd-button share-icon no-text\" href=\"http:\/\/www.rtvnoticias.com.ar\/?p=21551&amp;share=facebook\" target=\"_blank\" title=\"Haz clic para compartir en Facebook\"><span><\/span><span class=\"sharing-screen-reader-text\">Haz clic para compartir en Facebook (Se abre en una ventana nueva)<\/span><\/a><\/li><li class=\"share-jetpack-whatsapp\"><a rel=\"nofollow noopener noreferrer\" data-shared=\"\" class=\"share-jetpack-whatsapp sd-button share-icon no-text\" href=\"http:\/\/www.rtvnoticias.com.ar\/?p=21551&amp;share=jetpack-whatsapp\" target=\"_blank\" title=\"Haz clic para compartir en WhatsApp\"><span><\/span><span class=\"sharing-screen-reader-text\">Haz clic para compartir en WhatsApp (Se abre en una ventana nueva)<\/span><\/a><\/li><li class=\"share-telegram\"><a rel=\"nofollow noopener noreferrer\" data-shared=\"\" class=\"share-telegram sd-button share-icon no-text\" href=\"http:\/\/www.rtvnoticias.com.ar\/?p=21551&amp;share=telegram\" target=\"_blank\" title=\"Haz clic para compartir en Telegram\"><span><\/span><span class=\"sharing-screen-reader-text\">Haz clic para compartir en Telegram (Se abre en una ventana nueva)<\/span><\/a><\/li><li class=\"share-end\"><\/li><\/ul><\/div><\/div><\/div>","protected":false},"excerpt":{"rendered":"<p>A ra\u00edz del alejamiento de Juan Pedro Brindesi del bloque de Comunidad Organizada, el vicepresindete del partido Jos\u00e9 Mu\u00f1oz, present\u00f3 este jueves una nota en<\/p>\n<div class=\"sharedaddy sd-sharing-enabled\"><div class=\"robots-nocontent sd-block sd-social sd-social-icon sd-sharing\"><h3 class=\"sd-title\">Comparte esto:<\/h3><div class=\"sd-content\"><ul><li class=\"share-twitter\"><a rel=\"nofollow noopener noreferrer\" data-shared=\"sharing-twitter-21551\" class=\"share-twitter sd-button share-icon no-text\" href=\"http:\/\/www.rtvnoticias.com.ar\/?p=21551&amp;share=twitter\" target=\"_blank\" title=\"Haz clic para compartir en Twitter\"><span><\/span><span class=\"sharing-screen-reader-text\">Haz clic para compartir en Twitter (Se abre en una ventana nueva)<\/span><\/a><\/li><li class=\"share-facebook\"><a rel=\"nofollow noopener noreferrer\" data-shared=\"sharing-facebook-21551\" class=\"share-facebook sd-button share-icon no-text\" href=\"http:\/\/www.rtvnoticias.com.ar\/?p=21551&amp;share=facebook\" target=\"_blank\" title=\"Haz clic para compartir en Facebook\"><span><\/span><span class=\"sharing-screen-reader-text\">Haz clic para compartir en Facebook (Se abre en una ventana nueva)<\/span><\/a><\/li><li class=\"share-jetpack-whatsapp\"><a rel=\"nofollow noopener noreferrer\" data-shared=\"\" class=\"share-jetpack-whatsapp sd-button share-icon no-text\" href=\"http:\/\/www.rtvnoticias.com.ar\/?p=21551&amp;share=jetpack-whatsapp\" target=\"_blank\" title=\"Haz clic para compartir en WhatsApp\"><span><\/span><span class=\"sharing-screen-reader-text\">Haz clic para compartir en WhatsApp (Se abre en una ventana nueva)<\/span><\/a><\/li><li class=\"share-telegram\"><a rel=\"nofollow noopener noreferrer\" data-shared=\"\" class=\"share-telegram sd-button share-icon no-text\" href=\"http:\/\/www.rtvnoticias.com.ar\/?p=21551&amp;share=telegram\" target=\"_blank\" title=\"Haz clic para compartir en Telegram\"><span><\/span><span class=\"sharing-screen-reader-text\">Haz clic para compartir en Telegram (Se abre en una ventana nueva)<\/span><\/a><\/li><li class=\"share-end\"><\/li><\/ul><\/div><\/div><\/div>","protected":false},"author":7,"featured_media":21558,"comment_status":"closed","ping_status":"closed","sticky":false,"template":"","format":"standard","meta":{"spay_email":"","jetpack_publicize_message":"","jetpack_is_tweetstorm":false,"jetpack_publicize_feature_enabled":true},"categories":[4],"tags":[],"jetpack_featured_media_url":"http:\/\/www.rtvnoticias.com.ar\/wp-content\/uploads\/2020\/06\/tierno-fonseca.jpg","jetpack_publicize_connections":[],"jetpack_sharing_enabled":true,"_links":{"self":[{"href":"http:\/\/www.rtvnoticias.com.ar\/index.php?rest_route=\/wp\/v2\/posts\/21551"}],"collection":[{"href":"http:\/\/www.rtvnoticias.com.ar\/index.php?rest_route=\/wp\/v2\/posts"}],"about":[{"href":"http:\/\/www.rtvnoticias.com.ar\/index.php?rest_route=\/wp\/v2\/types\/post"}],"author":[{"embeddable":true,"href":"http:\/\/www.rtvnoticias.com.ar\/index.php?rest_route=\/wp\/v2\/users\/7"}],"replies":[{"embeddable":true,"href":"http:\/\/www.rtvnoticias.com.ar\/index.php?rest_route=%2Fwp%2Fv2%2Fcomments&post=21551"}],"version-history":[{"count":3,"href":"http:\/\/www.rtvnoticias.com.ar\/index.php?rest_route=\/wp\/v2\/posts\/21551\/revisions"}],"predecessor-version":[{"id":21562,"href":"http:\/\/www.rtvnoticias.com.ar\/index.php?rest_route=\/wp\/v2\/posts\/21551\/revisions\/21562"}],"wp:featuredmedia":[{"embeddable":true,"href":"http:\/\/www.rtvnoticias.com.ar\/index.php?rest_route=\/wp\/v2\/media\/21558"}],"wp:attachment":[{"href":"http:\/\/www.rtvnoticias.com.ar\/index.php?rest_route=%2Fwp%2Fv2%2Fmedia&parent=21551"}],"wp:term":[{"taxonomy":"category","embeddable":true,"href":"http:\/\/www.rtvnoticias.com.ar\/index.php?rest_route=%2Fwp%2Fv2%2Fcategories&post=21551"},{"taxonomy":"post_tag","embeddable":true,"href":"http:\/\/www.rtvnoticias.com.ar\/index.php?rest_route=%2Fwp%2Fv2%2Ftags&post=21551"}],"curies":[{"name":"wp","href":"https:\/\/api.w.org\/{rel}","templated":true}]}}