{"id":21561,"date":"2020-06-19T00:52:27","date_gmt":"2020-06-19T03:52:27","guid":{"rendered":"http:\/\/www.rtvnoticias.com.ar\/?p=21561"},"modified":"2020-06-18T20:40:00","modified_gmt":"2020-06-18T23:40:00","slug":"alonso-visito-la-estacion-transferencia-de-residuos","status":"publish","type":"post","link":"http:\/\/www.rtvnoticias.com.ar\/?p=21561","title":{"rendered":"Alonso visit\u00f3 la Estaci\u00f3n Transferencia de Residuos"},"content":{"rendered":"\n<p class=\"has-background has-vivid-cyan-blue-background-color\"><strong>Fernanda Alonso visit\u00f3 la Estaci\u00f3n de Transferencia de Residuos S\u00f3lidos Urbanos, para observar su\u00a0 funcionamiento\u00a0 tras su reapertura, a partir de la flexibilizaci\u00f3n del aislamiento preventivo y obligatorio en La Pampa. Acompa\u00f1\u00f3 a la intendenta, en su recorrida, el secretario de Ambiente y Servicios P\u00fablicos, Alberto Campo y la directora General de Ambiente y Desarrollo Sustentable, Melina Medus.\u00a0\u00a0 <\/strong><\/p>\n\n\n\n<p>La intendenta de la ciudad recorri\u00f3 la estaci\u00f3n de transferencia de residuos s\u00f3lidos urbanos recientemente reabierta. Al respecto, la directora general de Ambiente Y Desarrollo Sustentable, que acompa\u00f1\u00f3 a la jefa comunal en su recorrida, reconoci\u00f3 que desde el \u00e1rea que responde\u00a0 a la Secretar\u00eda de Ambiente y Servicios P\u00fablicos, que tiene a su cargo Ram\u00f3n Alberto Campo, est\u00e1n muy contentos con la respuesta que ha tenido entre los vecinos, la reapertura de la Estaci\u00f3n de Transferencia.<\/p>\n\n\n\n<p><strong>Un pedido de la Gente<\/strong><\/p>\n\n\n\n<p>\u201cSab\u00edamos que era un pedido que la gente nos estaba haciendo y&nbsp; que es fundamental para nuestro sistema integral de gesti\u00f3n de residuos s\u00f3lidos urbanos. Es una pieza clave para nosotros, sobre todo por la cantidad de residuos que se generan en la ciudad\u201d, coment\u00f3 Melina Medus.<\/p>\n\n\n\n<p>As\u00ed mismo, la directora de Ambiente y Desarrollo Sustentable enfatiz\u00f3&nbsp; el cambio de conciencia de la ciudadan\u00eda: \u201cHay un cambio de conciencia entre los vecinos, que se acercan voluntariamente a disponer de sus residuos en este lugar&nbsp; y no lo hacen, por ejemplo, en un camino vecinal, como ocurr\u00eda en los \u00faltimos tiempos\u201d, se\u00f1al\u00f3 Medus.<\/p>\n\n\n\n<p>Por este motivo, la funcionaria municipal consider\u00f3 que&nbsp; para la Comuna esta estaci\u00f3n&nbsp; \u201cEs un eslab\u00f3n que nos ayuda a reducir los&nbsp; micro basurales clandestinos, a cielo abierto,&nbsp; que se transforman en focos de contaminaci\u00f3n\u201d.&nbsp;&nbsp;<\/p>\n\n\n\n<p><strong>Nueva Carteler\u00eda Indicativa<\/strong><\/p>\n\n\n\n<p>Con respecto a las novedades en el&nbsp; funcionamiento, Melina Medus explic\u00f3 que se ha incorporado todo un sector de separaci\u00f3n de residuos, que dispone de carteler\u00eda bien clara, que ofrece la posibilidad al vecino de llegue a la estaci\u00f3n, con sus residuos ya separados desde el hogar: \u201cUna pr\u00e1ctica que realmente nosotros tratamos de inculcar permanentemente, desde la Secretar\u00eda de Ambiente y Servicios P\u00fablicos\u201d, remarc\u00f3.<\/p>\n\n\n\n<p>Al respecto Medus indic\u00f3 que : \u201cTodo residuo que se separa, deja de ser basura y pasa a ser un nuevo recurso para el proceso productivo, lo cual es algo que nosotros seguimos tratando de trasladar en cada uno de los mensajes que damos\u201d.<\/p>\n\n\n\n<p><strong>Cooperativa Don Alberto<\/strong><\/p>\n\n\n\n<p>Finalmente, Melina Medus destac\u00f3 el trabajo que llevan adelante los operarios que est\u00e1n afectados al trabajo de reciclado en la Cooperativa don Alberto: \u201cLos recicladores de la cooperativa ofrecen la asistencia permanente,&nbsp; son quienes reciben a la gente y la gu\u00edan hasta donde se pueden ir disponiendo de los distintos materiales que se desechan y la gente ve y conoce el trabajo que llevan adelante y lo que recuperan\u201d.<\/p>\n<div class=\"sharedaddy sd-sharing-enabled\"><div class=\"robots-nocontent sd-block sd-social sd-social-icon sd-sharing\"><h3 class=\"sd-title\">Comparte esto:<\/h3><div class=\"sd-content\"><ul><li class=\"share-twitter\"><a rel=\"nofollow noopener noreferrer\" data-shared=\"sharing-twitter-21561\" class=\"share-twitter sd-button share-icon no-text\" href=\"http:\/\/www.rtvnoticias.com.ar\/?p=21561&amp;share=twitter\" target=\"_blank\" title=\"Haz clic para compartir en Twitter\"><span><\/span><span class=\"sharing-screen-reader-text\">Haz clic para compartir en Twitter (Se abre en una ventana nueva)<\/span><\/a><\/li><li class=\"share-facebook\"><a rel=\"nofollow noopener noreferrer\" data-shared=\"sharing-facebook-21561\" class=\"share-facebook sd-button share-icon no-text\" href=\"http:\/\/www.rtvnoticias.com.ar\/?p=21561&amp;share=facebook\" target=\"_blank\" title=\"Haz clic para compartir en Facebook\"><span><\/span><span class=\"sharing-screen-reader-text\">Haz clic para compartir en Facebook (Se abre en una ventana nueva)<\/span><\/a><\/li><li class=\"share-jetpack-whatsapp\"><a rel=\"nofollow noopener noreferrer\" data-shared=\"\" class=\"share-jetpack-whatsapp sd-button share-icon no-text\" href=\"http:\/\/www.rtvnoticias.com.ar\/?p=21561&amp;share=jetpack-whatsapp\" target=\"_blank\" title=\"Haz clic para compartir en WhatsApp\"><span><\/span><span class=\"sharing-screen-reader-text\">Haz clic para compartir en WhatsApp (Se abre en una ventana nueva)<\/span><\/a><\/li><li class=\"share-telegram\"><a rel=\"nofollow noopener noreferrer\" data-shared=\"\" class=\"share-telegram sd-button share-icon no-text\" href=\"http:\/\/www.rtvnoticias.com.ar\/?p=21561&amp;share=telegram\" target=\"_blank\" title=\"Haz clic para compartir en Telegram\"><span><\/span><span class=\"sharing-screen-reader-text\">Haz clic para compartir en Telegram (Se abre en una ventana nueva)<\/span><\/a><\/li><li class=\"share-end\"><\/li><\/ul><\/div><\/div><\/div>","protected":false},"excerpt":{"rendered":"<p>Fernanda Alonso visit\u00f3 la Estaci\u00f3n de Transferencia de Residuos S\u00f3lidos Urbanos, para observar su\u00a0 funcionamiento\u00a0 tras su reapertura, a partir de la flexibilizaci\u00f3n del aislamiento<\/p>\n<div class=\"sharedaddy sd-sharing-enabled\"><div class=\"robots-nocontent sd-block sd-social sd-social-icon sd-sharing\"><h3 class=\"sd-title\">Comparte esto:<\/h3><div class=\"sd-content\"><ul><li class=\"share-twitter\"><a rel=\"nofollow noopener noreferrer\" data-shared=\"sharing-twitter-21561\" class=\"share-twitter sd-button share-icon no-text\" href=\"http:\/\/www.rtvnoticias.com.ar\/?p=21561&amp;share=twitter\" target=\"_blank\" title=\"Haz clic para compartir en Twitter\"><span><\/span><span class=\"sharing-screen-reader-text\">Haz clic para compartir en Twitter (Se abre en una ventana nueva)<\/span><\/a><\/li><li class=\"share-facebook\"><a rel=\"nofollow noopener noreferrer\" data-shared=\"sharing-facebook-21561\" class=\"share-facebook sd-button share-icon no-text\" href=\"http:\/\/www.rtvnoticias.com.ar\/?p=21561&amp;share=facebook\" target=\"_blank\" title=\"Haz clic para compartir en Facebook\"><span><\/span><span class=\"sharing-screen-reader-text\">Haz clic para compartir en Facebook (Se abre en una ventana nueva)<\/span><\/a><\/li><li class=\"share-jetpack-whatsapp\"><a rel=\"nofollow noopener noreferrer\" data-shared=\"\" class=\"share-jetpack-whatsapp sd-button share-icon no-text\" href=\"http:\/\/www.rtvnoticias.com.ar\/?p=21561&amp;share=jetpack-whatsapp\" target=\"_blank\" title=\"Haz clic para compartir en WhatsApp\"><span><\/span><span class=\"sharing-screen-reader-text\">Haz clic para compartir en WhatsApp (Se abre en una ventana nueva)<\/span><\/a><\/li><li class=\"share-telegram\"><a rel=\"nofollow noopener noreferrer\" data-shared=\"\" class=\"share-telegram sd-button share-icon no-text\" href=\"http:\/\/www.rtvnoticias.com.ar\/?p=21561&amp;share=telegram\" target=\"_blank\" title=\"Haz clic para compartir en Telegram\"><span><\/span><span class=\"sharing-screen-reader-text\">Haz clic para compartir en Telegram (Se abre en una ventana nueva)<\/span><\/a><\/li><li class=\"share-end\"><\/li><\/ul><\/div><\/div><\/div>","protected":false},"author":5,"featured_media":21563,"comment_status":"closed","ping_status":"closed","sticky":false,"template":"","format":"standard","meta":{"spay_email":"","jetpack_publicize_message":"","jetpack_is_tweetstorm":false,"jetpack_publicize_feature_enabled":true},"categories":[1],"tags":[3343],"jetpack_featured_media_url":"http:\/\/www.rtvnoticias.com.ar\/wp-content\/uploads\/2020\/06\/alonso-residuos.jpg","jetpack_publicize_connections":[],"jetpack_sharing_enabled":true,"_links":{"self":[{"href":"http:\/\/www.rtvnoticias.com.ar\/index.php?rest_route=\/wp\/v2\/posts\/21561"}],"collection":[{"href":"http:\/\/www.rtvnoticias.com.ar\/index.php?rest_route=\/wp\/v2\/posts"}],"about":[{"href":"http:\/\/www.rtvnoticias.com.ar\/index.php?rest_route=\/wp\/v2\/types\/post"}],"author":[{"embeddable":true,"href":"http:\/\/www.rtvnoticias.com.ar\/index.php?rest_route=\/wp\/v2\/users\/5"}],"replies":[{"embeddable":true,"href":"http:\/\/www.rtvnoticias.com.ar\/index.php?rest_route=%2Fwp%2Fv2%2Fcomments&post=21561"}],"version-history":[{"count":1,"href":"http:\/\/www.rtvnoticias.com.ar\/index.php?rest_route=\/wp\/v2\/posts\/21561\/revisions"}],"predecessor-version":[{"id":21564,"href":"http:\/\/www.rtvnoticias.com.ar\/index.php?rest_route=\/wp\/v2\/posts\/21561\/revisions\/21564"}],"wp:featuredmedia":[{"embeddable":true,"href":"http:\/\/www.rtvnoticias.com.ar\/index.php?rest_route=\/wp\/v2\/media\/21563"}],"wp:attachment":[{"href":"http:\/\/www.rtvnoticias.com.ar\/index.php?rest_route=%2Fwp%2Fv2%2Fmedia&parent=21561"}],"wp:term":[{"taxonomy":"category","embeddable":true,"href":"http:\/\/www.rtvnoticias.com.ar\/index.php?rest_route=%2Fwp%2Fv2%2Fcategories&post=21561"},{"taxonomy":"post_tag","embeddable":true,"href":"http:\/\/www.rtvnoticias.com.ar\/index.php?rest_route=%2Fwp%2Fv2%2Ftags&post=21561"}],"curies":[{"name":"wp","href":"https:\/\/api.w.org\/{rel}","templated":true}]}}