{"id":21582,"date":"2020-06-20T13:09:41","date_gmt":"2020-06-20T16:09:41","guid":{"rendered":"http:\/\/www.rtvnoticias.com.ar\/?p=21582"},"modified":"2020-06-20T13:09:46","modified_gmt":"2020-06-20T16:09:46","slug":"dia-de-la-bandera-el-presidente-tomo-la-promesa-a-alumnos-de-todo-el-pais-y-pondero-la-figura-del-gral-belgrano","status":"publish","type":"post","link":"http:\/\/www.rtvnoticias.com.ar\/?p=21582","title":{"rendered":"D\u00eda de la Bandera: El Presidente tom\u00f3 la promesa a alumnos de todo el pa\u00eds y ponder\u00f3 la figura del Gral. Belgrano"},"content":{"rendered":"\n<p>El presidente Alberto Fern\u00e1ndez encabez\u00f3 esta ma\u00f1ana de forma virtual el acto por el D\u00eda de la Bandera, que se realiz\u00f3 en la ciudad de Rosario, en conmemoraci\u00f3n del bicentenario del fallecimiento del Gral. Manuel Belgrano. Estuvo acompa\u00f1ado por la primera dama, Fabiola Ya\u00f1ez. <\/p>\n\n\n\n<p>Durante la ceremonia, el Presidente salud\u00f3 por videoconferencia a alumnos de cuarto grado de todo el pa\u00eds, a quienes tom\u00f3 la promesa a la Bandera.<\/p>\n\n\n\n<p>Desde la residencia de Olivos, el Presidente envi\u00f3 un mensaje a los argentinos donde ponder\u00f3 la figura del creador de la Bandera: \u201cBelgrano me inspira a pensar que podemos hacer la utop\u00eda de hacer un pa\u00eds mejor. Es posible hacer otro pa\u00eds, un pa\u00eds m\u00e1s justo\u201d.<\/p>\n\n\n\n<figure class=\"wp-block-image\"><img data-attachment-id=\"21584\" data-permalink=\"http:\/\/www.rtvnoticias.com.ar\/?attachment_id=21584\" data-orig-file=\"http:\/\/www.rtvnoticias.com.ar\/wp-content\/uploads\/2020\/06\/4e89a7b3-c903-4631-bda8-80de361abbfa.jpg\" data-orig-size=\"640,427\" data-comments-opened=\"0\" data-image-meta=\"{&quot;aperture&quot;:&quot;0&quot;,&quot;credit&quot;:&quot;&quot;,&quot;camera&quot;:&quot;&quot;,&quot;caption&quot;:&quot;&quot;,&quot;created_timestamp&quot;:&quot;0&quot;,&quot;copyright&quot;:&quot;&quot;,&quot;focal_length&quot;:&quot;0&quot;,&quot;iso&quot;:&quot;0&quot;,&quot;shutter_speed&quot;:&quot;0&quot;,&quot;title&quot;:&quot;&quot;,&quot;orientation&quot;:&quot;0&quot;}\" data-image-title=\"4e89a7b3-c903-4631-bda8-80de361abbfa\" data-image-description=\"\" data-image-caption=\"\" data-medium-file=\"http:\/\/www.rtvnoticias.com.ar\/wp-content\/uploads\/2020\/06\/4e89a7b3-c903-4631-bda8-80de361abbfa-300x200.jpg\" data-large-file=\"http:\/\/www.rtvnoticias.com.ar\/wp-content\/uploads\/2020\/06\/4e89a7b3-c903-4631-bda8-80de361abbfa.jpg\" decoding=\"async\" loading=\"lazy\" width=\"640\" height=\"427\" src=\"http:\/\/www.rtvnoticias.com.ar\/wp-content\/uploads\/2020\/06\/4e89a7b3-c903-4631-bda8-80de361abbfa.jpg\" alt=\"\" class=\"wp-image-21584\" srcset=\"http:\/\/www.rtvnoticias.com.ar\/wp-content\/uploads\/2020\/06\/4e89a7b3-c903-4631-bda8-80de361abbfa.jpg 640w, http:\/\/www.rtvnoticias.com.ar\/wp-content\/uploads\/2020\/06\/4e89a7b3-c903-4631-bda8-80de361abbfa-300x200.jpg 300w\" sizes=\"(max-width: 640px) 100vw, 640px\" \/><\/figure>\n\n\n\n<p>\u201cLos que debemos hacerlo somos nosotros y los que deben cuidarlo son ustedes, los ni\u00f1os y ni\u00f1as de esta patria, los que est\u00e1n creciendo, los que merecen vivir con m\u00e1s igualdad\u201d, destac\u00f3 el jefe de Estado, que estuvo acompa\u00f1ado por el jefe de Gabinete, Santiago Cafiero; ministros y ministras del gabinete nacional; y los secretarios General de la Presidencia, Julio Vitobello; de Asuntos Estrat\u00e9gicos, Gustavo B\u00e9liz; y de Comunicaci\u00f3n y Prensa, Juan Pablo Biondi.<\/p>\n\n\n\n<p>\u201cHoy es un d\u00eda especial, un 20 de junio diferente. Este a\u00f1o la pandemia nos obliga a tomar distancia, porque esta ceremonia deb\u00eda hacerse en Rosario para recordar y honrar a nuestro s\u00edmbolo patrio. Estamos a la distancia, cada uno en un lugar distinto de la patria\u201d, destac\u00f3 el mandatario.<\/p>\n\n\n\n<p>Y subray\u00f3: \u201cPero es el mismo 20 de junio que todos llevamos en el alma y en que recordamos a alguien tan inmenso como fue Manuel Belgrano\u201d. <\/p>\n\n\n\n<p>El Presidente particip\u00f3 de manera virtual de la ceremonia tras recibir la recomendaci\u00f3n por parte de la Unidad M\u00e9dica Presidencial de restringir al m\u00e1ximo el contacto con otras personas, en el marco de la propagaci\u00f3n de la pandemia de coronavirus COVID-19 en el \u00c1rea Metropolitana de Buenos Aires (AMBA). <\/p>\n\n\n\n<p>Participaron tambi\u00e9n del acto los jefes del Estado Mayor de las Fuerzas Armadas.<\/p>\n\n\n\n<p>El mandatario nombr\u00f3 a cada uno de los 31 alumnos que participaron de la comunicaci\u00f3n al tiempo que cont\u00f3 que Celina, una alumna de cuarto grado de Neuqu\u00e9n, le propuso a trav\u00e9s de la red social Twitter \u201cque los chicos de toda la Argentina pudieran cumplir el deseo de prometerle lealtad a la Bandera\u201d.<\/p>\n\n\n\n<p>\u201cGracias a todos y gracias, Celina, por la idea que me dejaste aquel d\u00eda\u201d, expres\u00f3.<\/p>\n\n\n\n<p>A continuaci\u00f3n, se escuch\u00f3 \u201cSalve Argentina\u201d en la versi\u00f3n grabada por la Banda del Regimiento de Patricios.<\/p>\n\n\n\n<p>Luego, el mandatario tom\u00f3 el juramento a la Bandera, tambi\u00e9n mediante videoconferencia, a soldados y marineros de las Fuerzas Armadas que se encontraban en la sede del Ministerio de Defensa, en la Ciudad de Buenos Aires.<\/p>\n\n\n\n<p>A continuaci\u00f3n, el Presidente salud\u00f3 al gobernador santafesino, Omar Perotti, y al intendente de Rosario, Pablo Javkin, quienes encabezaron el acto central desde el Monumento a la Bandera.<\/p>\n\n\n\n<div class=\"wp-block-image\"><figure class=\"aligncenter\"><img data-attachment-id=\"21585\" data-permalink=\"http:\/\/www.rtvnoticias.com.ar\/?attachment_id=21585\" data-orig-file=\"http:\/\/www.rtvnoticias.com.ar\/wp-content\/uploads\/2020\/06\/17ac1e28-bbce-4694-95f1-e0afa983e765.jpg\" data-orig-size=\"683,1024\" data-comments-opened=\"0\" data-image-meta=\"{&quot;aperture&quot;:&quot;0&quot;,&quot;credit&quot;:&quot;&quot;,&quot;camera&quot;:&quot;&quot;,&quot;caption&quot;:&quot;&quot;,&quot;created_timestamp&quot;:&quot;0&quot;,&quot;copyright&quot;:&quot;&quot;,&quot;focal_length&quot;:&quot;0&quot;,&quot;iso&quot;:&quot;0&quot;,&quot;shutter_speed&quot;:&quot;0&quot;,&quot;title&quot;:&quot;&quot;,&quot;orientation&quot;:&quot;0&quot;}\" data-image-title=\"17ac1e28-bbce-4694-95f1-e0afa983e765\" data-image-description=\"\" data-image-caption=\"\" data-medium-file=\"http:\/\/www.rtvnoticias.com.ar\/wp-content\/uploads\/2020\/06\/17ac1e28-bbce-4694-95f1-e0afa983e765-200x300.jpg\" data-large-file=\"http:\/\/www.rtvnoticias.com.ar\/wp-content\/uploads\/2020\/06\/17ac1e28-bbce-4694-95f1-e0afa983e765-683x1024.jpg\" decoding=\"async\" loading=\"lazy\" width=\"683\" height=\"1024\" src=\"https:\/\/i1.wp.com\/www.rtvnoticias.com.ar\/wp-content\/uploads\/2020\/06\/17ac1e28-bbce-4694-95f1-e0afa983e765.jpg?fit=683%2C1024\" alt=\"\" class=\"wp-image-21585\" srcset=\"http:\/\/www.rtvnoticias.com.ar\/wp-content\/uploads\/2020\/06\/17ac1e28-bbce-4694-95f1-e0afa983e765.jpg 683w, http:\/\/www.rtvnoticias.com.ar\/wp-content\/uploads\/2020\/06\/17ac1e28-bbce-4694-95f1-e0afa983e765-200x300.jpg 200w\" sizes=\"(max-width: 683px) 100vw, 683px\" \/><\/figure><\/div>\n<div class=\"sharedaddy sd-sharing-enabled\"><div class=\"robots-nocontent sd-block sd-social sd-social-icon sd-sharing\"><h3 class=\"sd-title\">Comparte esto:<\/h3><div class=\"sd-content\"><ul><li class=\"share-twitter\"><a rel=\"nofollow noopener noreferrer\" data-shared=\"sharing-twitter-21582\" class=\"share-twitter sd-button share-icon no-text\" href=\"http:\/\/www.rtvnoticias.com.ar\/?p=21582&amp;share=twitter\" target=\"_blank\" title=\"Haz clic para compartir en Twitter\"><span><\/span><span class=\"sharing-screen-reader-text\">Haz clic para compartir en Twitter (Se abre en una ventana nueva)<\/span><\/a><\/li><li class=\"share-facebook\"><a rel=\"nofollow noopener noreferrer\" data-shared=\"sharing-facebook-21582\" class=\"share-facebook sd-button share-icon no-text\" href=\"http:\/\/www.rtvnoticias.com.ar\/?p=21582&amp;share=facebook\" target=\"_blank\" title=\"Haz clic para compartir en Facebook\"><span><\/span><span class=\"sharing-screen-reader-text\">Haz clic para compartir en Facebook (Se abre en una ventana nueva)<\/span><\/a><\/li><li class=\"share-jetpack-whatsapp\"><a rel=\"nofollow noopener noreferrer\" data-shared=\"\" class=\"share-jetpack-whatsapp sd-button share-icon no-text\" href=\"http:\/\/www.rtvnoticias.com.ar\/?p=21582&amp;share=jetpack-whatsapp\" target=\"_blank\" title=\"Haz clic para compartir en WhatsApp\"><span><\/span><span class=\"sharing-screen-reader-text\">Haz clic para compartir en WhatsApp (Se abre en una ventana nueva)<\/span><\/a><\/li><li class=\"share-telegram\"><a rel=\"nofollow noopener noreferrer\" data-shared=\"\" class=\"share-telegram sd-button share-icon no-text\" href=\"http:\/\/www.rtvnoticias.com.ar\/?p=21582&amp;share=telegram\" target=\"_blank\" title=\"Haz clic para compartir en Telegram\"><span><\/span><span class=\"sharing-screen-reader-text\">Haz clic para compartir en Telegram (Se abre en una ventana nueva)<\/span><\/a><\/li><li class=\"share-end\"><\/li><\/ul><\/div><\/div><\/div>","protected":false},"excerpt":{"rendered":"<p>El presidente Alberto Fern\u00e1ndez encabez\u00f3 esta ma\u00f1ana de forma virtual el acto por el D\u00eda de la Bandera, que se realiz\u00f3 en la ciudad de<\/p>\n<div class=\"sharedaddy sd-sharing-enabled\"><div class=\"robots-nocontent sd-block sd-social sd-social-icon sd-sharing\"><h3 class=\"sd-title\">Comparte esto:<\/h3><div class=\"sd-content\"><ul><li class=\"share-twitter\"><a rel=\"nofollow noopener noreferrer\" data-shared=\"sharing-twitter-21582\" class=\"share-twitter sd-button share-icon no-text\" href=\"http:\/\/www.rtvnoticias.com.ar\/?p=21582&amp;share=twitter\" target=\"_blank\" title=\"Haz clic para compartir en Twitter\"><span><\/span><span class=\"sharing-screen-reader-text\">Haz clic para compartir en Twitter (Se abre en una ventana nueva)<\/span><\/a><\/li><li class=\"share-facebook\"><a rel=\"nofollow noopener noreferrer\" data-shared=\"sharing-facebook-21582\" class=\"share-facebook sd-button share-icon no-text\" href=\"http:\/\/www.rtvnoticias.com.ar\/?p=21582&amp;share=facebook\" target=\"_blank\" title=\"Haz clic para compartir en Facebook\"><span><\/span><span class=\"sharing-screen-reader-text\">Haz clic para compartir en Facebook (Se abre en una ventana nueva)<\/span><\/a><\/li><li class=\"share-jetpack-whatsapp\"><a rel=\"nofollow noopener noreferrer\" data-shared=\"\" class=\"share-jetpack-whatsapp sd-button share-icon no-text\" href=\"http:\/\/www.rtvnoticias.com.ar\/?p=21582&amp;share=jetpack-whatsapp\" target=\"_blank\" title=\"Haz clic para compartir en WhatsApp\"><span><\/span><span class=\"sharing-screen-reader-text\">Haz clic para compartir en WhatsApp (Se abre en una ventana nueva)<\/span><\/a><\/li><li class=\"share-telegram\"><a rel=\"nofollow noopener noreferrer\" data-shared=\"\" class=\"share-telegram sd-button share-icon no-text\" href=\"http:\/\/www.rtvnoticias.com.ar\/?p=21582&amp;share=telegram\" target=\"_blank\" title=\"Haz clic para compartir en Telegram\"><span><\/span><span class=\"sharing-screen-reader-text\">Haz clic para compartir en Telegram (Se abre en una ventana nueva)<\/span><\/a><\/li><li class=\"share-end\"><\/li><\/ul><\/div><\/div><\/div>","protected":false},"author":7,"featured_media":21583,"comment_status":"closed","ping_status":"closed","sticky":false,"template":"","format":"standard","meta":{"spay_email":"","jetpack_publicize_message":"","jetpack_is_tweetstorm":false,"jetpack_publicize_feature_enabled":true},"categories":[5],"tags":[],"jetpack_featured_media_url":"http:\/\/www.rtvnoticias.com.ar\/wp-content\/uploads\/2020\/06\/6aafa943-3840-43cd-a258-b68b9461d870.jpg","jetpack_publicize_connections":[],"jetpack_sharing_enabled":true,"_links":{"self":[{"href":"http:\/\/www.rtvnoticias.com.ar\/index.php?rest_route=\/wp\/v2\/posts\/21582"}],"collection":[{"href":"http:\/\/www.rtvnoticias.com.ar\/index.php?rest_route=\/wp\/v2\/posts"}],"about":[{"href":"http:\/\/www.rtvnoticias.com.ar\/index.php?rest_route=\/wp\/v2\/types\/post"}],"author":[{"embeddable":true,"href":"http:\/\/www.rtvnoticias.com.ar\/index.php?rest_route=\/wp\/v2\/users\/7"}],"replies":[{"embeddable":true,"href":"http:\/\/www.rtvnoticias.com.ar\/index.php?rest_route=%2Fwp%2Fv2%2Fcomments&post=21582"}],"version-history":[{"count":1,"href":"http:\/\/www.rtvnoticias.com.ar\/index.php?rest_route=\/wp\/v2\/posts\/21582\/revisions"}],"predecessor-version":[{"id":21586,"href":"http:\/\/www.rtvnoticias.com.ar\/index.php?rest_route=\/wp\/v2\/posts\/21582\/revisions\/21586"}],"wp:featuredmedia":[{"embeddable":true,"href":"http:\/\/www.rtvnoticias.com.ar\/index.php?rest_route=\/wp\/v2\/media\/21583"}],"wp:attachment":[{"href":"http:\/\/www.rtvnoticias.com.ar\/index.php?rest_route=%2Fwp%2Fv2%2Fmedia&parent=21582"}],"wp:term":[{"taxonomy":"category","embeddable":true,"href":"http:\/\/www.rtvnoticias.com.ar\/index.php?rest_route=%2Fwp%2Fv2%2Fcategories&post=21582"},{"taxonomy":"post_tag","embeddable":true,"href":"http:\/\/www.rtvnoticias.com.ar\/index.php?rest_route=%2Fwp%2Fv2%2Ftags&post=21582"}],"curies":[{"name":"wp","href":"https:\/\/api.w.org\/{rel}","templated":true}]}}